{"id":10049,"date":"2021-02-07T19:49:34","date_gmt":"2021-02-07T19:49:34","guid":{"rendered":"https:\/\/theologie.whp.uzh.ch\/apps\/gpi\/?p=10049"},"modified":"2022-10-21T17:49:19","modified_gmt":"2022-10-21T15:49:19","slug":"schulgottesdienst","status":"publish","type":"post","link":"https:\/\/www.theologie.uzh.ch\/apps\/gpi\/schulgottesdienst\/","title":{"rendered":"Schulgottesdienst"},"content":{"rendered":"<div align=\"left\">\n<p>Liebe Kinder, liebe Eltern und Paten!<\/p>\n<p>Heute ist ein ganz wichtiger Tag f\u00fcr Euch, liebe Kinder, denn ab heute seid Ihr Sch\u00fcler und Sch\u00fclerinnen in der 1. Klasse der Grundschule hier in Fuhrberg. Das ist sicherlich aufregend f\u00fcr Euch und ich kann mich noch ganz gut an meine Einschulung erinnern. Das ist zwar schon auf den Tag genau 40 Jahre her, aber ich sehe das Bild noch genau vor mir: Wie meine Zwillingsschwester Karin und ich mit sehr gro\u00dfen Schult\u00fcten in der Hand und zusammen mit meiner Mutter zur Einschulung zur Grundschule gingen.<\/p>\n<p>Auf dem R\u00fccken hatten wir einen Ranzen, in dem sich eine Schiefertafel befand. Auf so einer Schiefertafel lernten wir das Schreiben. An der Seite aus meinem Ranzen schaute ein B\u00e4ndchen heraus und an diesem B\u00e4ndchen hing ein Schwamm und ein Lappen, die man zum Saubermachen der Schiefertafel gebrauchte. Das sah lustig aus, wenn dieser Lappen und der Schwamm im Wind hin- und herschaukelte.<\/p>\n<p>Die Schule, ach ja, das war erst mal eine Umstellung. Mein Schulweg war kurz und damals bekam unser Dorf seine erste befestigte Teerstra\u00dfe und ich h\u00f6re meinen Vater noch sagen: \u201eKarin un Enno, passt moi up, wenn ji \u00f6ver de neije Straat gaaht! (Karin und Enno, passt sch\u00f6n auf, wenn ihr \u00fcber die neue Stra\u00dfe geht).\u201c Und auch meine Mutter sagte das eigentlich jeden Tag zu uns.<\/p>\n<p>Es ist immer gut gegangen. Autos gab es l\u00e4ngst nicht so viele wie heute. Und die wenigen fuhren auch nicht so schnell wie die Autos heute. Und wo es nicht so viele Autos gibt, passieren auch nicht so viele Unf\u00e4lle. Es war eben eine andere Zeit. Und doch eines ist sicherlich wie heute: Eure Eltern machen sich sicherlich auch Gedanken um Euch, wenn ihr morgens aus dem Haus zur Schule geht. Das wird sicherlich noch mehr so sein, wenn jetzt bald die dunkle Jahreszeit kommt.<\/p>\n<p>Das ist ja auch ganz klar: Wenn Eltern ihre Kinder lieb haben, dann haben sie auch Angst um sie.<\/p>\n<p>Liebe Kinder, heute ist wirklich ein ganz wichtiger Tag. Denn heute werdet Ihr eingeschult und ein neuer Abschnitt beginnt. Aber keine Angst, das wird gut werden, denn Eure Lehrerinnen sind nett und werden Euch ganz lieb behandeln.<\/p>\n<p>Es gibt viel zu lernen: Schreiben, Rechnen, Lesen und sicherlich wird auch das Malen dazugeh\u00f6ren.<\/p>\n<p>Malen mochte ich immer sehr gerne: Diese vielen tollen Farben: rot und gr\u00fcn und blau und gelb. Und daran musste ich denken, als ich das Geschenk f\u00fcr Euch ausgesucht und gekauft habe. Ihr seht hier ein so genanntes Reflektionskreuz. Dieses Kreuz hat eine Oberfl\u00e4che, die, wenn Licht dagegen strahlt, im Dunkeln ganz hell leuchtet. Jeder, der so ein Kreuz hat und es nach au\u00dfen tr\u00e4gt, wird so von anderen Verkehrsteilnehmern ganz fr\u00fch und viel besser erkannt. Auf diesem Kreuz sieht man aber noch etwas anderes, n\u00e4mlich einen Regenbogen. Sicherlich kennt Ihr schon die Geschichte von Noah und seiner Arche, in der ganz viele Tiere und seine Verwandten waren. Mit dieser Arche war Noah vierzig Tage und vierzig N\u00e4chte unterwegs und konnte vor der Sinflut gerettet werden. Am Ende dieser Geschichte setzt Gott einen sch\u00f6nen gro\u00dfen Regenbogen an den Himmel und verspricht:<\/p>\n<p>\u201eNichts soll sich jetzt wieder zwischen mir und meinen Gesch\u00f6pfen begeben. Ich werde nicht aufh\u00f6ren, die Menschen und alle Tiere zu lieben und will auf sie achten, damit es allen Menschen gut geht.\u201c<\/p>\n<p>Damit sich alle Menschen immer mal wieder an die Liebe Gottes erinnern k\u00f6nnen, daf\u00fcr gibt es den Regenbogen. Und das gilt Euch, liebe Kinder: Heute an diesem ersten Tag wird Gott euch begleiten und mit Seiner Liebe bedenken.<\/p>\n<p>Und das gilt nicht nur f\u00fcr den ersten Tag in der Schule, sondern f\u00fcr jeden Tag.<\/p>\n<p>Dieses Kreuz m\u00f6ge Euch besch\u00fctzen und Euch stets daran erinnern, dass Gott Euch lieb hat.<\/p>\n<p>Amen.<\/p>\n<p>(Anschlie\u00dfend wird jedem Kind ein Kreuz mit einem Segenswort umgeh\u00e4ngt.)<\/p>\n<p><strong>Enno Junge<br \/>\nPastor in Fuhrberg<br \/>\nKurze Stra\u00dfe 1<br \/>\n30938 Burgwedel-Fuhrberg<br \/>\n<a href=\"mailto:enno@junge-net.com\">enno@junge-net.com<\/a> <\/strong><\/p>\n<\/div>\n","protected":false},"excerpt":{"rendered":"<p>Liebe Kinder, liebe Eltern und Paten! Heute ist ein ganz wichtiger Tag f\u00fcr Euch, liebe Kinder, denn ab heute seid Ihr Sch\u00fcler und Sch\u00fclerinnen in der 1. Klasse der Grundschule hier in Fuhrberg. Das ist sicherlich aufregend f\u00fcr Euch und ich kann mich noch ganz gut an meine Einschulung erinnern. Das ist zwar schon auf [&hellip;]<\/p>\n","protected":false},"author":1,"featured_media":8543,"comment_status":"closed","ping_status":"closed","sticky":false,"template":"","format":"standard","meta":{"footnotes":""},"categories":[1,727,114,349,109,1009],"tags":[],"beitragende":[],"predigtform":[],"predigtreihe":[],"bibelstelle":[],"class_list":["post-10049","post","type-post","status-publish","format-standard","has-post-thumbnail","hentry","category-aktuelle","category-archiv","category-deut","category-kasus","category-predigten","category-schulgottesdienst"],"_links":{"self":[{"href":"https:\/\/www.theologie.uzh.ch\/apps\/gpi\/wp-json\/wp\/v2\/posts\/10049","targetHints":{"allow":["GET"]}}],"collection":[{"href":"https:\/\/www.theologie.uzh.ch\/apps\/gpi\/wp-json\/wp\/v2\/posts"}],"about":[{"href":"https:\/\/www.theologie.uzh.ch\/apps\/gpi\/wp-json\/wp\/v2\/types\/post"}],"author":[{"embeddable":true,"href":"https:\/\/www.theologie.uzh.ch\/apps\/gpi\/wp-json\/wp\/v2\/users\/1"}],"replies":[{"embeddable":true,"href":"https:\/\/www.theologie.uzh.ch\/apps\/gpi\/wp-json\/wp\/v2\/comments?post=10049"}],"version-history":[{"count":1,"href":"https:\/\/www.theologie.uzh.ch\/apps\/gpi\/wp-json\/wp\/v2\/posts\/10049\/revisions"}],"predecessor-version":[{"id":14231,"href":"https:\/\/www.theologie.uzh.ch\/apps\/gpi\/wp-json\/wp\/v2\/posts\/10049\/revisions\/14231"}],"wp:featuredmedia":[{"embeddable":true,"href":"https:\/\/www.theologie.uzh.ch\/apps\/gpi\/wp-json\/wp\/v2\/media\/8543"}],"wp:attachment":[{"href":"https:\/\/www.theologie.uzh.ch\/apps\/gpi\/wp-json\/wp\/v2\/media?parent=10049"}],"wp:term":[{"taxonomy":"category","embeddable":true,"href":"https:\/\/www.theologie.uzh.ch\/apps\/gpi\/wp-json\/wp\/v2\/categories?post=10049"},{"taxonomy":"post_tag","embeddable":true,"href":"https:\/\/www.theologie.uzh.ch\/apps\/gpi\/wp-json\/wp\/v2\/tags?post=10049"},{"taxonomy":"beitragende","embeddable":true,"href":"https:\/\/www.theologie.uzh.ch\/apps\/gpi\/wp-json\/wp\/v2\/beitragende?post=10049"},{"taxonomy":"predigtform","embeddable":true,"href":"https:\/\/www.theologie.uzh.ch\/apps\/gpi\/wp-json\/wp\/v2\/predigtform?post=10049"},{"taxonomy":"predigtreihe","embeddable":true,"href":"https:\/\/www.theologie.uzh.ch\/apps\/gpi\/wp-json\/wp\/v2\/predigtreihe?post=10049"},{"taxonomy":"bibelstelle","embeddable":true,"href":"https:\/\/www.theologie.uzh.ch\/apps\/gpi\/wp-json\/wp\/v2\/bibelstelle?post=10049"}],"curies":[{"name":"wp","href":"https:\/\/api.w.org\/{rel}","templated":true}]}}