{"id":10065,"date":"2021-02-07T19:49:37","date_gmt":"2021-02-07T19:49:37","guid":{"rendered":"https:\/\/theologie.whp.uzh.ch\/apps\/gpi\/?p=10065"},"modified":"2022-10-06T10:35:18","modified_gmt":"2022-10-06T08:35:18","slug":"lucas-13-22-2430","status":"publish","type":"post","link":"https:\/\/www.theologie.uzh.ch\/apps\/gpi\/lucas-13-22-2430\/","title":{"rendered":"Lucas 13.22-24,30"},"content":{"rendered":"<div align=\"left\">\n<p>&nbsp;<\/p>\n<p>Lucas 13.22-24,30: <em>\u201cPassava Jesus por cidades e aldeias, ensinando, e caminhando para Jerusal\u00e9m. E algu\u00e9m lhe perguntou: Senhor, s\u00e3o poucos os que s\u00e3o salvos? Respondeu-lhes: Esfor\u00e7ai-vos por entrar pela porta estreita, pois eu vos digo que muitos procurar\u00e3o entrar e n\u00e3o poder\u00e3o&#8230; Contudo, h\u00e1 \u00faltimos que vir\u00e3o a ser primeiros, e primeiros que ser\u00e3o \u00faltimos.\u201d<\/em><\/p>\n<p>H\u00e1 portas de entrada e portas de sa\u00edda. H\u00e1 portas largas e portas estreitas. H\u00e1 portas que se abrem para alguns e portas que se fecham para outros.<\/p>\n<p>O evangelho deste domingo leva-nos a refletir sobre a porta, uma ilustra\u00e7\u00e3o usada por Jesus para lembrar a gra\u00e7a de Deus que est\u00e1 dispon\u00edvel a todos neste momento e a admoesta\u00e7\u00e3o para que todos nos esforcemos e nos apressemos a agarr\u00e1-la.<\/p>\n<p>Jesus \u00e9 a Porta. Nesta porta devemos fixar a nossa aten\u00e7\u00e3o, pois ela \u00e9<\/p>\n<p align=\"center\"><strong> A \u00fanica porta que guia-nos ao c\u00e9u <\/strong><\/p>\n<p><strong> I \u2013 Esta porta est\u00e1 aberta para todos. Portanto, regozijemo-nos e entremos! <\/strong><\/p>\n<p>Jesus diz que, quando a grande hora chegar, a porta ser\u00e1 fechada. Isto significa que, neste momento, ela ainda est\u00e1 aberta. Ou seja, vivemos o tempo da gra\u00e7a.<\/p>\n<p>Esta porta se abriu quando Jesus Cristo foi enviado a n\u00f3s como Salvador. Todos os seres humanos estavam perdidos em seus pecados, afastados da comunh\u00e3o com Deus, sem nenhuma perspectiva de vida. Jesus morreu na cruz, derramou o seu sangue como pagamento da d\u00edvida perante Deus e reconciliou a humanidade com o Pai Celestial, estendendo-lhe o convite: \u201cVinde a mim todos os que estais cansados e sobrecarregados e eu vos aliviarei\u201d (Mateus 11.28). No terceiro dia, Jesus ressuscitou. Desde ent\u00e3o tem anunciado: \u201cEu sou a ressurrei\u00e7\u00e3o e a vida. Quem cr\u00ea em mim, ainda que morra, viver\u00e1\u201d (Jo\u00e3o 11.25).<\/p>\n<p>A\u00ed est\u00e1 a porta de entrada para este reino feito especialmente para voc\u00ea e eu. \u00c9 a gra\u00e7a e o perd\u00e3o de Cristo conquistados atrav\u00e9s do sofrimento de Jesus na cruz pelos nossos pecados. Por isso ele \u00e9 a porta.<\/p>\n<p>Hoje Jesus est\u00e1 presente na prega\u00e7\u00e3o da sua palavra, como uma porta aberta, a receber-nos para o favor de Deus e assim conduzir-nos \u00e0 bem-aventuran\u00e7a eterna. Por isso devemos fazer uso da gra\u00e7a que temos agora, entrar pela porta antes que seja fechada, e viver a plena comunh\u00e3o com Deus, com confian\u00e7a e alegria. Que indescrit\u00edvel gra\u00e7a de Deus pobres pecadores perdidos terem a porta aberta para receb\u00ea-los!<\/p>\n<p><strong>II \u2013 Esta porta \u00e9 estreita. Portanto, esforcemo-nos! <\/strong><\/p>\n<p>Mas precisamos observar esta porta mais de perto. Esta porta \u00e9 estreita e, por isso, Jesus admoesta que nos esforcemos para entrar por ela. Ela precisa ser estreita pois h\u00e1 muitas coisas que n\u00e3o podem passar por ela. Voc\u00ea e eu n\u00e3o podemos entrar com os nossos pecados por esta porta, pois eles desonrariam o reino de Deus. As obras orgulhosas que os homens praticam para obter a pr\u00f3pria salva\u00e7\u00e3o n\u00e3o podem passar pela porta \u2013 \u00e9 estreita demais para elas. Elas nada seriam sen\u00e3o um monte de lixo e coisas imundas na maravilhosa casa do reino.<\/p>\n<p>As desculpas para uma vida negligente, o amor pelo dinheiro e pelos prazeres do mundo, o desejo de agradar o mundo e as coisas que nele h\u00e1, a m\u00e1 vontade em abandonar os pecados secretos \u2013 nenhuma destas coisas passariam pela porta da gra\u00e7a. Elas ultrajariam a Deus. Por estas e tantas outras raz\u00f5es, a porta \u00e9 estreita. Deus quer que assim seja.<\/p>\n<p>H\u00e1, por\u00e9m, muitas pessoas que passam ao largo desta porta. Desprezam-na. Eles acreditam poderem encontrar uma mais larga, mais espa\u00e7osa. At\u00e9 h\u00e1 aqueles que anunciam uma porta mais larga. E, na verdade, h\u00e1 portas mais largas. Apenas o destino \u00e9 diferente. Jesus diz: \u201cLarga \u00e9 a porta e espa\u00e7oso o caminho que leva \u00e0 perdi\u00e7\u00e3o e s\u00e3o muitos os que entram por ela\u201d (Mateus 7.13). N\u00e3o se deixe enganar por aqueles que desprezam a porta estreita da gra\u00e7a de Deus em Jesus Cristo. Apenas esta porta pode salvar-nos. Por isso, esforce-se em entrar por ela.<\/p>\n<p>O que quer Jesus dizer quando ordena: \u201cEsfor\u00e7ai-vos&#8230;\u201d? Ele tem dito isto repetidas vezes, tanto da sua boca como atrav\u00e9s dos profetas e dos ap\u00f3stolos. Esfor\u00e7ar-se significa arrepender-se. Esfor\u00e7ar-se significa lamentar os pecados e confiar em Jesus. Aquele que cr\u00ea ser\u00e1 salvo. Por isso \u00e9 salutar lembrar que esfor\u00e7ar-se n\u00e3o significa esfor\u00e7ar-se com as suas pr\u00f3prias for\u00e7as, mas, como Jesus diz neste texto, ele mesmo, com a sua Palavra, seu poder, sua gra\u00e7a e sua ajuda, capacita-nos a este esfor\u00e7o. Nenhum homem pode dizer que n\u00e3o pode arrepender-se quando Jesus mostra-lhe os seus pecados. Nenhum homem pode dizer que n\u00e3o pode crer quando Jesus estende a m\u00e3o para gui\u00e1-lo \u00e0 f\u00e9.<\/p>\n<p>Esta \u00e9 a gra\u00e7a concedida a n\u00f3s nesta porta aberta pela qual, pelo poder de Cristo, n\u00f3s podemos entrar. Nossa carne, nossa natureza pecaminosa, nosso h\u00e1bito de indiferen\u00e7a e neglig\u00eancia, nossa amizade com o mundo \u2013 estas s\u00e3o barreiras diante da porta. Contra isto, Jesus chama-nos para nos esfor\u00e7armos, capacitando-nos pelo seu poder.<\/p>\n<p>Gra\u00e7as a Deus por toda esta gra\u00e7a! Ao inv\u00e9s de Deus abandonar-nos \u00e0 nossa pr\u00f3pria sorte, ele p\u00f5e diante de n\u00f3s uma porta aberta e a capacidade para entrar.<\/p>\n<p>Milhares de pessoas j\u00e1 entraram por esta porta. Jesus aponta para os patriarcas do Antigo Testamento e para os profetas. Eles eram pecadores como voc\u00ea e eu. Eles arrependeram-se quando a porta aberta veio at\u00e9 eles, continuaram em arrependimento e conquistaram a eterna gl\u00f3ria.<\/p>\n<p><strong> III \u2013 Esta porta ser\u00e1 fechada. Portanto, apressemo-nos! <\/strong><\/p>\n<p>Jesus diz que a gra\u00e7a da porta aberta ser\u00e1 fechada um dia. Isto acontecer\u00e1 por ocasi\u00e3o do julgamento que est\u00e1 por vir. Somos, por isso, chamados a entrar agora, pois haver\u00e1 um dia em que ser\u00e1 tarde demais.<\/p>\n<p>Naquele dia muitas coisas ter\u00e3o uma vis\u00e3o diferente daquela que milhares de pessoas t\u00eam hoje. C\u00e9u? Arrependimento? Isto parecia t\u00e3o sem atrativos! Deixar de lado pecados que tanto amamos? Crucificar a carne e seus desejos? Tomar a cruz para seguir a Jesus? Muitas pessoas pensam que ser\u00e3o capazes de alcan\u00e7ar o c\u00e9u sem tudo isto.<\/p>\n<p>Naquele dia tudo ser\u00e1 diferente! Que fazer quando a vida aqui na terra tiver desaparecido como vapor? Quando o mundo com todos os seus desejos tiver desaparecido como uma ilus\u00e3o? Quando as \u00fanicas realidades deixadas ser\u00e3o o brilho do c\u00e9u, o abismo do inferno, e a pobre alma desamparada diante do ju\u00edzo eterno a receber a sua senten\u00e7a final? Ali, ent\u00e3o, a porta da gra\u00e7a estar\u00e1 fechada \u2013 fechada para sempre.<\/p>\n<p>Uma vez que a porta est\u00e1 fechada, ningu\u00e9m mais poder\u00e1 entrar. Quando Cristo a fecha, o julgamento come\u00e7a. Aqueles que aproveitaram a porta aberta e entraram estar\u00e3o com Jesus para sempre. Eles comer\u00e3o do fruto da \u00e1rvore da vida e beber\u00e3o das fontes de eterna alegria. Os demais estar\u00e3o fora. Entre os dois grupos haver\u00e1 uma porta fechada.<\/p>\n<p>Precisamos, por fim, estar tamb\u00e9m atentos \u00e0s palavras finais de Jesus: \u201cEis que h\u00e1 derradeiros que ser\u00e3o os primeiros; e primeiros h\u00e1 que ser\u00e3o os derradeiros\u201d (v.30).<\/p>\n<p>Gra\u00e7as a Deus, h\u00e1 \u00faltimos que ser\u00e3o primeiros. Trata-se daquelas milhares de almas que habitavam na escurid\u00e3o do pecado e que, pela gra\u00e7a de Deus, foram trazidas para a luz, e foram salvas. Que gloriosa tarefa podemos ter ao anunciarmos o evangelho para tornar muitos \u00faltimos em primeiros. Que aben\u00e7oada tarefa podermos trazer muitos que est\u00e3o longe para habitarem com Abra\u00e3o, Isaque e Jac\u00f3 no reino de Deus, na grande festa da alegria. Alguns destes perdidos est\u00e3o em nossas cidades, escravos do pecado e dos v\u00edcios, vivendo vidas depravadas e errantes. Que aben\u00e7oada tarefa alcan\u00e7\u00e1-los com o Evangelho, de modo que, sendo \u00faltimos, tornem-se primeiros.<\/p>\n<p>Mas \u00e9 preciso pensarmos tamb\u00e9m em n\u00f3s pr\u00f3prios. Voc\u00ea e eu, filhos de Deus pela f\u00e9 em Cristo, pertencemos \u00e0queles que foram chamados primeiros. Seja atrav\u00e9s da educa\u00e7\u00e3o crist\u00e3 na nossa inf\u00e2ncia, seja pelo ouvir da Palavra e pelo Sacramento da Santa Ceia, n\u00f3s conhecemos a porta da salva\u00e7\u00e3o em Cristo Jesus. Sim, n\u00f3s somos os primeiros.<\/p>\n<p>As palavras de Jesus, \u201cOs primeiros ser\u00e3o os \u00faltimos\u201d, lembram-nos ainda uma \u00faltima coisa. Ter a gra\u00e7a de Deus t\u00e3o perto constantemente pode fazer-nos pensar que isto j\u00e1 \u00e9 o suficiente. Ter todas estas riquezas de salva\u00e7\u00e3o diante de n\u00f3s pode fazer-nos sentir que isto j\u00e1 nos torna ricos. Na verdade, \u00e9 preciso entrar diariamente pela porta que ser\u00e1 fechada brevemente. Arrepender-se diariamente. Atender ao convite de Jesus diariamente.<\/p>\n<p>Aben\u00e7oados s\u00e3o aqueles que entram enquanto a porta est\u00e1 aberta em gra\u00e7a. Que Deus nos mantenha nesta gra\u00e7a. Am\u00e9m.<\/p>\n<p><strong> Rev. Jonas Roberto Flor<br \/>\nIgreja Evang\u00e9lica Luterana Portuguesa<br \/>\nPorto, Portugal<br \/>\n<a href=\"mailto:jonas.flor@clix.pt\"> jonas.flor@clix.pt<\/a> <\/strong><\/p>\n<p align=\"left\">\n<\/div>\n","protected":false},"excerpt":{"rendered":"<p>&nbsp; Lucas 13.22-24,30: \u201cPassava Jesus por cidades e aldeias, ensinando, e caminhando para Jerusal\u00e9m. E algu\u00e9m lhe perguntou: Senhor, s\u00e3o poucos os que s\u00e3o salvos? Respondeu-lhes: Esfor\u00e7ai-vos por entrar pela porta estreita, pois eu vos digo que muitos procurar\u00e3o entrar e n\u00e3o poder\u00e3o&#8230; Contudo, h\u00e1 \u00faltimos que vir\u00e3o a ser primeiros, e primeiros que ser\u00e3o [&hellip;]<\/p>\n","protected":false},"author":1,"featured_media":8543,"comment_status":"closed","ping_status":"closed","sticky":false,"template":"","format":"standard","meta":{"footnotes":""},"categories":[38,727,108,863,3,112,109],"tags":[],"beitragende":[],"predigtform":[],"predigtreihe":[],"bibelstelle":[],"class_list":["post-10065","post","type-post","status-publish","format-standard","has-post-thumbnail","hentry","category-lukas","category-archiv","category-current","category-kapitel-13-chapter-13-lukas","category-nt","category-port","category-predigten"],"_links":{"self":[{"href":"https:\/\/www.theologie.uzh.ch\/apps\/gpi\/wp-json\/wp\/v2\/posts\/10065","targetHints":{"allow":["GET"]}}],"collection":[{"href":"https:\/\/www.theologie.uzh.ch\/apps\/gpi\/wp-json\/wp\/v2\/posts"}],"about":[{"href":"https:\/\/www.theologie.uzh.ch\/apps\/gpi\/wp-json\/wp\/v2\/types\/post"}],"author":[{"embeddable":true,"href":"https:\/\/www.theologie.uzh.ch\/apps\/gpi\/wp-json\/wp\/v2\/users\/1"}],"replies":[{"embeddable":true,"href":"https:\/\/www.theologie.uzh.ch\/apps\/gpi\/wp-json\/wp\/v2\/comments?post=10065"}],"version-history":[{"count":1,"href":"https:\/\/www.theologie.uzh.ch\/apps\/gpi\/wp-json\/wp\/v2\/posts\/10065\/revisions"}],"predecessor-version":[{"id":14053,"href":"https:\/\/www.theologie.uzh.ch\/apps\/gpi\/wp-json\/wp\/v2\/posts\/10065\/revisions\/14053"}],"wp:featuredmedia":[{"embeddable":true,"href":"https:\/\/www.theologie.uzh.ch\/apps\/gpi\/wp-json\/wp\/v2\/media\/8543"}],"wp:attachment":[{"href":"https:\/\/www.theologie.uzh.ch\/apps\/gpi\/wp-json\/wp\/v2\/media?parent=10065"}],"wp:term":[{"taxonomy":"category","embeddable":true,"href":"https:\/\/www.theologie.uzh.ch\/apps\/gpi\/wp-json\/wp\/v2\/categories?post=10065"},{"taxonomy":"post_tag","embeddable":true,"href":"https:\/\/www.theologie.uzh.ch\/apps\/gpi\/wp-json\/wp\/v2\/tags?post=10065"},{"taxonomy":"beitragende","embeddable":true,"href":"https:\/\/www.theologie.uzh.ch\/apps\/gpi\/wp-json\/wp\/v2\/beitragende?post=10065"},{"taxonomy":"predigtform","embeddable":true,"href":"https:\/\/www.theologie.uzh.ch\/apps\/gpi\/wp-json\/wp\/v2\/predigtform?post=10065"},{"taxonomy":"predigtreihe","embeddable":true,"href":"https:\/\/www.theologie.uzh.ch\/apps\/gpi\/wp-json\/wp\/v2\/predigtreihe?post=10065"},{"taxonomy":"bibelstelle","embeddable":true,"href":"https:\/\/www.theologie.uzh.ch\/apps\/gpi\/wp-json\/wp\/v2\/bibelstelle?post=10065"}],"curies":[{"name":"wp","href":"https:\/\/api.w.org\/{rel}","templated":true}]}}