{"id":10218,"date":"2004-12-07T19:49:25","date_gmt":"2004-12-07T18:49:25","guid":{"rendered":"https:\/\/theologie.whp.uzh.ch\/apps\/gpi\/?p=10218"},"modified":"2025-05-12T11:43:52","modified_gmt":"2025-05-12T09:43:52","slug":"mateus-112-6","status":"publish","type":"post","link":"https:\/\/www.theologie.uzh.ch\/apps\/gpi\/mateus-112-6\/","title":{"rendered":"Mateus 11:2-6"},"content":{"rendered":"<div align=\"left\">\n<div>\n<h3>Terceiro Domingo no Advento | 12 de dezembro de 2004 | Mateus 11:2\u201311 | Gerson Luis Linden |<\/h3>\n<p>\u201cQuando Jo\u00e3o ouviu, no c\u00e1rcere, falar das obras de Cristo, mandou por seus disc\u00edpulos perguntar-lhe: \u00c9s tu aquele que estava para vir ou havemos de esperar outro? E Jesus, respondendo, disse-lhes: Ide e anunciai a Jo\u00e3o o que estais ouvindo e vendo: os cegos v\u00eaem, os coxos andam, os leprosos s\u00e3o purificados, os surdos ouvem, os mortos s\u00e3o ressuscitados, e aos pobres est\u00e1 sendo pregado o evangelho. E bem-aventurado \u00e9 aquele que n\u00e3o achar em mim motivo de trope\u00e7o. Ent\u00e3o, em partindo eles, passou Jesus a dizer ao povo a respeito de Jo\u00e3o: Que sa\u00edstes a ver no deserto? Um cani\u00e7o agitado pelo vento? Sim, que sa\u00edstes a ver? Um homem vestido de roupas finas? Ora, os que vestem roupas finas assistem nos pal\u00e1cios reais. Mas para que sa\u00edstes? Para ver um profeta? Sim, eu vos digo, e muito mais que profeta. Este \u00e9 de quem est\u00e1 escrito: Eis a\u00ed eu envio diante da tua face o meu mensageiro, o qual preparar\u00e1 o teu caminho diante de ti. Em verdade vos digo: entre os nascidos de mulher, ningu\u00e9m apareceu maior do que Jo\u00e3o Batista; mas o menor no reino dos c\u00e9us \u00e9 maior do que ele.\u201d (Almeida Revista e Atualizada)<\/p>\n<p>Quem \u00e9 o grande personagem do Advento? No \u00faltimo Domingo, reportagens feitas em diversos lugares do Brasil mostravam a chegada do personagem muito esperado, o personagem do Natal: Papai Noel! O assim chamado \u201cbom velhinho\u201d \u00e9, sem d\u00favida, figura bastante popular. Afinal, quem n\u00e3o quer ter perto de si um velhinho com face bondosa, com prontid\u00e3o de receber a cada um, especialmente as crian\u00e7as, e ter uma palavra amiga a dizer sempre. Na sua face n\u00e3o se v\u00ea contrariedade; nas suas palavras, nenhuma repreens\u00e3o; de sua bagagem, s\u00f3 saem presentes; sua roupa bonita (apesar de n\u00e3o combinar com o clima de ver\u00e3o!) aponta para uma presen\u00e7a marcante.<\/p>\n<p>Que contraste com aquele outro personagem do Advento: Jo\u00e3o Batista! Personagem importante nesta \u00e9poca do ano, se n\u00e3o para a expectativa popular, mas do ponto de vista da proclama\u00e7\u00e3o crist\u00e3. Diversas das leituras b\u00edblicas neste per\u00edodo reportam-se \u00e0 chegada de Jo\u00e3o, sua mensagem audaciosa, ousada, mas profundamente comprometida com o reino de Deus, cuja chegada ele veio anunciar. N\u00e3o veio com roupas finas, vivendo em um pal\u00e1cio. Sua apar\u00eancia, na verdade, parecia contrariar qualquer expectativa de que ali estivesse algu\u00e9m digno de respeito. Suas palavras trouxeram desconforto a muita gente, Herodes que o diga! Mas \u00e9 o pr\u00f3prio Senhor Jesus que dele afirma: \u201centre os nascidos de mulher, ningu\u00e9m apareceu maior do que Jo\u00e3o Batista.\u201d Sim, Jo\u00e3o Batista \u00e9, ao menos para os crist\u00e3os, um personagem que melhor caracteriza o per\u00edodo de Advento, tempo de expectativa, de esperan\u00e7a, pela vinda do reino de Deus sobre n\u00f3s.<\/p>\n<p>E eis que temos o nosso personagem mais uma vez no texto b\u00edblico. Mateus cap\u00edtulo onze menciona seu nome seis vezes. O pr\u00f3prio Jesus o exalta. No entanto, a cena lembra tudo, menos gl\u00f3ria. O grande profeta do Advento est\u00e1 na pris\u00e3o, gra\u00e7as aos caprichos de um rei prepotente. Ele envia mensageiros a Jesus, com uma pergunta no m\u00ednimo muito estranha: \u201c\u00c9s tu aquele que estava para vir, ou havemos de esperar outro?\u201d Bem que h\u00e1 tentativas de livrar Jo\u00e3o do veredito da d\u00favida. H\u00e1 quem sugira que a pergunta visava trazer fortalecimento aos disc\u00edpulos, os pr\u00f3prios mensageiros. E que Jo\u00e3o, mesmo naquela situa\u00e7\u00e3o angustiante da pris\u00e3o, continuava firme na f\u00e9 no Messias, que ele havia batizado tempos antes.<\/p>\n<p>Sem entrar na discuss\u00e3o se Jo\u00e3o Batista, na pris\u00e3o, estava realmente em d\u00favida sobre Jesus &#8211; o que parece realmente ser o caso &#8211; vale a pena lembrar que Jo\u00e3o \u00e9 um homem, um crente sim, um enviado por Deus; mas \u00e9 um homem! Pela f\u00e9 e com o chamado de Deus, ele \u00e9 corajoso, convicto, faz a diferen\u00e7a pela maneira contundente pela qual manifesta o reino de Deus. Mas \u00e9 um homem! N\u00e3o est\u00e1 livre do pecado, da d\u00favida, da fraqueza. Mas, como diria Paulo, \u00e9 na fraqueza humana que se manifesta o poder de Deus; \u00e9 bem nestes momentos que se comprova que a gra\u00e7a de Deus \u00e9 o que basta, e n\u00e3o o poder humano. Mas, novamente, sem querer examinar o caso espec\u00edfico da situa\u00e7\u00e3o espiritual de Jo\u00e3o, o fato \u00e9 que ele se dirige, por mensageiros, a Jesus! Ah! Este \u00e9 verdadeiramente o grande personagem do Advento! E isso fica demonstrado neste texto.<\/p>\n<p>Nas palavras de Jesus aos mensageiros h\u00e1 uma mensagem do mais doce e profundo consolo e fortalecimento. Digam ao Jo\u00e3o o que voc\u00eas est\u00e3o vendo e ouvindo, diz Jesus: \u201cOs cegos v\u00eaem, os coxos andam, os leprosos s\u00e3o purificados, os surdos ouvem, os mortos s\u00e3o ressuscitados, e aos pobres est\u00e1 sendo pregado o evangelho.\u201d Estas palavras de Jesus nos remetem ao texto do Antigo Testamento deste terceiro domingo no Advento: Isa\u00edas cap\u00edtulo 35. H\u00e1 tantas semelhan\u00e7as entre as duas situa\u00e7\u00f5es. Num dado momento, o profeta anuncia: \u201cFortalecei as m\u00e3os frouxas e firmai os joelhos vacilantes\u201d (Is 35.3). Era este o caso de Jo\u00e3o? \u00c9 poss\u00edvel! Mas o certo \u00e9 que este \u00e9 o nosso caso, o caso de cada filho de Deus neste mundo que, entregue a si mesmo, \u00e0s suas d\u00favidas e questionamentos, enfraquece e vacila.<\/p>\n<p>Isa\u00edas vem mostrar que para o povo vacilante Deus n\u00e3o envia ju\u00edzo, mas: \u201cDizei aos desalentados de cora\u00e7\u00e3o: Sede fortes, n\u00e3o temais. Eis o vosso Deus. A vingan\u00e7a vem, a retribui\u00e7\u00e3o de Deus; ele vem e vos salvar\u00e1.\u201d (Is 35.4) Eis o vosso Deus! Esta \u00e9 a mensagem! O Advento nos vem mostrar que Deus vem! N\u00e3o, isto n\u00e3o ocorre apenas l\u00e1 no fim de todas as coisas, no ju\u00edzo final! Isso acontece na vinda do Rei Jesus. O ju\u00edzo que ele traz \u00e9 o ju\u00edzo de Deus sobre Ele mesmo, como substituto da humanidade pecadora. O resultado que ele concede \u00e9 perd\u00e3o dos pecados, reconcilia\u00e7\u00e3o com Deus, paz, esperan\u00e7a, vida.<\/p>\n<p>Quem \u00e9 o grande personagem do Advento? N\u00e3o h\u00e1 d\u00favida: \u00c9 Jesus, o rei que vem para trazer salva\u00e7\u00e3o. O rei que vem, de forma carinhosa, dizer aos desalentados de cora\u00e7\u00e3o: \u201cSede fortes, n\u00e3o temais. Eis o vosso Deus &#8230; ele vem e vos salvar\u00e1.\u201d E \u00e9 isto que faz deste per\u00edodo um tempo t\u00e3o belo, t\u00e3o consolador. O nosso Deus veio. Ele continua vindo a n\u00f3s, na doce palavra do evangelho. Assim nos permite viver na alegre expectativa, pr\u00f3pria deste tempo santo de Advento, a expectativa da vinda definitiva do reino. E enquanto a aguardamos, temos diante de n\u00f3s o tempo da oportunidade, o tempo para viver e agir, em nome do Rei. Seja este per\u00edodo um tempo de buscar ref\u00fagio no Rei que vem e dele obter for\u00e7as para a caminhada. Am\u00e9m.<\/p>\n<hr \/>\n<p class=\"Stil4\">Gerson Luis Linden<br \/>\nIgreja Evang\u00e9lica Luterana do Brasil<br \/>\nS\u00e3o Leopoldo, RS<br \/>\n<a href=\"mailto:linden@ulbranet.com.br\">linden@ulbranet.com.br<\/a><\/p>\n<\/div>\n<\/div>\n","protected":false},"excerpt":{"rendered":"<p>Terceiro Domingo no Advento | 12 de dezembro de 2004 | Mateus 11:2\u201311 | Gerson Luis Linden | \u201cQuando Jo\u00e3o ouviu, no c\u00e1rcere, falar das obras de Cristo, mandou por seus disc\u00edpulos perguntar-lhe: \u00c9s tu aquele que estava para vir ou havemos de esperar outro? E Jesus, respondendo, disse-lhes: Ide e anunciai a Jo\u00e3o o [&hellip;]<\/p>\n","protected":false},"author":1,"featured_media":8543,"comment_status":"closed","ping_status":"closed","sticky":false,"template":"","format":"standard","meta":{"footnotes":""},"categories":[36,616,727,157,853,108,1731,408,349,3,112,109],"tags":[],"beitragende":[],"predigtform":[],"predigtreihe":[],"bibelstelle":[],"class_list":["post-10218","post","type-post","status-publish","format-standard","has-post-thumbnail","hentry","category-matthaeus","category-3-advent","category-archiv","category-beitragende","category-bibel","category-current","category-gerson-luis-linden","category-kapitel-11-chapter-11-matthaeus","category-kasus","category-nt","category-port","category-predigten"],"_links":{"self":[{"href":"https:\/\/www.theologie.uzh.ch\/apps\/gpi\/wp-json\/wp\/v2\/posts\/10218","targetHints":{"allow":["GET"]}}],"collection":[{"href":"https:\/\/www.theologie.uzh.ch\/apps\/gpi\/wp-json\/wp\/v2\/posts"}],"about":[{"href":"https:\/\/www.theologie.uzh.ch\/apps\/gpi\/wp-json\/wp\/v2\/types\/post"}],"author":[{"embeddable":true,"href":"https:\/\/www.theologie.uzh.ch\/apps\/gpi\/wp-json\/wp\/v2\/users\/1"}],"replies":[{"embeddable":true,"href":"https:\/\/www.theologie.uzh.ch\/apps\/gpi\/wp-json\/wp\/v2\/comments?post=10218"}],"version-history":[{"count":3,"href":"https:\/\/www.theologie.uzh.ch\/apps\/gpi\/wp-json\/wp\/v2\/posts\/10218\/revisions"}],"predecessor-version":[{"id":23952,"href":"https:\/\/www.theologie.uzh.ch\/apps\/gpi\/wp-json\/wp\/v2\/posts\/10218\/revisions\/23952"}],"wp:featuredmedia":[{"embeddable":true,"href":"https:\/\/www.theologie.uzh.ch\/apps\/gpi\/wp-json\/wp\/v2\/media\/8543"}],"wp:attachment":[{"href":"https:\/\/www.theologie.uzh.ch\/apps\/gpi\/wp-json\/wp\/v2\/media?parent=10218"}],"wp:term":[{"taxonomy":"category","embeddable":true,"href":"https:\/\/www.theologie.uzh.ch\/apps\/gpi\/wp-json\/wp\/v2\/categories?post=10218"},{"taxonomy":"post_tag","embeddable":true,"href":"https:\/\/www.theologie.uzh.ch\/apps\/gpi\/wp-json\/wp\/v2\/tags?post=10218"},{"taxonomy":"beitragende","embeddable":true,"href":"https:\/\/www.theologie.uzh.ch\/apps\/gpi\/wp-json\/wp\/v2\/beitragende?post=10218"},{"taxonomy":"predigtform","embeddable":true,"href":"https:\/\/www.theologie.uzh.ch\/apps\/gpi\/wp-json\/wp\/v2\/predigtform?post=10218"},{"taxonomy":"predigtreihe","embeddable":true,"href":"https:\/\/www.theologie.uzh.ch\/apps\/gpi\/wp-json\/wp\/v2\/predigtreihe?post=10218"},{"taxonomy":"bibelstelle","embeddable":true,"href":"https:\/\/www.theologie.uzh.ch\/apps\/gpi\/wp-json\/wp\/v2\/bibelstelle?post=10218"}],"curies":[{"name":"wp","href":"https:\/\/api.w.org\/{rel}","templated":true}]}}