{"id":10369,"date":"2005-02-07T19:49:15","date_gmt":"2005-02-07T18:49:15","guid":{"rendered":"https:\/\/theologie.whp.uzh.ch\/apps\/gpi\/?p=10369"},"modified":"2025-05-15T07:57:50","modified_gmt":"2025-05-15T05:57:50","slug":"salmo-25-15","status":"publish","type":"post","link":"https:\/\/www.theologie.uzh.ch\/apps\/gpi\/salmo-25-15\/","title":{"rendered":"SALMO 25: 15"},"content":{"rendered":"<div align=\"left\">\n<h3 style=\"text-align: left;\" align=\"center\">Salmos del Tiempo de Cuaresma | OCULI: 3\u00ba DE CUARESMA | 27 DE FEBRERO DE 2005 | SALMO 25:15 | Ricardo A. Becker |<\/h3>\n<p align=\"center\"><em>\u201csiempre dirijo mis ojos hacia el Se\u00f1or,<br \/>\nporque el me libre de todo peligro\u201d. <\/em><\/p>\n<p align=\"center\">\u201cMirar con los ojos de Dios\u201d<\/p>\n<p>En este tercer domingo de Cuaresma estamos invitados reflexionar sobre las cosas que miramos, hacia donde dirigimos nuestros ojos.<br \/>\nNuestra realidad, nuestro mundo gira en torno a lo que se ve, las cosas \u201centran por los ojos\u201d.<br \/>\nPor aquello que vemos y nos agrada somos capaces de sacrificarnos, de poner todo nuestro esfuerzo, nuestra capacidad, nuestro tiempo, el fruto de nuestro trabajo.<br \/>\nMiramos todos los d\u00edas y todo el d\u00eda. Se nos presentan cosas en la calle con \u201chermosos\u201d carteles indicando los productos que m\u00e1s nos convienen; vemos la televisi\u00f3n y se nos recomienda \u201clo que es mejor para nuestra vida\u201d (que productos comer, que ropa vestir, a donde ir, como organizar nuestro tiempo libre, que seguro M\u00e9dico elegir, en que invertir para nuestro futuro, como preparar nuestro hogar\u2026); de esa manera vivimos con el sue\u00f1o de encontrar el bienestar para nosotros y nuestras familias.<br \/>\nMirando se nos da un paradigma de c\u00f3mo vivir y qu\u00e9 hacer para alcanzar la tan a\u00f1orada felicidad y plenitud de la vida. Todo pasa por las cosas que vemos. Algunos podr\u00e1n \u201csatisfacerse accediendo a lo que ven, otros tendr\u00e1n que quedar mirando y so\u00f1ando, como solemos decir \u201calimentando los ojos\u201d.<\/p>\n<p>En el salmo propuesto para este domingo, el tema central es el ver. Puedo encontrar detr\u00e1s de las palabras del Salmo 25 a una persona, que por un lado, est\u00e1 cansada de \u201cver\u201d muchas cosas: cansada de ver su realidad y la de otros, cansada de ver injusticias, cansada de ver distintas \u201cpropuestas de vida\u201d, cansada de ver lo superfluo y lo que no llena mas que los ojos, cansada de ver y buscar en s\u00ed mismo para salir adelante y resolver todas las cosas, cansada de haber intentado mucho por s\u00ed solo y obtener como resultado el fracaso, cansada de ver redes, trampas, peligro para la vida por todos lados\u2026<br \/>\nPor otro lado puedo ver a alguien que busca ser sincero. Ser sincero consigo mismo, con sus semejantes y con su creador. Veo a alguien que se mira a s\u00ed mismo y que mira a su alrededor. Veo alguien que en esa mirada toma conciencia de su realidad, que toma conciencia de su vida. Y, en esa toma de conciencia se redescubre como criatura de Dios, redescubre su lugar en medio de la vida, redescubre su dignidad de ser \u201ccriatura del creador\u201d y no alguien omnipotente y todopoderoso. Puedo ver a alguien que toma conciencia de sus limitaciones y de su libertad.<\/p>\n<p>El Salmo 25 es una invitaci\u00f3n para que juntos con su autor nosotros podamos caminar el camino de la cuaresma, levantar nuestros ojos hacia Dios y dejar que el nos ilumine para que podamos con total sinceridad mirarnos y mirar el mundo que nos rodea. Es una invitaci\u00f3n a observar lo que \u00e9l ha hecho y lo que sigue haciendo hoy.<\/p>\n<p>En esta \u00e9poca recordamos que Dios nos ha mirado primero, y, que cuando nosotros ya no lo mir\u00e1bamos m\u00e1s, el vuelve su mirada hacia nosotros. Y no solo mira sino que se involucra con nosotros. No queda mirando pasivamente, sino que nos mira con su mirada transformadora. Es esa mirada que lo lleva a enviarnos a su hijo, es esa mirada que lleva a Jes\u00fas a amar de tal manera que acept\u00f3 el camino de la cruz, no el camino del alarde y de la grandeza.<br \/>\nCon la mirada de Dios en y a trav\u00e9s de Jesucristo se nos muestra un camino a seguir. El camino del compromiso, del amor, de la humildad, de la sinceridad, de la solidaridad. Ese camino que Jes\u00fas camin\u00f3, observando atentamente y mostrando un estilo de vida nueva: el estilo del Reino de Dios.<\/p>\n<p>Somos invitados y llamados a mirar al Se\u00f1or. A mirar las maravillas que \u00e9l ha hecho, a mirar su estilo y comprometernos con \u00e9l, a mirar involucr\u00e1ndonos con \u00e9l, lo que significa involucrarnos con nuestros hermanos y hermanas. Llevar una luz de esperanza hacia aquellos que son marginados y rechazados en nuestra sociedad, a aquellos que no se les permite ver otra cosa de la que el mundo quiere que vean.<\/p>\n<hr \/>\n<p class=\"Stil5\"><strong>Ricardo A. Becker<\/strong><br \/>\n<strong><a href=\"mailto:congrasu@higwahy.com.py\">congrasu@higwahy.com.py<\/a><\/strong><br \/>\n<strong>Te. 00595 21 202 996<\/strong><br \/>\n<strong>00595 971 424 807<\/strong><br \/>\n<strong>Asunci\u00f3n \u2013 Paraguay.<\/strong><\/p>\n<\/div>\n","protected":false},"excerpt":{"rendered":"<p>Salmos del Tiempo de Cuaresma | OCULI: 3\u00ba DE CUARESMA | 27 DE FEBRERO DE 2005 | SALMO 25:15 | Ricardo A. Becker | \u201csiempre dirijo mis ojos hacia el Se\u00f1or, porque el me libre de todo peligro\u201d. \u201cMirar con los ojos de Dios\u201d En este tercer domingo de Cuaresma estamos invitados reflexionar sobre las [&hellip;]<\/p>\n","protected":false},"author":1,"featured_media":7872,"comment_status":"closed","ping_status":"closed","sticky":false,"template":"","format":"standard","meta":{"footnotes":""},"categories":[18,2,727,157,853,108,113,1106,349,688,109,1746],"tags":[],"beitragende":[],"predigtform":[],"predigtreihe":[],"bibelstelle":[],"class_list":["post-10369","post","type-post","status-publish","format-standard","has-post-thumbnail","hentry","category-psalmen","category-at","category-archiv","category-beitragende","category-bibel","category-current","category-espa","category-kapitel-025-chapter-025","category-kasus","category-okuli","category-predigten","category-ricardo-a-becker"],"_links":{"self":[{"href":"https:\/\/www.theologie.uzh.ch\/apps\/gpi\/wp-json\/wp\/v2\/posts\/10369","targetHints":{"allow":["GET"]}}],"collection":[{"href":"https:\/\/www.theologie.uzh.ch\/apps\/gpi\/wp-json\/wp\/v2\/posts"}],"about":[{"href":"https:\/\/www.theologie.uzh.ch\/apps\/gpi\/wp-json\/wp\/v2\/types\/post"}],"author":[{"embeddable":true,"href":"https:\/\/www.theologie.uzh.ch\/apps\/gpi\/wp-json\/wp\/v2\/users\/1"}],"replies":[{"embeddable":true,"href":"https:\/\/www.theologie.uzh.ch\/apps\/gpi\/wp-json\/wp\/v2\/comments?post=10369"}],"version-history":[{"count":3,"href":"https:\/\/www.theologie.uzh.ch\/apps\/gpi\/wp-json\/wp\/v2\/posts\/10369\/revisions"}],"predecessor-version":[{"id":24259,"href":"https:\/\/www.theologie.uzh.ch\/apps\/gpi\/wp-json\/wp\/v2\/posts\/10369\/revisions\/24259"}],"wp:featuredmedia":[{"embeddable":true,"href":"https:\/\/www.theologie.uzh.ch\/apps\/gpi\/wp-json\/wp\/v2\/media\/7872"}],"wp:attachment":[{"href":"https:\/\/www.theologie.uzh.ch\/apps\/gpi\/wp-json\/wp\/v2\/media?parent=10369"}],"wp:term":[{"taxonomy":"category","embeddable":true,"href":"https:\/\/www.theologie.uzh.ch\/apps\/gpi\/wp-json\/wp\/v2\/categories?post=10369"},{"taxonomy":"post_tag","embeddable":true,"href":"https:\/\/www.theologie.uzh.ch\/apps\/gpi\/wp-json\/wp\/v2\/tags?post=10369"},{"taxonomy":"beitragende","embeddable":true,"href":"https:\/\/www.theologie.uzh.ch\/apps\/gpi\/wp-json\/wp\/v2\/beitragende?post=10369"},{"taxonomy":"predigtform","embeddable":true,"href":"https:\/\/www.theologie.uzh.ch\/apps\/gpi\/wp-json\/wp\/v2\/predigtform?post=10369"},{"taxonomy":"predigtreihe","embeddable":true,"href":"https:\/\/www.theologie.uzh.ch\/apps\/gpi\/wp-json\/wp\/v2\/predigtreihe?post=10369"},{"taxonomy":"bibelstelle","embeddable":true,"href":"https:\/\/www.theologie.uzh.ch\/apps\/gpi\/wp-json\/wp\/v2\/bibelstelle?post=10369"}],"curies":[{"name":"wp","href":"https:\/\/api.w.org\/{rel}","templated":true}]}}