{"id":10394,"date":"2005-03-07T19:49:14","date_gmt":"2005-03-07T18:49:14","guid":{"rendered":"https:\/\/theologie.whp.uzh.ch\/apps\/gpi\/?p=10394"},"modified":"2025-05-15T09:37:01","modified_gmt":"2025-05-15T07:37:01","slug":"juan-11-40-44-2","status":"publish","type":"post","link":"https:\/\/www.theologie.uzh.ch\/apps\/gpi\/juan-11-40-44-2\/","title":{"rendered":"Juan 11, 40-44"},"content":{"rendered":"<div align=\"left\">\n<h3>Predicaci\u00f3n para el 5 \u00b0 domingo de Cuaresma | 13 de marzo de 2005 |\u00a0Jn 11, 40-44 | Enzo Pellini |<\/h3>\n<p>Estimada comunidad:<br \/>\nReciban ustedes bendiciones y Paz de parte de Dios el que era, es y ha de venir.<\/p>\n<p>Nos encontramos en el tramo final de la Cuaresma. La pasi\u00f3n de nuestro Se\u00f1or Jesucristo casi est\u00e1 por comenzar. A partir de las palabras del mism\u00edsimo sumo sacerdote de Israel se aprueba el sacrificio de Jes\u00fas, tal como si fuese un cordero a ser sacrificado. A partir de estos textos, tal como en diversos leccionarios de la iglesia cristiana, nos encontramos con un Domingo denominado tradicionalmente \u201cEl cordero de Dios\u201d. Claramente el sumo sacerdote de los jud\u00edos con sus palabras llenas de autoridad introduce hist\u00f3ricamente este concepto: \u201cnos conviene que un hombre muera por el pueblo\u201d. Con estas palabras no nos centramos en la persona del sumo sacerdote y lo que \u00e9l representa sino, en sus palabras. Jes\u00fas se convierte en sacrificio, pero no el tipo de sacrificio que agradar\u00eda a Dios.<\/p>\n<p>Queremos pensar qu\u00e9 tipo de sacrificio significa Jes\u00fas para la iglesia. Con el Cordero de Dios finaliza una era de sacrificios para el pueblo creyente. Es realmente liberador, especialmente en esta \u00e9poca de pasi\u00f3n poder comprender que la noticia m\u00e1s sensacional es la de que somos liberados de todo sacrificio y Dios se encuentra abierto en plena comunicaci\u00f3n con nosotros; no es el caso centrarnos en el sacrificio en s\u00ed en este tiempo de la \u201cpasi\u00f3n\u201d, pues sino perder\u00edamos de vista la esencia del Cordero de Dios.<\/p>\n<p>En esta \u00e9poca especial de Cuaresma, Dios se acerca a nosotros, se encuentra receptivo. En nuestra b\u00fasqueda de Dios la tarea tradicional del sumo sacerdote como as\u00ed el tabern\u00e1culo al cual \u00e9l acud\u00eda tiene un gran simbolismo. Ese sumo sacerdote, una vez al a\u00f1o entraba al lugar sant\u00edsimo para ofrecer una ofrenda o sacrificio a Dios, all\u00ed ped\u00eda el perd\u00f3n por los pecados del pueblo. A partir de la Pascua de Resurrecci\u00f3n, y condenado adem\u00e1s por sus propias palabras concluye la tarea del sumo sacerdote de Israel. Ahora existe otro sumo sacerdote, ese es Jes\u00fas que se ofreci\u00f3 como sacrificio perfecto que aunque no querido, agrad\u00f3 a Dios. Por medio de la sangre por Jes\u00fas derramada, ahora cada uno de los creyentes tiene acceso al lugar sant\u00edsimo sin la intermediaci\u00f3n de un sumo sacerdote. Todos aquellos que acepten a Jes\u00fas como su Se\u00f1or y Redentor acceden a la esfera m\u00e1s \u00edntima ofrecida por Dios.<\/p>\n<p>Ya no son necesarias m\u00e1s obras legalistas, preceptos incomprensibles, sacrificios inseguros, procesiones agotadoras o ayunos impuestos. La religi\u00f3n no puede suplantar al santo Esp\u00edritu de Dios. Si lo vemos as\u00ed, \u201cpracticar una religi\u00f3n\u201d, queriendo cumplir todos y cada uno de los preceptos no me acercar\u00e1 <em>m\u00e1s<\/em> a Dios, y mucho menos, me exhibir\u00e1 <em>mejor<\/em> ante los dem\u00e1s que no lo hacen. Debemos saber que las \u00fanicas obras buenas y aceptables a Dios son aquellas que surgen de un coraz\u00f3n agradecido, fruto de una entrega genuina a \u00e9l. Es imposible aceptar que s\u00f3lo por pertenecer a una iglesia, de forma tradicional o por costumbre signifique que soy verdaderamente cristiano. El cristianismo no tiene que ver con leyes o preceptos de las instituciones. Si tiene que ver con santidad, pero esa santidad ser\u00e1 el fruto de un acercamiento y nueva relaci\u00f3n con Dios.<\/p>\n<p>En cada uno de los rituales religiosos el sacrificio ten\u00eda un lugar privilegiado. La sangre del sacrificio era sin\u00f3nimo de purificaci\u00f3n, de lavamiento de regeneraci\u00f3n. A trav\u00e9s de un sacrificio se quer\u00eda dar de s\u00ed, se quiere obrar de manera que se agradara a la divinidad. Quiz\u00e1s era una manera primitiva de lograr la cercan\u00eda y simpat\u00eda con Dios. A partir del sacrificio de Jesucristo, creemos que avanzamos en nuestra manera de concebir la relaci\u00f3n con Dios. El nos deja un mensaje claro en m\u00e1s de una oportunidad, no solo por medio de los evangelios (Mt 9:13) sino por medio de las palabras de sus disc\u00edpulos (Gl 3:11ss).<\/p>\n<p>En nuestras comunidades hay muchas personas agobiadas por el sufrimiento, por el pecado y por culpas. Muchos a\u00fan err\u00f3neamente conciben que el \u201csacrificio\u201d consiste en una especie de m\u00e9rito para lograr cierta simpat\u00eda con Dios. Nada m\u00e1s errado. No podemos acercarnos de esa manera a Dios. Hay muchas personas que necesitan el amor de Dios, que necesitan un prop\u00f3sito para sus vidas que, necesitan el perd\u00f3n que, necesitan creer que valen y est\u00e1n creados para algo que necesitan ser liberados de sus preocupaciones, de sus remordimientos, de sus amarguras, de su enojo. Ya no son m\u00e1s los sacrificios err\u00f3neos los que me acercar\u00e1n a Dios, ni mucho menos los cumplimientos u obras incoherentes.<\/p>\n<p>Nuestro Se\u00f1or Jesucristo quiere en este tiempo que nos acerquemos a \u00e9l y quiere de veras liberarnos de ese tipo de cargas. El quiere hacernos nuevo. Para ello s\u00f3lo cuenta nuestra fe, ya no m\u00e1s sacrificios de ning\u00fan tipo.<\/p>\n<p>Pedimos a Nuestro Se\u00f1or Jesucristo que no confundamos m\u00e1s nuestra fe con sacrificios incoherentes. Nuestro Se\u00f1or ha terminado con su muerte en cruz con esa manera primitiva de concebir nuestra relaci\u00f3n con Dios.<\/p>\n<p>Que la gracia del Se\u00f1or Jesucristo, el amor de Dios y la comuni\u00f3n del Esp\u00edritu Santo sean con todos nosotros. Am\u00e9n<\/p>\n<hr \/>\n<p class=\"Stil4\"><strong>Pastor Enzo Pellini<\/strong><br \/>\n<strong><a href=\"mailto:pellini_piovesan@arnet.com.ar\">pellini_piovesan@arnet.com.ar<\/a><\/strong><\/p>\n<\/div>\n","protected":false},"excerpt":{"rendered":"<p>Predicaci\u00f3n para el 5 \u00b0 domingo de Cuaresma | 13 de marzo de 2005 |\u00a0Jn 11, 40-44 | Enzo Pellini | Estimada comunidad: Reciban ustedes bendiciones y Paz de parte de Dios el que era, es y ha de venir. Nos encontramos en el tramo final de la Cuaresma. La pasi\u00f3n de nuestro Se\u00f1or Jesucristo [&hellip;]<\/p>\n","protected":false},"author":1,"featured_media":15916,"comment_status":"closed","ping_status":"closed","sticky":false,"template":"","format":"standard","meta":{"footnotes":""},"categories":[39,727,157,853,108,552,113,695,265,349,3,109],"tags":[],"beitragende":[],"predigtform":[],"predigtreihe":[],"bibelstelle":[],"class_list":["post-10394","post","type-post","status-publish","format-standard","has-post-thumbnail","hentry","category-johannes","category-archiv","category-beitragende","category-bibel","category-current","category-enzo-pellini","category-espa","category-judika","category-kapitel-11-chapter-11","category-kasus","category-nt","category-predigten"],"_links":{"self":[{"href":"https:\/\/www.theologie.uzh.ch\/apps\/gpi\/wp-json\/wp\/v2\/posts\/10394","targetHints":{"allow":["GET"]}}],"collection":[{"href":"https:\/\/www.theologie.uzh.ch\/apps\/gpi\/wp-json\/wp\/v2\/posts"}],"about":[{"href":"https:\/\/www.theologie.uzh.ch\/apps\/gpi\/wp-json\/wp\/v2\/types\/post"}],"author":[{"embeddable":true,"href":"https:\/\/www.theologie.uzh.ch\/apps\/gpi\/wp-json\/wp\/v2\/users\/1"}],"replies":[{"embeddable":true,"href":"https:\/\/www.theologie.uzh.ch\/apps\/gpi\/wp-json\/wp\/v2\/comments?post=10394"}],"version-history":[{"count":3,"href":"https:\/\/www.theologie.uzh.ch\/apps\/gpi\/wp-json\/wp\/v2\/posts\/10394\/revisions"}],"predecessor-version":[{"id":24306,"href":"https:\/\/www.theologie.uzh.ch\/apps\/gpi\/wp-json\/wp\/v2\/posts\/10394\/revisions\/24306"}],"wp:featuredmedia":[{"embeddable":true,"href":"https:\/\/www.theologie.uzh.ch\/apps\/gpi\/wp-json\/wp\/v2\/media\/15916"}],"wp:attachment":[{"href":"https:\/\/www.theologie.uzh.ch\/apps\/gpi\/wp-json\/wp\/v2\/media?parent=10394"}],"wp:term":[{"taxonomy":"category","embeddable":true,"href":"https:\/\/www.theologie.uzh.ch\/apps\/gpi\/wp-json\/wp\/v2\/categories?post=10394"},{"taxonomy":"post_tag","embeddable":true,"href":"https:\/\/www.theologie.uzh.ch\/apps\/gpi\/wp-json\/wp\/v2\/tags?post=10394"},{"taxonomy":"beitragende","embeddable":true,"href":"https:\/\/www.theologie.uzh.ch\/apps\/gpi\/wp-json\/wp\/v2\/beitragende?post=10394"},{"taxonomy":"predigtform","embeddable":true,"href":"https:\/\/www.theologie.uzh.ch\/apps\/gpi\/wp-json\/wp\/v2\/predigtform?post=10394"},{"taxonomy":"predigtreihe","embeddable":true,"href":"https:\/\/www.theologie.uzh.ch\/apps\/gpi\/wp-json\/wp\/v2\/predigtreihe?post=10394"},{"taxonomy":"bibelstelle","embeddable":true,"href":"https:\/\/www.theologie.uzh.ch\/apps\/gpi\/wp-json\/wp\/v2\/bibelstelle?post=10394"}],"curies":[{"name":"wp","href":"https:\/\/api.w.org\/{rel}","templated":true}]}}