{"id":10414,"date":"2005-03-07T19:49:23","date_gmt":"2005-03-07T18:49:23","guid":{"rendered":"https:\/\/theologie.whp.uzh.ch\/apps\/gpi\/?p=10414"},"modified":"2025-05-15T11:08:51","modified_gmt":"2025-05-15T09:08:51","slug":"joao-12-12-19","status":"publish","type":"post","link":"https:\/\/www.theologie.uzh.ch\/apps\/gpi\/joao-12-12-19\/","title":{"rendered":"Jo\u00e3o 12. 12-19"},"content":{"rendered":"<h3 align=\"left\">Palmarum | 20 de mar\u00e7o de 2005 | Jo\u00e30 12.12\u201319 | Jos\u00e9 A. Schwanke |<\/h3>\n<div align=\"left\">Texto B\u00edblico<br \/>\n<em>No dia seguinte, a numerosa multid\u00e3o que viera \u00e0 festa, tendo ouvido que Jesus estava de caminho para Jerusal\u00e9m, tomou ramos de palmeiras e saiu ao seu encontro, clamando: Hosana! Bendito o que vem em nome do Senhor e que \u00e9 Rei de Israel! E Jesus, tendo conseguido um jumentinho, montou-o, segundo est\u00e1 escrito: N\u00e3o temas, filha de Si\u00e3o, eis que o teu Rei a\u00ed vem, montado em um filho de jumenta. Seus disc\u00edpulos a princ\u00edpio n\u00e3o compreenderam isto; quando, por\u00e9m, Jesus foi glorificado, ent\u00e3o, eles lembraram de que estas coisas estavam escritas a respeito dele e tamb\u00e9m de que isso lhe fizeram. Dava, pois, testemunho disto a multid\u00e3o que estivera com ele, quando chamara a L\u00e1zaro do t\u00famulo e o levantara dentre os mortos. Por causa disso, tamb\u00e9m, a multid\u00e3o lhe saiu ao encontro, pois ouviu que ele fizera este sinal. De sorte que os fariseus disseram entre si: Vede que nada aproveitais! Eis a\u00ed vai o mundo ap\u00f3s ele. <\/em><\/div>\n<div align=\"left\">\n<p align=\"center\"><strong><em> \u201cEIS A\u00cd TE VEM O TEU REI!\u201d <\/em><\/strong><\/p>\n<p><strong>Introdu\u00e7\u00e3o <\/strong><\/p>\n<p>O Evangelho nos apresenta uma cidade em festa. Muitos visitantes j\u00e1 tinham chegado; outros tantos ainda estavam a caminho. E havia uma enorme expectativa! O grande profeta do povo estava para chegar. E esse profeta projetava uma imagem maior do que todos os outros. Ele arrastava multid\u00f5es atr\u00e1s de si, curava, consolava, expulsava dem\u00f4nios, ressuscitava mortos&#8230;<\/p>\n<p>Alguns j\u00e1 o identificavam com o Messias. Outros viam nele marcas identificativas do pr\u00f3prio Deus em pessoa. E ele estava chegando \u00e0 cidade santa para visitar o seu povo. O seu caminho est\u00e1 coberto por um tapete de folhas e de mantos; passa entre o crepitar dos aplausos e o sacudir de ramos festivos.<\/p>\n<p>Com o entusiasmo nas alturas e a emo\u00e7\u00e3o incontida, as multid\u00f5es, tanto as que o precediam como as que o seguiam, romperam em exulta\u00e7\u00e3o: \u201c<em>Hosana ao Filho de Davi! Bendito o que vem em nome do Senhor! Hosana nas maiores alturas!<\/em>\u201d (Mt 21. 9).<\/p>\n<p>Neste estado de esp\u00edrito, a prociss\u00e3o flui como um rio ao oceano, para dentro de Jerusal\u00e9m. E os seus moradores, alarmados e sem poder conter a excita\u00e7\u00e3o, come\u00e7am a perguntar-se sobre o que isto significaria, e quem \u00e9 este que vem montado num jumentinho. E a resposta que veio das multid\u00f5es foi: \u201c<em>Este \u00e9 o profeta Jesus, de Nazar\u00e9 da Galil\u00e9ia<\/em>\u201d ( Mt 21. 11).<\/p>\n<p>Sobre este Profeta n\u00f3s queremos dirigir a nossa aten\u00e7\u00e3o neste momento. Queremos conhec\u00ea-lo melhor e saber para qu\u00ea ele veio a essa festa.<\/p>\n<p><strong>1 \u2013 Jesus, o Divino Profeta <\/strong><\/p>\n<p>Nazar\u00e9 era uma cidadezinha insignificante e muito pobre. Quando Natanael pela primeira vez ouviu que Jesus era um profeta de Nazar\u00e9, ele desdenhosamente perguntou: \u201c<em>De Nazar\u00e9 pode sair alguma coisa boa?<\/em>\u201d (Jo 1. 46). Sim, n\u00f3s sabemos que de Nazar\u00e9 veio a melhor coisa que algu\u00e9m poderia esperar: Jesus Cristo.<\/p>\n<p>Quando ele pregava, seus ouvintes logo percebiam que se tratava de algu\u00e9m que \u201c<em>falava como quem tem autoridade<\/em>\u201d (Mc 1. 22). Na verdade, este era o \u00faltimo grande Profeta de quem Mois\u00e9s havia dito: \u201c<em>O Senhor, teu Deus, te suscitar\u00e1 um profeta do meio de ti, de teus irm\u00e3os, semelhante a mim; a ele ouvir\u00e1s<\/em>\u201d (Dt 18. 15). A maioria do povo, entretanto, n\u00e3o quis escut\u00e1-lo. Embora Ele, pessoalmente, se tenha manifestado por meio de palavras e obras como Filho de Deus e Salvador do mundo, as pessoas n\u00e3o lhe deram ouvidos. E neste dia, ele entra mais uma vez em Jerusal\u00e9m, desta vez montado num jumentinho, para dar a esta cidade t\u00e3o favorecida a \u00faltima oportunidade de ouvi-lo, a fim de que saiba o que \u00e9 preciso para conseguir a paz (Lc 19. 42). <em>E, entrando ele em Jerusal\u00e9m, toda cidade se alvoro\u00e7ou, e perguntavam: Quem \u00e9 este?<\/em> (Mt 21. 10).<\/p>\n<p>Quem poderia dar-nos maiores informa\u00e7\u00f5es a respeito deste Profeta, e da raz\u00e3o de t\u00e3o grande recep\u00e7\u00e3o que lhe fizeram? Os seus disc\u00edpulos? N\u00e3o, n\u00f3s queremos escutar o que o profeta Zacarias nos diz a seu respeito 500 anos antes: \u201c<em>Exulta, \u00f3 filha de Jerusal\u00e9m: eis a\u00ed te vem o teu Rei, justo e salvador, humilde, montado em jumento, num jumentinho, cria de jumenta<\/em>\u201d (Zc 9. 9).<\/p>\n<p><strong>2 \u2013 Jesus, o Rei profetizado<\/strong><\/p>\n<p>\u00c9 um Rei que est\u00e1 entrando em Jerusal\u00e9m!<\/p>\n<p>Mas este Rei que entra em Jerusal\u00e9m n\u00e3o \u00e9 um rei terreno. Suas qualidades o distinguem de todos os reis do mundo. Ele \u00e9 em tudo diferente dos outros reis. A sua humildade, por\u00e9m, em nada contraria o seu grande reinado, antes d\u00e1 evid\u00eancias de que Ele \u00e9 o maior de todos os reis. Ele \u00e9 o Rei dos reis, o Senhor dos senhores. Pilatos n\u00e3o est\u00e1 presente para recepcionar o Rei na sua chegada. Mas cinco dias depois haveria de encontr\u00e1-lo, quando lhe perguntaria: \u201c<em>Logo tu \u00e9s rei?<\/em>\u201d (Jo 18. 37).<\/p>\n<p>O que Pilatos n\u00e3o viu, o que a massa do povo com seus guias espirituais n\u00e3o entende, e o que ainda hoje os homens na sua maioria n\u00e3o entendem e percebem \u00e9 que o reino de Cristo n\u00e3o \u00e9 deste mundo. Seu reino ultrapassa os limites geogr\u00e1ficos de um pa\u00eds e abrange a terra e os c\u00e9us. O seu reino n\u00e3o tem origem terrena, mas procede da gra\u00e7a divina, que acolhe os pecadores resgatados pelo sangue do Cordeiro. O seu reino n\u00e3o se expande no mundo pelo poder de armas terrenas, mas unicamente pela prega\u00e7\u00e3o da verdade da cruz.<\/p>\n<p>Este Rei n\u00e3o distribui bens e tesouros terrenos, mas riquezas espirituais e eternas. Em fim, o seu n\u00e3o \u00e9 um reino que oferece posi\u00e7\u00f5es de destaque, t\u00edtulos brilhantes e honrarias t\u00e3o cobi\u00e7adas, antes nos faz partilhar a humildade do nosso Rei, que entra na cidade montado num jumento, em busca de um trono que seria erguido no alto do Calv\u00e1rio.<\/p>\n<p><strong>3 \u2013 Jesus, Deus e Salvador <\/strong><\/p>\n<p>Quem \u00e9 este que entra em Jerusal\u00e9m naquele Primeiro Domingo de Ramos? As multid\u00f5es clamavam: \u201c<em>Hosana ao Filho de Davi! Bendito o que vem em nome do Senhor!<\/em>\u201d Mesmo que as pessoas n\u00e3o tivessem a inteira compreens\u00e3o do tributo que prestavam ao ilustre visitante, as palavras deste grandioso hino pascal s\u00e3o corretamente associadas ao Senhor Jesus. Ele era o Descendente, o Filho de Davi. Muitos anos antes da sua vinda em carne, o rei Davi o reconhecera Senhor e Deus (Sl 110). Na plenitude do tempo Deus enviou a Davi o seu Senhor, fazendo-o nascer da linhagem de Davi, como Filho de Davi.<\/p>\n<p>Ele \u00e9 um Rei justo e salvador, o que aponta claramente para a miss\u00e3o que veio realizar, ou seja, salvar os pecadores. O rei Davi, al\u00e9m de vencer o gigante Golias, alcan\u00e7ou muitas outras vit\u00f3rias aos israelitas. Mas o \u201c<em>Filho de Davi<\/em>\u201d obteve a maior de todas as vit\u00f3rias para o seu povo. Durante estas \u00faltimas semanas na Quaresma, mais uma vez pudemos contemplar em esp\u00edrito aquela violenta luta do maior \u201c<em>Filho de Davi<\/em>\u201d contra as for\u00e7as do pecado, da morte e do inferno. Ele enfrentou a luta por n\u00f3s, desamparados e escravizados por estas mesmas for\u00e7as, vencendo-as.<\/p>\n<p><strong>Conclus\u00e3o <\/strong><\/p>\n<p>Profeta de Nazar\u00e9! Filho de Davi! Rei da filha de Si\u00e3o! Enquanto estes entusi\u00e1sticos tributos ecoarem em nossos ouvidos, juntemos as nossas vozes ao grande coral das multid\u00f5es do Domingo de Ramos para entoar: \u201c<em>Hosana ao Filho de Davi! Bendito o que vem em nome do Senhor! Hosana nas maiores alturas!<\/em>\u201d Pois, para n\u00f3s que j\u00e1 fomos com Ele at\u00e9 o Calv\u00e1rio, cada um destes gloriosos t\u00edtulos est\u00e1 tingido com o sangue carmesim que ele derramou.<\/p>\n<p>Quem \u00e9 este?<\/p>\n<p>Alegres e confiantes, n\u00f3s respondemos: Este \u00e9 o meu Deus e o meu Senhor; \u00e9 o meu Salvador e o meu Rei! Am\u00e9m.<\/p>\n<hr \/>\n<p><strong>Pastor Jos\u00e9 A. Schwanke<br \/>\nIgreja Evang\u00e9lica Luterana do Brasil<br \/>\nErechim, \u00a0RS \u2013 Basil<br \/>\n<a href=\"mailto:jaschwanke@tpo.com.br\">jaschwanke@tpo.com.br<\/a><\/strong><\/p>\n<\/div>\n","protected":false},"excerpt":{"rendered":"<p>Palmarum | 20 de mar\u00e7o de 2005 | Jo\u00e30 12.12\u201319 | Jos\u00e9 A. Schwanke | Texto B\u00edblico No dia seguinte, a numerosa multid\u00e3o que viera \u00e0 festa, tendo ouvido que Jesus estava de caminho para Jerusal\u00e9m, tomou ramos de palmeiras e saiu ao seu encontro, clamando: Hosana! Bendito o que vem em nome do Senhor [&hellip;]<\/p>\n","protected":false},"author":1,"featured_media":8543,"comment_status":"closed","ping_status":"closed","sticky":false,"template":"","format":"standard","meta":{"footnotes":""},"categories":[39,727,157,853,108,1339,693,349,3,699,112,109],"tags":[],"beitragende":[],"predigtform":[],"predigtreihe":[],"bibelstelle":[],"class_list":["post-10414","post","type-post","status-publish","format-standard","has-post-thumbnail","hentry","category-johannes","category-archiv","category-beitragende","category-bibel","category-current","category-jose-andre-schwanke","category-kapitel-12-chapter-12-johannes","category-kasus","category-nt","category-palmsonntag","category-port","category-predigten"],"_links":{"self":[{"href":"https:\/\/www.theologie.uzh.ch\/apps\/gpi\/wp-json\/wp\/v2\/posts\/10414","targetHints":{"allow":["GET"]}}],"collection":[{"href":"https:\/\/www.theologie.uzh.ch\/apps\/gpi\/wp-json\/wp\/v2\/posts"}],"about":[{"href":"https:\/\/www.theologie.uzh.ch\/apps\/gpi\/wp-json\/wp\/v2\/types\/post"}],"author":[{"embeddable":true,"href":"https:\/\/www.theologie.uzh.ch\/apps\/gpi\/wp-json\/wp\/v2\/users\/1"}],"replies":[{"embeddable":true,"href":"https:\/\/www.theologie.uzh.ch\/apps\/gpi\/wp-json\/wp\/v2\/comments?post=10414"}],"version-history":[{"count":3,"href":"https:\/\/www.theologie.uzh.ch\/apps\/gpi\/wp-json\/wp\/v2\/posts\/10414\/revisions"}],"predecessor-version":[{"id":24346,"href":"https:\/\/www.theologie.uzh.ch\/apps\/gpi\/wp-json\/wp\/v2\/posts\/10414\/revisions\/24346"}],"wp:featuredmedia":[{"embeddable":true,"href":"https:\/\/www.theologie.uzh.ch\/apps\/gpi\/wp-json\/wp\/v2\/media\/8543"}],"wp:attachment":[{"href":"https:\/\/www.theologie.uzh.ch\/apps\/gpi\/wp-json\/wp\/v2\/media?parent=10414"}],"wp:term":[{"taxonomy":"category","embeddable":true,"href":"https:\/\/www.theologie.uzh.ch\/apps\/gpi\/wp-json\/wp\/v2\/categories?post=10414"},{"taxonomy":"post_tag","embeddable":true,"href":"https:\/\/www.theologie.uzh.ch\/apps\/gpi\/wp-json\/wp\/v2\/tags?post=10414"},{"taxonomy":"beitragende","embeddable":true,"href":"https:\/\/www.theologie.uzh.ch\/apps\/gpi\/wp-json\/wp\/v2\/beitragende?post=10414"},{"taxonomy":"predigtform","embeddable":true,"href":"https:\/\/www.theologie.uzh.ch\/apps\/gpi\/wp-json\/wp\/v2\/predigtform?post=10414"},{"taxonomy":"predigtreihe","embeddable":true,"href":"https:\/\/www.theologie.uzh.ch\/apps\/gpi\/wp-json\/wp\/v2\/predigtreihe?post=10414"},{"taxonomy":"bibelstelle","embeddable":true,"href":"https:\/\/www.theologie.uzh.ch\/apps\/gpi\/wp-json\/wp\/v2\/bibelstelle?post=10414"}],"curies":[{"name":"wp","href":"https:\/\/api.w.org\/{rel}","templated":true}]}}