{"id":10485,"date":"2005-04-07T19:49:24","date_gmt":"2005-04-07T17:49:24","guid":{"rendered":"https:\/\/theologie.whp.uzh.ch\/apps\/gpi\/?p=10485"},"modified":"2025-05-16T08:51:13","modified_gmt":"2025-05-16T06:51:13","slug":"joao-1331-38","status":"publish","type":"post","link":"https:\/\/www.theologie.uzh.ch\/apps\/gpi\/joao-1331-38\/","title":{"rendered":"Jo\u00e3o 13,31-38"},"content":{"rendered":"<div align=\"left\">\n<h3>Quinto Domingo de P\u00e1scoa | 24 de abril de 2005 | Jo\u00e3o 13,38\u201338 | Osmar Schneider |<\/h3>\n<p><strong><em>A f\u00e9 em Jesus \u00e9 que mant\u00e9m firme nossa esperan\u00e7a. <\/em><\/strong><\/p>\n<p>O meu namoro com minha \u00fanica e sempre esposa Naemi teve muita dor de saudade e muita esperan\u00e7a. E o segredo que mantinha acesa a minha esperan\u00e7a e certeza de finalmente casar com ela era o que ela me dizia quando chegava o fim de cada encontro. Ela ficava em casa, no Paran\u00e1, e eu partia para o Semin\u00e1rio sabendo que s\u00f3 poderia voltar a v\u00ea-la depois de meio ano. Ela dizia: <em>\u201cAcredita: eu te amo\u201d. <\/em> E eu dizia o mesmo a ela, \u00e9 claro! E isso ficava nos nossos ouvidos, nas nossas mentes e nos nossos cora\u00e7\u00f5es at\u00e9 nos encontrarmos de novo. E isso fez com que o nosso amor durasse&#8230; e nos casamos&#8230;<\/p>\n<p>No primeiro vers\u00edculo do nosso Evangelho Jesus diz para os disc\u00edpulos, para a igreja, para mim e voc\u00ea: <em>\u201cN\u00e3o se turbe o vosso cora\u00e7\u00e3o; credes em Deus, crede tamb\u00e9m em mim\u201d<\/em>. \u00c9 como se Jesus estivesse dizendo: Acredite! Creia em mim e no meu amor por voc\u00ea!<\/p>\n<p>No cap\u00edtulo 13 de Jo\u00e3o, especialmente nos vers\u00edculos 31 a 38, Jesus fala e prepara os seus disc\u00edpulos para a sua partida, a sua morte e a sua volta \u00e0 casa do Pai. E certamente isso mexe at\u00e9 com o cora\u00e7\u00e3o de Jesus, j\u00e1 que ele os amava tanto e estava vendo que os cora\u00e7\u00f5es dos seus disc\u00edpulos tamb\u00e9m estavam tristes e ansiosos em saberem que seu Mestre amado iria partir.<\/p>\n<p>Para os disc\u00edpulos e a igreja daquele tempo e para n\u00f3s crist\u00e3os hoje tamb\u00e9m \u00e9 muito mais dif\u00edcil, mais perigoso e mais triste ficarmos e vivermos dentro de um mundo t\u00e3o cheio de perturba\u00e7\u00f5es, tenta\u00e7\u00f5es e pecados sem termos a presen\u00e7a vis\u00edvel e aud\u00edvel e sens\u00edvel de Jesus bem junto de n\u00f3s. Eles teriam e n\u00f3s temos que viver como crist\u00e3os dentro deste mundo perigoso apenas pela f\u00e9, at\u00e9 que ele volte novamente ao vivo, em pessoa, para nos buscar.<\/p>\n<p>E \u00e9 por isso que, no nosso vers\u00edculo, Jesus est\u00e1 dizendo a todos n\u00f3s que, mesmo assim, n\u00e3o h\u00e1 motivos para n\u00f3s temermos, pois ele voltar\u00e1 outra vez no Ju\u00edzo Final.<\/p>\n<p>Falando ali com os disc\u00edpulos, Jesus os previne e diz: \u00c9 claro que, at\u00e9 chegar aquele grande dia, com certeza, voc\u00eas ver\u00e3o muitas coisas me acontecerem, diante das quais ir\u00e3o ficar assustados e tristes. Sim, porque Jesus iria ser preso, crucificado e muito maltratado, at\u00e9 \u00e0 morte. Mas, refor\u00e7a Jesus, n\u00e3o fiquem tristes porque, logo ao terceiro dia depois de me sepultarem morto, as coisas mudar\u00e3o para o bem, pois esta \u00e9 a vontade do meu Pai!<\/p>\n<p>Em tudo isso n\u00f3s hoje tamb\u00e9m podemos ver com quanto carinho e amor o Senhor Jesus trata aqueles seus disc\u00edpulos e tamb\u00e9m a n\u00f3s. Jesus n\u00e3o deixou nem deixa ningu\u00e9m sem consolo.<\/p>\n<p>Aquela conversa do nosso Evangelho aconteceu exatamente antes da noite em que Jesus foi preso e separado dos seus disc\u00edpulos e estes ficaram sozinhos no meio de grandes afli\u00e7\u00f5es, perigos e medos.<\/p>\n<p>Hoje, n\u00f3s que somos os seus crist\u00e3os e disc\u00edpulos, tamb\u00e9m temos a Jesus conosco de verdade, mas n\u00e3o vis\u00edvel nem aud\u00edvel nem sens\u00edvel e, sim, s\u00f3 em esp\u00edrito e s\u00f3 pela f\u00e9 e, da mesma forma, temos que viver num mundo cheio de pecados, tenta\u00e7\u00f5es, perigos, doen\u00e7as e outros males.<\/p>\n<p>E Jesus sabe muito bem que, neste mundo, quando as dores e tristezas de um problema ou uma doen\u00e7a nos atingem, isso pode afetar tanto o nosso corpo como tamb\u00e9m a nossa f\u00e9 e a nossa vida espiritual.<\/p>\n<p>E justamente por ser assim, aqui em nosso texto Jesus se preocupa e ajuda especialmente para que, tanto nos seus disc\u00edpulos como em n\u00f3s hoje, a f\u00e9 e a confian\u00e7a nele permane\u00e7am firmes em nossos cora\u00e7\u00f5es.<\/p>\n<p>Toda aquela pessoa que \u00e9 crist\u00e3 e tem a verdadeira f\u00e9 em seu cora\u00e7\u00e3o, nas horas das doen\u00e7as e outros problemas, j\u00e1 venceu mais da metade da batalha diante das dificuldades. Para essas pessoas \u00e9 como se Jesus estivesse dizendo: tenham toda a f\u00e9 e confian\u00e7a em mim e, assim, os sofrimentos que agora afetam o corpo de voc\u00eas, n\u00e3o v\u00e3o conseguir afetar a sua alma. Os sofrimentos poder\u00e3o at\u00e9 matar o corpo de voc\u00eas e faz\u00ea-lo esperar at\u00e9 o dia do ju\u00edzo final, mas nunca conseguir\u00e3o tirar a salva\u00e7\u00e3o e a morada no c\u00e9u que eu j\u00e1 preparei para voc\u00eas.<\/p>\n<p>Os crist\u00e3os n\u00e3o s\u00e3o como aqueles que n\u00e3o conhecem a Palavra de Deus e, por isso, n\u00e3o cr\u00eaem no Senhor Jesus vivo e vitorioso. Para os disc\u00edpulos do\u00eda muito terem que se separar de Jesus e v\u00ea-lo morrer na cruz, al\u00e9m de todos os males e perigos a enfrentar na vida crist\u00e3. Para n\u00f3s \u00e9 a mesma coisa.<\/p>\n<p>Mas, para eles e para n\u00f3s Jesus ensina: se n\u00f3s cremos que Deus n\u00e3o morre, mas que ele \u00e9 a vida, a mesma coisa \u00e9 com Jesus: ele \u00e9 Deus! Ele n\u00e3o ficou morto! Ele ressuscitou e \u00e9 a vida eterna. E quem cr\u00ea nele tem a vida eterna.<\/p>\n<p>E a\u00ed est\u00e1 a nossa garantia para esta vida e para a eternidade: a morte, o mundo, o diabo e o inferno podem continuar t\u00e3o maus como sempre foram, mas eles nada conseguir\u00e3o contra Jesus \u2013 porque Jesus \u00e9 Deus e \u00e9 vencedor para sempre. E se eu e voc\u00ea formos de Jesus e Jesus for nosso, esses inimigos tamb\u00e9m nunca poder\u00e3o nada contra n\u00f3s, porque quem nos guarda e protege \u00e9 Jesus.<\/p>\n<p>E quem cr\u00ea assim, em Jesus e na sua vit\u00f3ria, ter\u00e1 o seu cora\u00e7\u00e3o e a sua alma sempre mais firmes, mais aliviados e mais felizes, porque a morte e a ressurrei\u00e7\u00e3o de Jesus, que valeram e valem para sempre, foram e s\u00e3o totalmente em nosso benef\u00edcio e seguran\u00e7a.<\/p>\n<p>Naquele tempo e hoje o mundo incr\u00e9dulo zombou e zomba de n\u00f3s crist\u00e3os porque n\u00f3s cremos em Jesus, na vit\u00f3ria de Jesus sobre a morte e cremos que isso significa a nossa salva\u00e7\u00e3o eterna. Mas vai chegar o dia em que at\u00e9 os incr\u00e9dulos v\u00e3o reconhecer que Jesus \u00e9 o vitorioso e que a nossa salva\u00e7\u00e3o \u00e9 verdade.<\/p>\n<p>Em 1Cor\u00edntios 15.25 Deus nos diz: <em>\u201cPorque conv\u00e9m que ele<\/em> (Jesus) <em>reine at\u00e9 que haja posto todos os inimigos debaixo dos seus p\u00e9s\u201d<\/em>. E em Filipenses 2.10,11 tamb\u00e9m diz: <em>\u201c&#8230;para que ao nome de Jesus se dobre todo joelho no c\u00e9u, na terra e debaixo da terra, e toda a l\u00edngua confesse que Jesus Cristo \u00e9 Senhor, para gl\u00f3ria de Deus Pai\u201d<\/em>. E, ainda, Apocalipse 3.9 diz: <em>\u201cEis farei que alguns dos que s\u00e3o da sinagoga de Satan\u00e1s, desses que a si mesmos se declaram judeus, e n\u00e3o s\u00e3o, mas mentem, eis que os farei vir e prostrar-se aos teus p\u00e9s, e conhecer que eu te amei\u201d.<\/em><\/p>\n<p>Essas palavras b\u00edblicas s\u00e3o do nosso Deus. E s\u00e3o para n\u00f3s. Elas \u00e9 que manter\u00e3o clara, firme, viva e alegre a nossa f\u00e9 e, portanto, a nossa esperan\u00e7a e certeza da salva\u00e7\u00e3o em Jesus, mesmo que por enquanto tenhamos dificuldades em viver dentro de um mundo t\u00e3o materialista, incr\u00e9dulo, perigoso e tentador.<\/p>\n<p>Por enquanto, n\u00f3s lutamos e at\u00e9 sofremos e o mundo ri e debocha de n\u00f3s. Mas o grande dia chegar\u00e1 em que todos, quem sabe at\u00e9 de cabelos em p\u00e9, reconhecer\u00e3o que Cristo \u00e9 vencedor, \u00e9 o Senhor e que n\u00f3s, que cremos nele, n\u00e3o cremos em v\u00e3o e estaremos com ele no c\u00e9u. Am\u00e9m!<\/p>\n<hr \/>\n<p><strong>Pastor Osmar Schneider<\/strong><\/p>\n<p><strong>Igreja Evang\u00e9lica Luterana do Brasil<br \/>\nPires &#8211; Limeira \u2013 SP &#8211; Brasil<br \/>\n<a href=\"mailto:osmar.schneider@uol.com.br\">osmar.schneider@uol.com.br<\/a><\/strong><\/p>\n<\/div>\n","protected":false},"excerpt":{"rendered":"<p>Quinto Domingo de P\u00e1scoa | 24 de abril de 2005 | Jo\u00e3o 13,38\u201338 | Osmar Schneider | A f\u00e9 em Jesus \u00e9 que mant\u00e9m firme nossa esperan\u00e7a. O meu namoro com minha \u00fanica e sempre esposa Naemi teve muita dor de saudade e muita esperan\u00e7a. E o segredo que mantinha acesa a minha esperan\u00e7a e [&hellip;]<\/p>\n","protected":false},"author":1,"featured_media":8543,"comment_status":"closed","ping_status":"closed","sticky":false,"template":"","format":"standard","meta":{"footnotes":""},"categories":[39,727,157,853,108,357,284,349,3,1752,112,109],"tags":[],"beitragende":[],"predigtform":[],"predigtreihe":[],"bibelstelle":[],"class_list":["post-10485","post","type-post","status-publish","format-standard","has-post-thumbnail","hentry","category-johannes","category-archiv","category-beitragende","category-bibel","category-current","category-kantate","category-kapitel-13-chapter-13-johannes","category-kasus","category-nt","category-osmar-schneider","category-port","category-predigten"],"_links":{"self":[{"href":"https:\/\/www.theologie.uzh.ch\/apps\/gpi\/wp-json\/wp\/v2\/posts\/10485","targetHints":{"allow":["GET"]}}],"collection":[{"href":"https:\/\/www.theologie.uzh.ch\/apps\/gpi\/wp-json\/wp\/v2\/posts"}],"about":[{"href":"https:\/\/www.theologie.uzh.ch\/apps\/gpi\/wp-json\/wp\/v2\/types\/post"}],"author":[{"embeddable":true,"href":"https:\/\/www.theologie.uzh.ch\/apps\/gpi\/wp-json\/wp\/v2\/users\/1"}],"replies":[{"embeddable":true,"href":"https:\/\/www.theologie.uzh.ch\/apps\/gpi\/wp-json\/wp\/v2\/comments?post=10485"}],"version-history":[{"count":3,"href":"https:\/\/www.theologie.uzh.ch\/apps\/gpi\/wp-json\/wp\/v2\/posts\/10485\/revisions"}],"predecessor-version":[{"id":24483,"href":"https:\/\/www.theologie.uzh.ch\/apps\/gpi\/wp-json\/wp\/v2\/posts\/10485\/revisions\/24483"}],"wp:featuredmedia":[{"embeddable":true,"href":"https:\/\/www.theologie.uzh.ch\/apps\/gpi\/wp-json\/wp\/v2\/media\/8543"}],"wp:attachment":[{"href":"https:\/\/www.theologie.uzh.ch\/apps\/gpi\/wp-json\/wp\/v2\/media?parent=10485"}],"wp:term":[{"taxonomy":"category","embeddable":true,"href":"https:\/\/www.theologie.uzh.ch\/apps\/gpi\/wp-json\/wp\/v2\/categories?post=10485"},{"taxonomy":"post_tag","embeddable":true,"href":"https:\/\/www.theologie.uzh.ch\/apps\/gpi\/wp-json\/wp\/v2\/tags?post=10485"},{"taxonomy":"beitragende","embeddable":true,"href":"https:\/\/www.theologie.uzh.ch\/apps\/gpi\/wp-json\/wp\/v2\/beitragende?post=10485"},{"taxonomy":"predigtform","embeddable":true,"href":"https:\/\/www.theologie.uzh.ch\/apps\/gpi\/wp-json\/wp\/v2\/predigtform?post=10485"},{"taxonomy":"predigtreihe","embeddable":true,"href":"https:\/\/www.theologie.uzh.ch\/apps\/gpi\/wp-json\/wp\/v2\/predigtreihe?post=10485"},{"taxonomy":"bibelstelle","embeddable":true,"href":"https:\/\/www.theologie.uzh.ch\/apps\/gpi\/wp-json\/wp\/v2\/bibelstelle?post=10485"}],"curies":[{"name":"wp","href":"https:\/\/api.w.org\/{rel}","templated":true}]}}