{"id":10546,"date":"2005-05-07T19:49:13","date_gmt":"2005-05-07T17:49:13","guid":{"rendered":"https:\/\/theologie.whp.uzh.ch\/apps\/gpi\/?p=10546"},"modified":"2025-07-03T14:49:46","modified_gmt":"2025-07-03T12:49:46","slug":"mateus-7-15-20-21-29","status":"publish","type":"post","link":"https:\/\/www.theologie.uzh.ch\/apps\/gpi\/mateus-7-15-20-21-29\/","title":{"rendered":"Mateus 7.(15-20), 21-29"},"content":{"rendered":"<div align=\"left\">\n<h3 style=\"text-align: left;\" align=\"center\">SEGUNDO DOMINGO DE PENTECOSTES | 29 de Maio de 2005 |\u00a0Mateus 7.(15-20), 21-29 | Jos\u00e9 A. Schwanke |<\/h3>\n<p align=\"center\">PRATICANTES DA PALAVRA E N\u00c3O APENAS OUVINTES<\/p>\n<p>Nosso texto constitui-se da \u00faltima parte (final) do discurso de Jesus, conhecido como \u201cSerm\u00e3o do Monte\u201d. Embora a sua mensagem tenha sido dirigida, especificamente, aos seus disc\u00edpulos, as \u201cmultid\u00f5es\u201d tamb\u00e9m o acompanhavam. E, Mateus observa que \u201c<em>quando Jesus acabou de proferir estas palavras, estavam as multid\u00f5es maravilhadas com a sua maneira de ensinar; porque ele ensinava como quem tem autoridade e n\u00e3o como os escribas<\/em>\u201d (vv.28-29).<\/p>\n<p>A esta audi\u00eancia, e a todos aqueles que o confessam publicamente como Senhor, a estes Jesus dirige uma exorta\u00e7\u00e3o severa, eu diria, at\u00e9 chocante: \u201c<em>Nem todo o que me diz Senhor, Senhor! entrar\u00e1 no reino dos c\u00e9us, mas aquele que faz a vontade de meu Pai, que est\u00e1 nos c\u00e9us<\/em>\u201d (v.21).<\/p>\n<p>Esta exorta\u00e7\u00e3o de Jesus, ao final do seu serm\u00e3o nos faz lembrar da queixa de Deus, por interm\u00e9dio do profeta Isa\u00edas: \u201c<em>Este povo honra-me com os l\u00e1bios, mas o seu cora\u00e7\u00e3o est\u00e1 longe de mim<\/em>\u201d (Is 29.13).<\/p>\n<p>Deus estava descontente com a hipocrisia do seu povo; n\u00e3o se deixou enganar pelas apar\u00eancias, por palavras, por mais belas e piedosas que elas fossem.<\/p>\n<p>Tamb\u00e9m Jesus, na mensagem dirigida a seus seguidores, deixa bem claro que aquilo que n\u00f3s tributamos a Deus com os nossos l\u00e1bios, quando adoramos, louvamos, testemunhamos ou oramos, n\u00e3o nos garante a entrada no reino dos c\u00e9us. Ele diz que a nossa vida precisa estar de acordo com a confiss\u00e3o de nossa boca; que praticar a Palavra de Deus \u00e9 infinitamente mais importante do que apenas falar a respeito dela.<\/p>\n<p>Jesus ressalta a import\u00e2ncia de traduzir o conhecimento da vontade de Deus em a\u00e7\u00e3o, ao dizer que \u201c<em>bem-aventurados s\u00e3o os que ouvem a Palavra de Deus e a guardam<\/em>\u201d (Lc 11.28). \u201c<em>N\u00e3o sejam apenas ouvintes dessa mensagem, mas a ponham em pr\u00e1tica<\/em>\u201d (Tg 1.22), nos lembra o ap\u00f3stolo Tiago.<\/p>\n<p>Se Jesus afirma que \u201c<em>entrar\u00e1 no reino dos c\u00e9us aquele que faz a vontade de seu Pai celeste<\/em>\u201d, pergunta-se: Qual \u00e9 a vontade dele?<\/p>\n<p>Certamente, a vontade do Pai celestial \u00e9 aquela que aponta para o pr\u00f3prio Filho como o \u00fanico Salvador do mundo, vontade esta que, para ser cumprida, n\u00e3o dispensa arrependimento e f\u00e9. O ap\u00f3stolo Pedro, que foi o grande arauto da vontade de Deus aos \u201celeitos, forasteiros da Dispers\u00e3o\u201d em cinco prov\u00edncias romanas, escreve: \u201c<em>O Senhor n\u00e3o quer que nenhum pere\u00e7a, sen\u00e3o que todos cheguem ao arrependimento<\/em>\u201d (2 Pe 3.9). \u201c<em>A vontade de meu Pai<\/em>\u201d, diz Jesus, \u201c<em>\u00e9 que todo homem que vir o Filho e nele crer tenha a vida eterna<\/em>\u201d (Jo 6.40), e que estes crentes \u201c<em>fa\u00e7am a sua luz brilhar diante dos homens<\/em>\u201d (Mt 5.16).<\/p>\n<p>O dia do Ju\u00edzo Final vai revelar surpresa e decep\u00e7\u00e3o de muitos que naquele dia dir\u00e3o: \u201c<em>Senhor, Senhor! Porventura, n\u00e3o temos n\u00f3s profetizado em teu nome, e em teu nome n\u00e3o expelimos dem\u00f4nios, e em teu nome n\u00e3o fizemos muitos milagres?<\/em>\u201d E Jesus lhes dir\u00e1 explicitamente: \u201c<em>Nunca vos conheci. Apartai-vos de mim, os que praticais a iniq\u00fcidade<\/em>\u201d (vv. 22-23).<\/p>\n<p>Jesus diz: Voc\u00ea, que se confessa crist\u00e3o, que \u00e9 meu seguidor, voc\u00ea precisa fazer mais do que simplesmente declarar a verdade; voc\u00ea precisa viver de acordo com essa verdade. O cristianismo \u00e9 mais do que profiss\u00e3o de f\u00e9; \u00e9 um modo de vida! \u00c9 sal que salga e luz que brilha, que alumia nas trevas.<\/p>\n<p>Para ilustrar o seu ensino, de que n\u00f3s devemos ser praticantes da sua Palavra e n\u00e3o apenas ouvintes, Jesus contou a par\u00e1bola dos \u201cdois fundamentos\u201d, tamb\u00e9m conhecida como \u201cpar\u00e1bola dos dois construtores\u201d.<\/p>\n<p>O primeiro construtor que nosso Senhor descreve era um homem s\u00e1bio, prudente, que edificou a sua casa sobre a rocha. Ele escolheu o terreno apropriado, com todo cuidado, lan\u00e7ou as bases, o alicerce, seguindo, ent\u00e3o, na edifica\u00e7\u00e3o da casa.<\/p>\n<p>Ap\u00f3s ter conclu\u00eddo o projeto, e t\u00e3o logo que passou a morar na casa, come\u00e7ou a chover forte. Levantou um temporal, os ventos sopraram e deram com \u00edmpeto contra aquela casa. A chuva continuou e os ventos tamb\u00e9m continuavam soprando. Os rios transbordaram e a correnteza das \u00e1guas engolia o que vinha pela frente. Mas aquela casa permaneceu firme sobre o seu alicerce. Ela n\u00e3o caiou porque, Jesus disse, que ela \u201c<em>fora edificada sobre a rocha<\/em>\u201d.<\/p>\n<p>Isto, disse Jesus, \u00e9 a compara\u00e7\u00e3o com \u201c<em>todo aquele que ouve estas minhas palavras e as pratica<\/em>\u201d Ele est\u00e1 edificando a sua vida sobre o fundamento s\u00f3lido da minha Palavra. O que tamb\u00e9m \u00e9 v\u00e1lido para a igreja. \u201c<em>Nem mesmo as portas do inferno prevalecer\u00e3o contra ela<\/em>\u201d (Mt 16.18).<\/p>\n<p>O Salvador tamb\u00e9m descreve um segundo construtor. Ele tinha o mesmo prop\u00f3sito que o primeiro. Ele queria um lugar para morar. Provavelmente ele utilizou o mesmo material que o outro construtor. A B\u00edblia n\u00e3o diz nada que possa sugerir que este homem era menos capaz do que o outro. No entanto, Jesus o descreve como insensato, sem ju\u00edzo, porque fez uma coisa completamente errada: ele \u201c<em>edificou a sua casa sobre a areia<\/em>\u201d. Ela n\u00e3o resistiu \u00e0s intemp\u00e9ries do tempo. Quando caiu a chuva e os rios transbordaram; quando \u201c<em>sopraram os ventos e deram com \u00edmpeto contra aquela casa, ela desabou, sendo grande a sua ru\u00edna<\/em>\u201d (v.27). Assim \u00e9 o homem que ouve o ensino de Jesus, mas n\u00e3o age de acordo com ele. Est\u00e1 edificando a sua vida sem fundamento.<\/p>\n<p>Agora, prezado irm\u00e3o, prezada irm\u00e3, eu lhe pergunto: sobre qual fundamento voc\u00ea est\u00e1 edificando a sua vida? Voc\u00ea \u00e9 um acomodado ouvinte, ou um ativo e fervoroso praticante da Palavra de Deus? Veja sobre qual fundamento voc\u00ea est\u00e1 edificando e s\u00ea prudente.<\/p>\n<p>Se a sua vida est\u00e1 chacoalhando ou, quem sabe, at\u00e9 j\u00e1 desabou, h\u00e1 tempo para reconstru\u00ed-la sobre a rocha. Ou\u00e7a a palavra que Jesus est\u00e1 lhe dirigindo neste momento, colocando-a em pr\u00e1tica na sua vida. Esta palavra e o ensino de Cristo \u00e9 o firme fundamento sobre o qual n\u00f3s precisamos edificar a nossa vida.<\/p>\n<p>A sua Palavra nos ensina que Cristo mesmo \u00e9 a Rocha da nossa salva\u00e7\u00e3o. Ele \u00e9 a \u201cpedra angular\u201d. De a Escritura diz:\u201dNingu\u00e9m pode lan\u00e7ar outro fundamento, al\u00e9m do que foi posto, o qual \u00e9 Jesus Cristo\u201d (1 Co 3.11). Somente nele h\u00e1 perd\u00e3o dos pecados, vida e salva\u00e7\u00e3o. Ele \u00e9 o Caminho, e a Verdade,e a Vida; ningu\u00e9m vem ao Pai sen\u00e3o atrav\u00e9s dele (Jo 14.6). A sua morte expiat\u00f3ria estabeleceu a paz entre Deus e os homens, dando a n\u00f3s, filhos redimidos, acesso \u00e0 heran\u00e7a e \u00e0 casa do Pai celestial.<\/p>\n<p>E agora, \u00e9 a filhos e co-herdeiros com Cristo, homens e mulheres, crian\u00e7as e vov\u00f4s que o nosso Senhor se dirige para exort\u00e1-los que sejam praticantes, e n\u00e3o apenas ouvintes da sua Palavra. Ele quer que n\u00f3s o sigamos; sigamos seu exemplo de amor e servi\u00e7o, traduzindo a sua boa e misericordiosa vontade em a\u00e7\u00e3o para com os nossos semelhantes, em todas as oportunidades.<\/p>\n<p>O seu minist\u00e9rio e miss\u00e3o \u00e9 agora o nosso minist\u00e9rio e a nossa miss\u00e3o. Ele disse: \u201c<em>Assim como o Pai me enviou, eu tamb\u00e9m vos envio<\/em>\u201d (Jo 20.21).<\/p>\n<p>Que o Esp\u00edrito Santo nos encha de zelo santo para ouvirmos a Palavra de Deus sempre com alegria, concedendo-nos a gra\u00e7a de crer nela e viver uma vida santa em conformidade com ela, para louvor e gl\u00f3ria do nome do nosso Deus. Am\u00e9m.<\/p>\n<hr \/>\n<p class=\"Stil5\"><strong>Pastor Jos\u00e9 A. Schwanke <\/strong><br \/>\n<strong>Igreja Evang\u00e9lica Luterana do Brasil <\/strong><br \/>\n<strong>Erechim &#8211; RS \u2013 BRASIL <\/strong><br \/>\n<strong><a href=\"mailto:jaschwanke@tpo.com.br\">jaschwanke@tpo.com.br<\/a><\/strong><\/p>\n<\/div>\n","protected":false},"excerpt":{"rendered":"<p>SEGUNDO DOMINGO DE PENTECOSTES | 29 de Maio de 2005 |\u00a0Mateus 7.(15-20), 21-29 | Jos\u00e9 A. Schwanke | PRATICANTES DA PALAVRA E N\u00c3O APENAS OUVINTES Nosso texto constitui-se da \u00faltima parte (final) do discurso de Jesus, conhecido como \u201cSerm\u00e3o do Monte\u201d. Embora a sua mensagem tenha sido dirigida, especificamente, aos seus disc\u00edpulos, as \u201cmultid\u00f5es\u201d tamb\u00e9m [&hellip;]<\/p>\n","protected":false},"author":1,"featured_media":15918,"comment_status":"closed","ping_status":"closed","sticky":false,"template":"","format":"standard","meta":{"footnotes":""},"categories":[36,409,727,157,853,108,1339,153,349,3,112,109],"tags":[],"beitragende":[],"predigtform":[],"predigtreihe":[],"bibelstelle":[],"class_list":["post-10546","post","type-post","status-publish","format-standard","has-post-thumbnail","hentry","category-matthaeus","category-2-so-n-trinitatis","category-archiv","category-beitragende","category-bibel","category-current","category-jose-andre-schwanke","category-kapitel-7-chapter-7","category-kasus","category-nt","category-port","category-predigten"],"_links":{"self":[{"href":"https:\/\/www.theologie.uzh.ch\/apps\/gpi\/wp-json\/wp\/v2\/posts\/10546","targetHints":{"allow":["GET"]}}],"collection":[{"href":"https:\/\/www.theologie.uzh.ch\/apps\/gpi\/wp-json\/wp\/v2\/posts"}],"about":[{"href":"https:\/\/www.theologie.uzh.ch\/apps\/gpi\/wp-json\/wp\/v2\/types\/post"}],"author":[{"embeddable":true,"href":"https:\/\/www.theologie.uzh.ch\/apps\/gpi\/wp-json\/wp\/v2\/users\/1"}],"replies":[{"embeddable":true,"href":"https:\/\/www.theologie.uzh.ch\/apps\/gpi\/wp-json\/wp\/v2\/comments?post=10546"}],"version-history":[{"count":3,"href":"https:\/\/www.theologie.uzh.ch\/apps\/gpi\/wp-json\/wp\/v2\/posts\/10546\/revisions"}],"predecessor-version":[{"id":24856,"href":"https:\/\/www.theologie.uzh.ch\/apps\/gpi\/wp-json\/wp\/v2\/posts\/10546\/revisions\/24856"}],"wp:featuredmedia":[{"embeddable":true,"href":"https:\/\/www.theologie.uzh.ch\/apps\/gpi\/wp-json\/wp\/v2\/media\/15918"}],"wp:attachment":[{"href":"https:\/\/www.theologie.uzh.ch\/apps\/gpi\/wp-json\/wp\/v2\/media?parent=10546"}],"wp:term":[{"taxonomy":"category","embeddable":true,"href":"https:\/\/www.theologie.uzh.ch\/apps\/gpi\/wp-json\/wp\/v2\/categories?post=10546"},{"taxonomy":"post_tag","embeddable":true,"href":"https:\/\/www.theologie.uzh.ch\/apps\/gpi\/wp-json\/wp\/v2\/tags?post=10546"},{"taxonomy":"beitragende","embeddable":true,"href":"https:\/\/www.theologie.uzh.ch\/apps\/gpi\/wp-json\/wp\/v2\/beitragende?post=10546"},{"taxonomy":"predigtform","embeddable":true,"href":"https:\/\/www.theologie.uzh.ch\/apps\/gpi\/wp-json\/wp\/v2\/predigtform?post=10546"},{"taxonomy":"predigtreihe","embeddable":true,"href":"https:\/\/www.theologie.uzh.ch\/apps\/gpi\/wp-json\/wp\/v2\/predigtreihe?post=10546"},{"taxonomy":"bibelstelle","embeddable":true,"href":"https:\/\/www.theologie.uzh.ch\/apps\/gpi\/wp-json\/wp\/v2\/bibelstelle?post=10546"}],"curies":[{"name":"wp","href":"https:\/\/api.w.org\/{rel}","templated":true}]}}