{"id":10624,"date":"2005-07-07T19:49:14","date_gmt":"2005-07-07T17:49:14","guid":{"rendered":"https:\/\/theologie.whp.uzh.ch\/apps\/gpi\/?p=10624"},"modified":"2025-07-10T11:29:20","modified_gmt":"2025-07-10T09:29:20","slug":"mateo-1344-52","status":"publish","type":"post","link":"https:\/\/www.theologie.uzh.ch\/apps\/gpi\/mateo-1344-52\/","title":{"rendered":"Mateo 13:44-52"},"content":{"rendered":"<div align=\"left\">\n<h3><strong>10\u00ba Domingo de Pentecost\u00e9s | 24.7.2005 | Mateo 13:44-52 | Walter Dennis Mu\u00f1oz |<\/strong><\/h3>\n<p><strong>La sugerente pedagog\u00eda de Jes\u00fas. <\/strong><\/p>\n<p>Mateo 13 : 44-52<\/p>\n<p>Amables lectores:<\/p>\n<p>Una de las recurrentes tentaciones es seguir una l\u00ednea interpretativa literalista que nos lleva a considerar que las par\u00e1bolas son para los m\u00e1s ignorantes y para los iniciados ofrecer maneras m\u00e1s privilegiadas de entender las cosas del reino, o con mayor rigurosidad, tratar de entender al Dios con nosotros, Jesucristo.<\/p>\n<p>En el modelo del capitalismo de Estado, del marxismo leninismo aparec\u00eda la vanguardia del proletariado. En las religiones tradicionales el privilegio de las jerarqu\u00edas sacerdotales, llegando en el caso del catolicismo a transformar la sencilla y profundamente simb\u00f3lica cena con el pan y el vino, que hermana, que profundiza el recuerdo, con el presente y el futuro, en un acto con una criptogestualidad donde s\u00f3lo el sacerdote toma el vino produciendo un distanciamiento entre la jerarqu\u00eda sacerdotal y el pueblo creyente.<\/p>\n<p>Pero, pero, es importante resaltar que Jes\u00fas no justifica la ignorancia, ni la pobreza. Exige tambi\u00e9n el esfuerzo por aprender, por entender. Por dejar de ser masa. Baudrillard desde Francia acu\u00f1\u00f3 la noci\u00f3n del movimiento browniano de las masas tomando esa idea de R.Brown relativa al movimiento de las part\u00edculas en un medio acuoso. Las masas prefirieron a Barrab\u00e1s y no a Jes\u00fas. En las democracias formales dos tontos puede m\u00e1s que un sabio.<\/p>\n<p>De este modo el sentido profundo de la vida en su dimensi\u00f3n inmanente apunta a lo trascendente, a no agotarse aqu\u00ed y ahora en esta m\u00e1xima tan cara al neocapitalismo. Comamos y bebamos que ma\u00f1ana moriremos. Por eso la sabia pedagog\u00eda de Jes\u00fas ilumina desde las par\u00e1bolas a las grandes mayor\u00edas poni\u00e9ndolas al mismo nivel de comprensi\u00f3n y responsabilidad que los n\u00facleos m\u00e1s cultos, los cuales tampoco llevan ventaja. L\u00e9ase el caso de Nicodemo.<\/p>\n<p>Las redes de Dios son grandes y abarcadoras, apuntan a todos los hombres. No excluyen ni en el lenguaje, ni en el trato porque Dios en Jes\u00fas est\u00e1 al mismo nivel del hombre, porque no hace acepci\u00f3n de personas y como tales, aquellos que ponen todo lo que tienen para alcanzar ese tesoro apuntan a una sociedad planetaria justa, pac\u00edfica, fraterna y deja en manos de Dios, no asumiendo las descalificaciones ni las condenas, de ese modo la vida se hace plena, compartida. No ha sido esa la idea de Jes\u00fas cuando dijo: Venid a mi todo las trabajados y cargados que yo os har\u00e9 descansar?&#8230;.<\/p>\n<hr \/>\n<p><strong> Walter Dennis Mu\u00f1oz<br \/>\nPeriodista y semi\u00f3logo<br \/>\n<a href=\"mailto:denloyd8@adinet.com.uy\"> denloyd8@adinet.com.uy<\/a> <\/strong><\/p>\n<\/div>\n","protected":false},"excerpt":{"rendered":"<p>10\u00ba Domingo de Pentecost\u00e9s | 24.7.2005 | Mateo 13:44-52 | Walter Dennis Mu\u00f1oz | La sugerente pedagog\u00eda de Jes\u00fas. Mateo 13 : 44-52 Amables lectores: Una de las recurrentes tentaciones es seguir una l\u00ednea interpretativa literalista que nos lleva a considerar que las par\u00e1bolas son para los m\u00e1s ignorantes y para los iniciados ofrecer maneras [&hellip;]<\/p>\n","protected":false},"author":1,"featured_media":8326,"comment_status":"closed","ping_status":"closed","sticky":false,"template":"","format":"standard","meta":{"footnotes":""},"categories":[36,474,727,157,853,108,113,430,349,3,109,1240],"tags":[],"beitragende":[],"predigtform":[],"predigtreihe":[],"bibelstelle":[],"class_list":["post-10624","post","type-post","status-publish","format-standard","has-post-thumbnail","hentry","category-matthaeus","category-10-so-n-trinitatis","category-archiv","category-beitragende","category-bibel","category-current","category-espa","category-kapitel-13-chapter-13-matthaeus","category-kasus","category-nt","category-predigten","category-walter-dennis-munoz"],"_links":{"self":[{"href":"https:\/\/www.theologie.uzh.ch\/apps\/gpi\/wp-json\/wp\/v2\/posts\/10624","targetHints":{"allow":["GET"]}}],"collection":[{"href":"https:\/\/www.theologie.uzh.ch\/apps\/gpi\/wp-json\/wp\/v2\/posts"}],"about":[{"href":"https:\/\/www.theologie.uzh.ch\/apps\/gpi\/wp-json\/wp\/v2\/types\/post"}],"author":[{"embeddable":true,"href":"https:\/\/www.theologie.uzh.ch\/apps\/gpi\/wp-json\/wp\/v2\/users\/1"}],"replies":[{"embeddable":true,"href":"https:\/\/www.theologie.uzh.ch\/apps\/gpi\/wp-json\/wp\/v2\/comments?post=10624"}],"version-history":[{"count":3,"href":"https:\/\/www.theologie.uzh.ch\/apps\/gpi\/wp-json\/wp\/v2\/posts\/10624\/revisions"}],"predecessor-version":[{"id":25007,"href":"https:\/\/www.theologie.uzh.ch\/apps\/gpi\/wp-json\/wp\/v2\/posts\/10624\/revisions\/25007"}],"wp:featuredmedia":[{"embeddable":true,"href":"https:\/\/www.theologie.uzh.ch\/apps\/gpi\/wp-json\/wp\/v2\/media\/8326"}],"wp:attachment":[{"href":"https:\/\/www.theologie.uzh.ch\/apps\/gpi\/wp-json\/wp\/v2\/media?parent=10624"}],"wp:term":[{"taxonomy":"category","embeddable":true,"href":"https:\/\/www.theologie.uzh.ch\/apps\/gpi\/wp-json\/wp\/v2\/categories?post=10624"},{"taxonomy":"post_tag","embeddable":true,"href":"https:\/\/www.theologie.uzh.ch\/apps\/gpi\/wp-json\/wp\/v2\/tags?post=10624"},{"taxonomy":"beitragende","embeddable":true,"href":"https:\/\/www.theologie.uzh.ch\/apps\/gpi\/wp-json\/wp\/v2\/beitragende?post=10624"},{"taxonomy":"predigtform","embeddable":true,"href":"https:\/\/www.theologie.uzh.ch\/apps\/gpi\/wp-json\/wp\/v2\/predigtform?post=10624"},{"taxonomy":"predigtreihe","embeddable":true,"href":"https:\/\/www.theologie.uzh.ch\/apps\/gpi\/wp-json\/wp\/v2\/predigtreihe?post=10624"},{"taxonomy":"bibelstelle","embeddable":true,"href":"https:\/\/www.theologie.uzh.ch\/apps\/gpi\/wp-json\/wp\/v2\/bibelstelle?post=10624"}],"curies":[{"name":"wp","href":"https:\/\/api.w.org\/{rel}","templated":true}]}}