{"id":10720,"date":"2005-09-07T19:49:26","date_gmt":"2005-09-07T17:49:26","guid":{"rendered":"https:\/\/theologie.whp.uzh.ch\/apps\/gpi\/?p=10720"},"modified":"2025-07-14T10:06:03","modified_gmt":"2025-07-14T08:06:03","slug":"2-corintios-1","status":"publish","type":"post","link":"https:\/\/www.theologie.uzh.ch\/apps\/gpi\/2-corintios-1\/","title":{"rendered":"Mateus 21.28-32"},"content":{"rendered":"<div align=\"left\">\n<h3>D\u00e9cimo Nono Domingo Ap\u00f3s Pentecoste | 25 de setembro de 2005 |\u00a0Mateus 21.28-32 | Alex Marciano Schm\u00f6kel |<\/h3>\n<p><strong>FAZENDO A VONTADE DO PAI <\/strong><\/p>\n<p>Que o Deus e Pai de toda a gra\u00e7a, amor e miseric\u00f3rdia esteja conosco durante o ouvir e o meditar de Sua Santa Palavra, em nome e por amor de nosso Senhor e Salvador Jesus Cristo. Am\u00e9m<\/p>\n<p><strong> INTRODU\u00c7\u00c3O <\/strong><\/p>\n<p>Nestes \u00faltimos anos tem-se escutado muito sobre a educa\u00e7\u00e3o de crian\u00e7as e jovens. Percebe-se freq\u00fcentemente a queixa de que os filhos n\u00e3o est\u00e3o mais respeitando e obedecendo aos seus pais como deviam.<\/p>\n<p>Muitos pais t\u00eam chorado e lamentado a desobedi\u00eancia de seus filhos. Outros pais se queixam que por melhor que educam seus filhos, ensinando-lhes o que \u00e9 certo e prevenindo-os do que \u00e9 errado, eles agem contra a vontade dos pais.<\/p>\n<p><strong> CONTEXTO<\/strong><\/p>\n<p>Na esfera espiritual estas coisas n\u00e3o s\u00e3o diferentes; elas tamb\u00e9m acontecem. E para explicar isto, Jesus apresenta uma par\u00e1bola aos Seus opositores e perseguidores, a par\u00e1bola dos dois filhos.<\/p>\n<p>Mas o que Jesus queria ensinar com esta par\u00e1bola?<\/p>\n<p>O ensino de Jesus fica claro se olharmos para o contexto em que est\u00e1 inserida esta par\u00e1bola. Os l\u00edderes judeus, na \u00e9poca de Jesus conheciam as profecias a respeito da vinda do Messias, conheciam toda a Palavra de Deus do Antigo Testamento, mas praticavam a vontade de Deus s\u00f3 de maneira externa e n\u00e3o por meio de um arrependimento e de uma convers\u00e3o sincera de seus cora\u00e7\u00f5es e mentes.<\/p>\n<p><strong> I \u2013 N\u00c3O DE MANEIRA HIP\u00d3CRITA<\/strong><\/p>\n<p>Para exemplificar bem este Seu ensino, Jesus contou a par\u00e1bola dos dois filhos, em que o pai solicitou que seus filhos fossem trabalhar na sua planta\u00e7\u00e3o de uvas. E diz o texto que o primeiro disse que iria, mas n\u00e3o foi; e o segundo disse que n\u00e3o iria, mas arrependido, acabou indo.<\/p>\n<p>O primeiro filho, aquele que disse para o pai que iria trabalhar na planta\u00e7\u00e3o de uvas e n\u00e3o foi, \u00e9 o representante fiel dos fariseus. Pois ele disse uma coisa e fez outra. Esta era a atitude dos fariseus na \u00e9poca de Jesus. Eles conheciam a Palavra de Deus, \u201ccumpriam\u201d os mandamentos de Deus, mas por dentro seus cora\u00e7\u00f5es estavam longe de Deus. Toda sua vida e todo seu agir era de maneira hip\u00f3crita.<\/p>\n<p>Ser\u00e1 que em nossa Comunidade, muitos n\u00e3o agem como este primeiro filho? Muitos sabem qual \u00e9 a vontade de nosso Deus e Pai, mas n\u00e3o a cumprem e muitos quando a cumprem, cumprem de maneira hip\u00f3crita, somente externamente para dar a impress\u00e3o de um \u201cbom crist\u00e3o\u201d.<\/p>\n<p>Podemos citar um exemplo pr\u00e1tico da nossa vida crist\u00e3. Quantos de n\u00f3s ainda est\u00e3o lembrados daquela pergunta feita pelo nosso pastor, por ocasi\u00e3o do dia de nossa Confirma\u00e7\u00e3o, em que ele nos perguntou: <em>\u201cQuereis, conformar toda vossa vida estritamente com a norma da Palavra de Deus, fazer uso abundante dos meios da gra\u00e7a, agir dignamente segundo o evangelho de Jesus e permanecer fiel ao Deus Tri\u00fano, em f\u00e9, palavras e obras, at\u00e9 \u00e0 morte?\u201d<\/em> E n\u00f3s respondemos: <em>\u201cQueremos, com a gra\u00e7a de Deus.\u201d<\/em><\/p>\n<p>Muitos de n\u00f3s prometemos isto diante do Altar de nosso Deus, mas algum tempo depois acabamos esquecendo desta bela promessa de fazermos a vontade de nosso Deus, de servirmos ao nosso Senhor e Salvador Jesus Cristo.<\/p>\n<p>E assim vamos ao culto, \u00e0 Santa Ceia, ao estudo b\u00edblico, muitas vezes unicamente por for\u00e7a do h\u00e1bito, por costume, ou como diz o outro, para marcar presen\u00e7a, mas infelizmente sa\u00edmos como entramos, n\u00e3o aproveitando a mensagem de perd\u00e3o, consolo, amor e esperan\u00e7a que nosso Senhor e Salvador Jesus Cristo sempre nos oferece por meio de Sua Palavra e da Santa Ceia.<\/p>\n<p>Em outras ocasi\u00f5es cantamos nossos hinos sem refletir em sua letra e mensagem que nos trazem. Cantamos os mesmos embalados somente pela melodia.<\/p>\n<p>Mas onde est\u00e1 a solu\u00e7\u00e3o para estes problemas? Onde est\u00e1 a solu\u00e7\u00e3o para agirmos de modo diferente, para fazermos a vontade de nosso Pai, o Deus Todo-Poderoso?<\/p>\n<p><strong> II \u2013 MAS DE MANEIRA SINCERA<\/strong><\/p>\n<p>A resposta para estas perguntas e a solu\u00e7\u00e3o para este problema \u00e9 o que o profeta Ezequiel nos diz: <em>\u201cDar-vos-ei cora\u00e7\u00e3o novo e porei dentro de v\u00f3s esp\u00edrito novo; tirarei de v\u00f3s o cora\u00e7\u00e3o de pedra e vos darei cora\u00e7\u00e3o de carne. Porei dentro de v\u00f3s o meu Esp\u00edrito e farei que andeis nos meus estatutos, guardeis os meus ju\u00edzos e os observeis\u201d <\/em>(Ez 36.26,27). E tamb\u00e9m o que o mesmo profeta diz no texto do Antigo Testamento lido h\u00e1 pouco: <em>\u201cLan\u00e7ai de v\u00f3s todas as vossas transgress\u00f5es com que transgredistes e criai em v\u00f3s cora\u00e7\u00e3o novo e esp\u00edrito novo; (&#8230;) Porque n\u00e3o tenho prazer na morte de ningu\u00e9m, diz o SENHOR Deus. Portanto, convertei-vos e vivei.\u201d<\/em><\/p>\n<p>A solu\u00e7\u00e3o n\u00e3o est\u00e1 dentro de n\u00f3s, ela vem de fora. Ela vem de Deus. O Esp\u00edrito de Deus, por meio da Palavra age em nosso cora\u00e7\u00e3o e, como no caso do segundo filho, o Esp\u00edrito de Deus nos leva ao arrependimento de nossos pecados e, conseq\u00fcentemente, Ele tamb\u00e9m nos leva a fazer a vontade do Pai com sinceridade, movidos pelo amor de Deus por n\u00f3s e em n\u00f3s.<\/p>\n<p>Precisamos nos arrepender de nossos pecados, erros e falhas e deixar o perd\u00e3o e o amor de Jesus agir em nosso cora\u00e7\u00e3o, nos converter e nos levar a viver uma nova vida, servir ao Senhor Jesus com alegria.<\/p>\n<p>Para fazermos a vontade do Pai de maneira sincera, n\u00e3o \u00e9 suficiente reconhecer o pecado como algo que ofende a Deus; precisa haver arrependimento verdadeiro. N\u00e3o \u00e9 suficiente conhecer Jesus apenas intelectualmente como Salvador; Jesus precisa estar no cora\u00e7\u00e3o e ser seguido. N\u00e3o \u00e9 suficiente saber-se que h\u00e1 perd\u00e3o junto a Deus; precisa haver desejo e apropria\u00e7\u00e3o do perd\u00e3o. N\u00e3o basta aceitar Jesus como Senhor com a boca; Jesus precisa estar entronado no cora\u00e7\u00e3o e que governar a nossa vida. N\u00e3o basta apenas ouvir, mas a Palavra precisa ser cumprida. N\u00e3o basta o uso de palavras piedosas, boas inten\u00e7\u00f5es, grandes promessas, mas a completa submiss\u00e3o \u00e0 vontade de Deus.<\/p>\n<p>Desta maneira o Esp\u00edrito Santo age em n\u00f3s, por meio da Palavra de Deus, levando-nos ao arrependimento, mudando nossa maneira de ser e de viver, fazendo a vontade do Pai.<em>\u00a0 <\/em><\/p>\n<p><strong> CONCLUS\u00c3O<\/strong><\/p>\n<p>Portanto, meus amados!<\/p>\n<p>Que, a exemplo do segundo filho da par\u00e1bola, nos arrependamos de nossos pecados e, sob a orienta\u00e7\u00e3o da Palavra de nosso Deus, fa\u00e7amos a Sua vontade com alegria, amor e sinceridade, n\u00e3o falsamente imaginando termos direito a receber m\u00e9ritos e honras, mas em resposta ao Seu amor por n\u00f3s; em resposta ao amor de Jesus que nos deu o perd\u00e3o de todos os nossos pecados e a salva\u00e7\u00e3o eterna. Am\u00e9m.<\/p>\n<p>E a paz de Deus, que excede todo o entendimento, guardar\u00e1 o vosso cora\u00e7\u00e3o e a vossa mente em Cristo Jesus. Am\u00e9m.<\/p>\n<p><em> Soli Deo Gloria!<\/em><\/p>\n<hr \/>\n<p><strong>Alex Marciano Schm\u00f6kel<br \/>\n<\/strong><strong>Vera Cruz \u2013 RS \u2013 Brasil<br \/>\n<\/strong><strong>Igreja Evang\u00e9lica Luterana do Brasil (IELB)<br \/>\n<\/strong><strong><a href=\"mailto:amschmokel@terra.com.br\">amschmokel@terra.com.br<br \/>\n<\/a><\/strong><strong>http:\/\/www.ielb.org.br<\/strong><\/p>\n<\/div>\n","protected":false},"excerpt":{"rendered":"<p>D\u00e9cimo Nono Domingo Ap\u00f3s Pentecoste | 25 de setembro de 2005 |\u00a0Mateus 21.28-32 | Alex Marciano Schm\u00f6kel | FAZENDO A VONTADE DO PAI Que o Deus e Pai de toda a gra\u00e7a, amor e miseric\u00f3rdia esteja conosco durante o ouvir e o meditar de Sua Santa Palavra, em nome e por amor de nosso Senhor [&hellip;]<\/p>\n","protected":false},"author":1,"featured_media":8543,"comment_status":"closed","ping_status":"closed","sticky":false,"template":"","format":"standard","meta":{"footnotes":""},"categories":[36,540,1215,727,157,853,108,274,349,3,112,109],"tags":[],"beitragende":[],"predigtform":[],"predigtreihe":[],"bibelstelle":[],"class_list":["post-10720","post","type-post","status-publish","format-standard","has-post-thumbnail","hentry","category-matthaeus","category-19-so-n-trinitatis","category-alex-mariano-schmoekel","category-archiv","category-beitragende","category-bibel","category-current","category-kapitel-21-chapter-21-matthaeus","category-kasus","category-nt","category-port","category-predigten"],"_links":{"self":[{"href":"https:\/\/www.theologie.uzh.ch\/apps\/gpi\/wp-json\/wp\/v2\/posts\/10720","targetHints":{"allow":["GET"]}}],"collection":[{"href":"https:\/\/www.theologie.uzh.ch\/apps\/gpi\/wp-json\/wp\/v2\/posts"}],"about":[{"href":"https:\/\/www.theologie.uzh.ch\/apps\/gpi\/wp-json\/wp\/v2\/types\/post"}],"author":[{"embeddable":true,"href":"https:\/\/www.theologie.uzh.ch\/apps\/gpi\/wp-json\/wp\/v2\/users\/1"}],"replies":[{"embeddable":true,"href":"https:\/\/www.theologie.uzh.ch\/apps\/gpi\/wp-json\/wp\/v2\/comments?post=10720"}],"version-history":[{"count":3,"href":"https:\/\/www.theologie.uzh.ch\/apps\/gpi\/wp-json\/wp\/v2\/posts\/10720\/revisions"}],"predecessor-version":[{"id":25159,"href":"https:\/\/www.theologie.uzh.ch\/apps\/gpi\/wp-json\/wp\/v2\/posts\/10720\/revisions\/25159"}],"wp:featuredmedia":[{"embeddable":true,"href":"https:\/\/www.theologie.uzh.ch\/apps\/gpi\/wp-json\/wp\/v2\/media\/8543"}],"wp:attachment":[{"href":"https:\/\/www.theologie.uzh.ch\/apps\/gpi\/wp-json\/wp\/v2\/media?parent=10720"}],"wp:term":[{"taxonomy":"category","embeddable":true,"href":"https:\/\/www.theologie.uzh.ch\/apps\/gpi\/wp-json\/wp\/v2\/categories?post=10720"},{"taxonomy":"post_tag","embeddable":true,"href":"https:\/\/www.theologie.uzh.ch\/apps\/gpi\/wp-json\/wp\/v2\/tags?post=10720"},{"taxonomy":"beitragende","embeddable":true,"href":"https:\/\/www.theologie.uzh.ch\/apps\/gpi\/wp-json\/wp\/v2\/beitragende?post=10720"},{"taxonomy":"predigtform","embeddable":true,"href":"https:\/\/www.theologie.uzh.ch\/apps\/gpi\/wp-json\/wp\/v2\/predigtform?post=10720"},{"taxonomy":"predigtreihe","embeddable":true,"href":"https:\/\/www.theologie.uzh.ch\/apps\/gpi\/wp-json\/wp\/v2\/predigtreihe?post=10720"},{"taxonomy":"bibelstelle","embeddable":true,"href":"https:\/\/www.theologie.uzh.ch\/apps\/gpi\/wp-json\/wp\/v2\/bibelstelle?post=10720"}],"curies":[{"name":"wp","href":"https:\/\/api.w.org\/{rel}","templated":true}]}}