{"id":10841,"date":"2021-02-07T19:49:06","date_gmt":"2021-02-07T19:49:06","guid":{"rendered":"https:\/\/theologie.whp.uzh.ch\/apps\/gpi\/?p=10841"},"modified":"2023-02-03T09:46:35","modified_gmt":"2023-02-03T08:46:35","slug":"marcos-13-33-37-2","status":"publish","type":"post","link":"https:\/\/www.theologie.uzh.ch\/apps\/gpi\/marcos-13-33-37-2\/","title":{"rendered":"Marcos 13.33-37"},"content":{"rendered":"<h3>Predicaci\u00f3n para el 1\u00b0 Adviento. Fecha: 27.11.05<br \/>\nTexto seg\u00fan LET serie B : Marcos 13.33-37 por Patricia Cuyatti<\/h3>\n<hr \/>\n<p><strong>Vigilantes en el amor de Dios &#8211; <\/strong><\/p>\n<p>Los domingos de adviento nos remiten a un tiempo de preparaci\u00f3n y espera. Por lo general esperamos el nacimiento de nuestro Salvador y Dios Jesucristo. Una y otra vez nos admiramos en la forma como vino al mundo, en su humildad y desinter\u00e9s por cualquier tipo de gloria, realeza o poder\u00edo. Quien sabe, hay momentos en que damos mayor \u00e9nfasisal \u201cni\u00f1ito Jes\u00fas\u201d pues para la familia, los ni\u00f1os y ni\u00f1as de casa el armar el nacimiento y esperar a que llegue el d\u00eda 24 por la noche es todo un acontecimiento.<\/p>\n<p>No obstante el texto de hoy nos invita a estar alerta, a vigilar, a mantenernos despiertos y despiertas. \u00bfPor qu\u00e9 tales recomendaciones? \u00bfQu\u00e9 de nuestra espera del nacimiento de nuestro salvador con regocijo y expectativa? En verdad, esta invitaci\u00f3n quiere mover nuestra atenci\u00f3n personal y como iglesia a aquella vigilancia por la vida.<\/p>\n<p>Si bien Jes\u00fas se encarn\u00f3 en un beb\u00e9 haci\u00e9ndose semejante a los seres humanos, su divinidad evidencia su santidad (el no tener pecado) y su compromiso por la vida. Sus actos de servicio fueron congruentes porque estuvo a favor de los y las m\u00e1s necesitadas, permaneci\u00f3 vigilante y activo a favor de las personas marginadas. Alert\u00f3 y denunci\u00f3 toda injusticia e inhumanidad. \u00bfLa raz\u00f3n? su profundo amor hacia el y la pecadora, sin ser c\u00f3mplice del sufrimiento e injusticia, del pecado.<\/p>\n<p>Genealmente los medios de comunicaci\u00f3n nos alertan sobre ciertos peligros o nos ponen \u201cal d\u00eda\u201d con noticias impactantes y novedosas. Pero las noticias tambi\u00e9n estan mediatizadas por intereses, buscan ganar la atenci\u00f3n del p\u00fablico, y en mucho de casos, hay un sin fin de informaciones que no se llegan a cubrir. Veamos algunos ejemplos:<\/p>\n<ul>\n<li>En nuestro vecino pa\u00eds Colombia, cada d\u00eda desaparecen l\u00edderes campesinos, pacifistas, mujeres que luchan por igualdad y paz en su sociedad, estudiantes universitarios\/as que comprenden y denuncian aquella realidad, otras\/os que en el anonimato han sido silenciados de manera impune.<\/li>\n<li>En pa\u00edses donde los recursos naturales son bondadosos, transnacionales invierten para obtener enormes beneficios a costa de debilitadas leyes, sub empleo, explotaci\u00f3n y maltrato de la naturaleza contaminando r\u00edos, aire y personas. El caso en La Oroya, en los Andes centrales de Per\u00fa, muestra que ni\u00f1os y ni\u00f1as viven con alto porcentaje de plomo en la sangre, de continuar tal situaci\u00f3n est\u00e1n condenados\/as a morir.<\/li>\n<li>En pa\u00edses donde tales transnacionales se instalan y \u201cotorgan trabajo\u201d en condiciones inhumanas, con bajo salario, con exesivas horas laborales y pocos o ning\u00fan beneficio poco se habla de justicia laboral. Tambi\u00e9n en los pa\u00edses pobres de Europa.<\/li>\n<li>En pa\u00edses donde hay guerra, las mujeres sufren todo tipo de violaci\u00f3n. Un caso desgarrador es del Congo, por poner un ejemplo.<\/li>\n<li>Sabemos de la deuda externa en la mayor\u00eda de los pa\u00edses tercermundistas, pero todav\u00eda no se ha informado conscientemente que se trata de una deuda <strong>e<\/strong>(x)<strong>terna<\/strong> y usurera. Los altos intereses impiden su pago y colaboran al empobrecimiento de esas naciones.<\/li>\n<li>Los ocultos acuerdos de hace 11 a\u00f1os del ALCA &#8211; Acuerdo de Libre Comercio de las Am\u00e9ricas, que de espaldas a la poblaci\u00f3n y organizaciones sociales buscan garantizar mejores ganancias de las corporaciones transnacionales.<\/li>\n<\/ul>\n<p>Si estas y otras informaciones se dejan pendientes \u00bfqu\u00e9 otras situaciones est\u00e1n aconteciendo en cada pa\u00eds, poblaci\u00f3n, comunidad? \u00bfA que se refiere el texto b\u00edblico cuando nos llama a la vigilancia, al estar atentos\/as, despiertos\/as?<\/p>\n<p>El mensaje es para no dejar adormecida nuestra sensibilidad frente al sufrimiento del pr\u00f3jimo y pr\u00f3jima. El hecho b\u00e1sico es que Jes\u00fas no nace solo para unos cuantos, la espera en adviento nos confronta con los actos de servicio y justicia de Jes\u00fas. El cumplimiento del tan esperado mes\u00edas y salvador rompi\u00f3 las expectativas de aquel entonces, Jes\u00fas se hizo real lo espec\u00edfico del reino de Dios: su amor.<\/p>\n<p>Jes\u00fas actu\u00f3 de manera inesperada frente a cada situaci\u00f3n de injusticia o sufrimiento. En la narraci\u00f3n que precede el texto, Marcos 12.41-44 se sienta a observar la actitud los ricos que ofrendan de lo que les sobra y la actitud de la viuda, quien da todo lo que ten\u00eda \u00a1Gran ense\u00f1anza! No obstante, la finalidad en su conversaci\u00f3n pedag\u00f3gica con los y las disc\u00edpulas es hacerles caer en cuenta que las ofrendas estaban siendo mal usadas. Su abierta denuncia se dirige a las autoridades religiosas, quienes \u201cse apoderan del dinero de las viudas\u201d (Mc. 12.40). Al \u201capoderarse\u201d de las ofrendas destinadas para servir justamente a aquellas mujeres desamparadas, la ley del amor y el dinero como medio de servicio son manipulados para fines personales y ego\u00edstas.<\/p>\n<p>La denuncia de Jes\u00fas nos llama a \u201ctener cuidado\u201d no solo de los maestros de la ley, sino tambi\u00e9n de aquellos que con exigencias legalistas impiden la libre, justa y alegre participaci\u00f3n en la iglesia, sociedad, en la b\u00fasqueda de paz de quienes son condenan como pecadores y pecadoras. Adem\u00e1s, nos llama a tener cuidado y estar vigilantes ante todo tipo de relaci\u00f3n que proponga relaciones injustas, frente al abuso y el apoderarse de los bienes de las personas desamparadas, que hoy en d\u00eda \u00a1no son solo las viudas\u00a1<\/p>\n<p>Como iglesia estamos llamadas y llamados a estar alerta, es decir a promover y motivar la vida, la concresi\u00f3n del amor de Dios. Nuestra acci\u00f3n estar\u00e1 movida por el amor de Dios, pero tambi\u00e9n por el sufrimiento de las personas. Quien ama puede identificarse profundamente con el dolor ajeno, moverse en servicio y buscar vias de cambio a tales situaciones. Si la denuncia contra los maestros de la ley fue abusar de los y las necesitadas, ahora ella se ampl\u00eda y nos llama a no ser indiferentes e insensibles frente a toda forma de uso del poder para beneficios privados, opresi\u00f3n, injusticia.<\/p>\n<p>He aqu\u00ed la clave de la invitaci\u00f3n a mantenernos despiertas y despiertos, de vigilar, de estar alerta \u00bfAcaso no ser\u00eda un eco en el vac\u00edo decir \u201cDios te ama\u201d y no solidarizarse, acompa\u00f1ar, buscar alternativas frente al dolor y la miseria de una persona? \u00bfY tal actitud no ser\u00eda deshonesta frente a Dios? En adviento recibimos el llamado a prepararnos, a descentrar nuestras acciones m\u00e1s all\u00e1 de las fronteras de la propia familia cristiana, m\u00e1s alla de intereses privados a fin de que den mensaje de esperanza del amor de Dios. Entonces dej\u00e9monos desafiar por ella y compromet\u00e1monos con acciones concretas en nuestra propia familia, comunidad, barrio en la inspiraci\u00f3n y mediante el amor esperanzador que este adviento nos ofrece.<\/p>\n<p>A trav\u00e9s de la acci\u00f3n y servicio de la iglesia y otras organizaciones Dios busca mostrar su amor. En solidaridad juntemos esfuerzos para promover el mensaje de esperanza, de confianza y paz de Dios, pues en cualquier momento har\u00e1 real su reino en plenitud.<\/p>\n<hr \/>\n<p class=\"Stil4\"><strong>Rvda. Patricia Cuyatti <\/strong><br \/>\n<strong>Pastora de la Iglesia Luterana Evang\u00e9lica Peruana \u2013 ILEP<\/strong><br \/>\n<strong><a href=\"mailto:moya_02@hotmail.com\">moya_02@hotmail.com<\/a><\/strong><\/p>\n","protected":false},"excerpt":{"rendered":"<p>Predicaci\u00f3n para el 1\u00b0 Adviento. Fecha: 27.11.05 Texto seg\u00fan LET serie B : Marcos 13.33-37 por Patricia Cuyatti Vigilantes en el amor de Dios &#8211; Los domingos de adviento nos remiten a un tiempo de preparaci\u00f3n y espera. Por lo general esperamos el nacimiento de nuestro Salvador y Dios Jesucristo. Una y otra vez nos [&hellip;]<\/p>\n","protected":false},"author":1,"featured_media":16385,"comment_status":"closed","ping_status":"closed","sticky":false,"template":"","format":"standard","meta":{"footnotes":""},"categories":[37,727,120,853,108,113,279,1157,3,109,126],"tags":[],"beitragende":[],"predigtform":[],"predigtreihe":[],"bibelstelle":[],"class_list":["post-10841","post","type-post","status-publish","format-standard","has-post-thumbnail","hentry","category-markus","category-archiv","category-bes_gelegenheiten","category-bibel","category-current","category-espa","category-kapitel-13-chapter-13-markus","category-let-serie-b","category-nt","category-predigten","category-predigtreihen"],"_links":{"self":[{"href":"https:\/\/www.theologie.uzh.ch\/apps\/gpi\/wp-json\/wp\/v2\/posts\/10841","targetHints":{"allow":["GET"]}}],"collection":[{"href":"https:\/\/www.theologie.uzh.ch\/apps\/gpi\/wp-json\/wp\/v2\/posts"}],"about":[{"href":"https:\/\/www.theologie.uzh.ch\/apps\/gpi\/wp-json\/wp\/v2\/types\/post"}],"author":[{"embeddable":true,"href":"https:\/\/www.theologie.uzh.ch\/apps\/gpi\/wp-json\/wp\/v2\/users\/1"}],"replies":[{"embeddable":true,"href":"https:\/\/www.theologie.uzh.ch\/apps\/gpi\/wp-json\/wp\/v2\/comments?post=10841"}],"version-history":[{"count":1,"href":"https:\/\/www.theologie.uzh.ch\/apps\/gpi\/wp-json\/wp\/v2\/posts\/10841\/revisions"}],"predecessor-version":[{"id":16386,"href":"https:\/\/www.theologie.uzh.ch\/apps\/gpi\/wp-json\/wp\/v2\/posts\/10841\/revisions\/16386"}],"wp:featuredmedia":[{"embeddable":true,"href":"https:\/\/www.theologie.uzh.ch\/apps\/gpi\/wp-json\/wp\/v2\/media\/16385"}],"wp:attachment":[{"href":"https:\/\/www.theologie.uzh.ch\/apps\/gpi\/wp-json\/wp\/v2\/media?parent=10841"}],"wp:term":[{"taxonomy":"category","embeddable":true,"href":"https:\/\/www.theologie.uzh.ch\/apps\/gpi\/wp-json\/wp\/v2\/categories?post=10841"},{"taxonomy":"post_tag","embeddable":true,"href":"https:\/\/www.theologie.uzh.ch\/apps\/gpi\/wp-json\/wp\/v2\/tags?post=10841"},{"taxonomy":"beitragende","embeddable":true,"href":"https:\/\/www.theologie.uzh.ch\/apps\/gpi\/wp-json\/wp\/v2\/beitragende?post=10841"},{"taxonomy":"predigtform","embeddable":true,"href":"https:\/\/www.theologie.uzh.ch\/apps\/gpi\/wp-json\/wp\/v2\/predigtform?post=10841"},{"taxonomy":"predigtreihe","embeddable":true,"href":"https:\/\/www.theologie.uzh.ch\/apps\/gpi\/wp-json\/wp\/v2\/predigtreihe?post=10841"},{"taxonomy":"bibelstelle","embeddable":true,"href":"https:\/\/www.theologie.uzh.ch\/apps\/gpi\/wp-json\/wp\/v2\/bibelstelle?post=10841"}],"curies":[{"name":"wp","href":"https:\/\/api.w.org\/{rel}","templated":true}]}}