{"id":11126,"date":"2021-02-07T19:49:07","date_gmt":"2021-02-07T19:49:07","guid":{"rendered":"https:\/\/theologie.whp.uzh.ch\/apps\/gpi\/?p=11126"},"modified":"2023-02-03T09:04:31","modified_gmt":"2023-02-03T08:04:31","slug":"sl-139-1-12-at-4-8-12-1-jo-1-1-2-2-lc-24-36-49","status":"publish","type":"post","link":"https:\/\/www.theologie.uzh.ch\/apps\/gpi\/sl-139-1-12-at-4-8-12-1-jo-1-1-2-2-lc-24-36-49\/","title":{"rendered":"Sl 139.1-12; At 4.8-12; 1 Jo 1.1-2.2; Lc 24.36-49"},"content":{"rendered":"<div align=\"left\">\n<h3>03\u00ba Domingo de p\u00e1scoa \u2013 30 de abril de 2006<br \/>\nS\u00e9rie Trienal B \u2013 Bertram Gustavo Kaufmann<\/h3>\n<hr \/>\n<p style=\"text-align: left;\">Sl 139.1-12<br \/>\nAt 4.8-12<br \/>\n1 Jo 1.1-2.2<br \/>\nLc 24.36-49<br \/>\n<em>\u201cEnquanto estavam contando isso, Jesus apareceu de repente no meio deles e disse:<br \/>\n&#8211; Que a paz esteja com voc\u00eas!<br \/>\nEles ficaram surpresos e com muito medo e pensaram que estavam vendo um fantasma. Mas ele disse:<br \/>\n&#8211; Por que voc\u00eas est\u00e3o assustados? Por que h\u00e1 tantas d\u00favidas na cabe\u00e7a de voc\u00eas? Olhem para as minhas m\u00e3os e para os meus p\u00e9s e vejam que sou eu mesmo. Toquem em mim e voc\u00eas v\u00e3o crer, pois um fantasma n\u00e3o tem carne nem ossos, como voc\u00eas est\u00e3o vendo que eu tenho.<br \/>\nJesus disse isso e mostrou as suas m\u00e3os e os seus p\u00e9s. Eles ainda n\u00e3o acreditavam, pois estavam muito alegres e admirados. Ent\u00e3o ele perguntou:<br \/>\n&#8211; Voc\u00eas t\u00eam aqui alguma coisa para comer?<br \/>\nE eles lhe deram um peda\u00e7o de peixe assado, que ele pegou e comeu diante deles. Depois disse:<br \/>\n&#8211; O que est\u00e1 escrito \u00e9 que o Messias tinha de sofrer e no terceiro dia ressuscitar. E que, em nome dele, a mensagem sobre o arrependimento e o perd\u00e3o dos pecados seria anunciada a todas as na\u00e7\u00f5es, come\u00e7ando em Jerusal\u00e9m. Voc\u00eas s\u00e3o testemunhas destas coisas. E eu lhes mandarei o que o meu Pai prometeu. Mas esperem aqui em Jerusal\u00e9m, at\u00e9 que o poder de cima venha sobre voc\u00eas.\u201d<\/em><\/p>\n<p style=\"text-align: center;\"><em><br \/>\n<\/em><strong>I<\/strong><\/p>\n<p style=\"text-align: left;\">Os disc\u00edpulos estavam conversando, dois deles haviam acabado de ver Jesus Cristo na estrada e contavam isso aos outros disc\u00edpulos. Durante a conversa, de repente, aparece entre eles o pr\u00f3prio Jesus Cristo vivo, ressuscitado.<br \/>\nCertamente aquele foi um momento incr\u00edvel para aqueles homens, tanto, que ficaram assustados e com medo, chegaram a pensar que fosse um fantasma. Jesus mostra que n\u00e3o se trata de um esp\u00edrito, fantasma ou coisa parecida, mas que realmente era o Jesus vivo que estava ali. Como ele mesmo disse: \u201c<em>Olhem para as minhas m\u00e3os e os meus p\u00e9s e vejam que sou eu mesmo. Toquem em mim e voc\u00eas v\u00e3o crer, pois um fantasma n\u00e3o tem carne nem ossos, como voc\u00eas est\u00e3o vendo que eu tenho<\/em>\u201d (Lc 24.39).<\/p>\n<p>Estamos na \u00e9poca da P\u00e1scoa e comemoramos a ressurrei\u00e7\u00e3o de Jesus Cristo, hoje olhamos para ele, ressurreto, aparecendo aos disc\u00edpulos. Jesus, morto pelos homens e ressuscitado por Deus, venceu a morte, \u00e9 garantia de que n\u00f3s tamb\u00e9m ressuscitaremos. A ressurrei\u00e7\u00e3o de Jesus Cristo nos leva a pensar sobre nossa pr\u00f3pria ressurrei\u00e7\u00e3o. N\u00e3o queremos especular sobre como ser\u00e1, nossa mente n\u00e3o consegue entender ou compreender tudo o que acontecer\u00e1 naquele momento: onde se juntar\u00e3o todos? e aqueles que morreram h\u00e1 muitos anos?&#8230; Mas queremos olhar para o que a B\u00edblia diz e confiar no poder de Deus. Em 1 Co 15 lemos assim: \u201c<em>A verdade \u00e9 que Cristo foi ressuscitado e isso \u00e9 a garantia de que os que est\u00e3o mortos tamb\u00e9m ressuscitar\u00e3o<\/em>\u201d<br \/>\nJesus est\u00e1 vivo, em carne e osso; ele faz quest\u00e3o de provar isso aos disc\u00edpulos, tanto que pede por comida para mostrar que n\u00e3o \u00e9 um fantasma. Aqueles homens foram testemunhas da ressurrei\u00e7\u00e3o, eles escreveram, inspirados por Deus, o que hoje n\u00f3s lemos na B\u00edblia Sagrada para que todos saibamos sobre essa incr\u00edvel verdade, pois Jesus pediu que essa mensagem fosse divulgada.<\/p>\n<p style=\"text-align: center;\"><strong>II<\/strong><\/p>\n<p style=\"text-align: left;\">Depois de ressuscitado, Jesus ainda se preocupa com seus disc\u00edpulos e deseja ensina-los. Fala sobre como ele cumpriu tudo o que o Antigo Testamento profetizava a respeito do Messias; sobre como os homens o rejeitaram, tanto a ponto de prega-lo em uma cruz. N\u00f3s rejeitamos a Jesus e o pregamos na cruz. Est\u00e1 certo que aconteceu h\u00e1 muito tempo, mas cada um de n\u00f3s \u00e9 culpado por isso e \u00e9 importante que olhemos e reconhe\u00e7amos nossa culpa, esse \u00e9 um dos pontos principais nessa medita\u00e7\u00e3o: o reconhecimento do erro e o arrependimento. N\u00e3o adianta olhar para a hist\u00f3ria e falar que o povo da \u00e9poca matou Jesus, importa olharmos para nossa vida, e que cada chegue \u00e0 conclus\u00e3o: eu matei Jesus.<br \/>\nMatamos Jesus com nossos pecados, n\u00e3o h\u00e1 como nega-los, \u201c<em>se dizemos que n\u00e3o temos pecado, estamos nos enganando e n\u00e3o h\u00e1 verdade em n\u00f3s<\/em>\u201d (1 Jo 1.8).<br \/>\nN\u00f3s rejeitamos a Jesus e o matamos; mas Deus \u00e9 mais poderoso, e, assim como havia prometido, Ele ressuscitou a Jesus. N\u00f3s o matamos \u2013 Deus o ressuscitou. Jesus, a pedra que foi rejeitada veio a ser a principal pedra, a \u00fanica capaz de salvar, \u201c<em>A salva\u00e7\u00e3o s\u00f3 pode ser conseguida por meio dele. Pois n\u00e3o h\u00e1 no mundo inteiro, nenhum outro que Deus tenha dado aos seres humanos, por meio do qual possamos ser salvos.<\/em>\u201d (At 4.12)<br \/>\nTodos pecamos, agora necessitamos do perd\u00e3o. Onde encontra-lo? A B\u00edblia \u00e9 muito clara e precisa nesta resposta.<\/p>\n<p style=\"text-align: center;\"><strong>III<\/strong><\/p>\n<p>O perd\u00e3o \u00e9 encontrado somente em Jesus. \u00c0s vezes procuramos salva\u00e7\u00e3o em outros lugares, em outros nomes; mas precisamos aprender a confiar inteiramente em Jesus Cristo. N\u00e3o falamos aqui da procura a \u00eddolos grosseiros, dos que procuram perd\u00e3o e salva\u00e7\u00e3o junto a santos, ou mesmo anjos e acabam idolatrando. Mas em nosso meio, em nossas vidas, talvez a procura mais comum por salva\u00e7\u00e3o seja na pr\u00f3pria pessoa, a mania de olharmos para n\u00f3s mesmos e acharmos: eu n\u00e3o sou t\u00e3o mau assim, sempre ajudo, venho aos cultos&#8230; devo merecer algo de Deus.<br \/>\nN\u00e3o h\u00e1 nenhum outro nome que possa perdoar, n\u00f3s n\u00e3o conseguimos conquistar nada de Deus, n\u00e3o merecemos nem um pouco o perd\u00e3o. Precisamos aprender a confiar em Jesus Cristo, ele perdoa completamente, se Jesus n\u00e3o perdoasse 100% ningu\u00e9m iria para o c\u00e9u, pois n\u00e3o h\u00e1 quem mere\u00e7a alguma coisa de Deus.<br \/>\nO reconhecimento do erro, o arrependimento e a total confian\u00e7a no perd\u00e3o em Jesus. Esse \u00e9 o caminho certo. \u201c<em>Se confessarmos os nossos pecados a Deus, Ele cumprir\u00e1 sua promessa e far\u00e1 o que \u00e9 correto: ele nos perdoar\u00e1 de todos os pecados e nos limpar\u00e1 de toda a maldade.<\/em>\u201d (1 Jo 1.9)<\/p>\n<p style=\"text-align: center;\"><strong>IV<\/strong><\/p>\n<p>Quem confia em Cristo recebe esse perd\u00e3o e isso aparece em sua vida. Deus \u00e9 luz, se estamos unidos com a luz tamb\u00e9m vivemos na luz. \u00c9 imposs\u00edvel viver unido com Deus &#8211; a luz, e n\u00e3o viver de uma maneira crist\u00e3, viver na escurid\u00e3o. Onde n\u00e3o h\u00e1 boas obras, onde n\u00e3o h\u00e1 luz, \u00e9 porque n\u00e3o h\u00e1 f\u00e9. A f\u00e9 produz obras, n\u00e3o \u00e9 uma escolha, se \u00e9 crist\u00e3o h\u00e1 obras. Ningu\u00e9m pode ser crist\u00e3o somente no final de semana ou pior, somente em datas especiais, como 6\u00aa feira santa e Natal, o no resto do ano ou no resto da semana deixar Deus de lado; ou se \u00e9 sempre crist\u00e3o sempre ou n\u00e3o se \u00e9 crist\u00e3o.<br \/>\nN\u00f3s sabemos que Jesus vive, reconhecemos nossos erros e nos arrependemos por tudo o que fizemos. Confiamos na obra de Jesus e na promessa de Deus, por isso sabemos que somos perdoados.<br \/>\nAgora, tendo essa certeza e alegria que o perd\u00e3o d\u00e1, vamos viver na luz, pois estamos unidos com a luz, somos testemunhas de Jesus.<br \/>\nJesus \u00e9 o cumprimento do que est\u00e1 escrito, e o \u201c<em>que est\u00e1 escrito \u00e9 que o Messias tinha de sofrer e no terceiro dia ressuscitar. E que, em nome dele, a mensagem sobre o arrependimento e o perd\u00e3o dos pecados seria anunciada a todas as na\u00e7\u00f5es<\/em>\u201d (Lc 24.47)<br \/>\nAgrade\u00e7am a Deus, pois esta mensagem chegou tamb\u00e9m a n\u00f3s, hoje sabemos dos nossos pecados e da necessidade de arrependimento, sabemos que Cristo perdoa, que ele ressuscitou e n\u00f3s tamb\u00e9m ressuscitaremos. Agrade\u00e7amos a Deus que nos ama tanto e fez tudo isso por n\u00f3s. Preguemos essa mensagem em nome de Jesus. Am\u00e9m.<\/p>\n<hr \/>\n<p><strong>Bertram Gustavo Kaufmann<br \/>\nCoronel Vivida \u2013 PR \u2013 Brasil<br \/>\n<a href=\"mailto:bertram_alessa@hotmail.com\">bertram_alessa@hotmail.com<\/a><br \/>\nIgreja Evang\u00e9lica Luterana do Brasil<br \/>\n<\/strong><\/p>\n<\/div>\n","protected":false},"excerpt":{"rendered":"<p>03\u00ba Domingo de p\u00e1scoa \u2013 30 de abril de 2006 S\u00e9rie Trienal B \u2013 Bertram Gustavo Kaufmann Sl 139.1-12 At 4.8-12 1 Jo 1.1-2.2 Lc 24.36-49 \u201cEnquanto estavam contando isso, Jesus apareceu de repente no meio deles e disse: &#8211; Que a paz esteja com voc\u00eas! Eles ficaram surpresos e com muito medo e pensaram [&hellip;]<\/p>\n","protected":false},"author":1,"featured_media":11844,"comment_status":"closed","ping_status":"closed","sticky":false,"template":"","format":"standard","meta":{"footnotes":""},"categories":[38,40,18,56,2,727,120,853,108,952,403,448,319,3,112,109,126,1158],"tags":[],"beitragende":[],"predigtform":[],"predigtreihe":[],"bibelstelle":[],"class_list":["post-11126","post","type-post","status-publish","format-standard","has-post-thumbnail","hentry","category-lukas","category-apostelgeschichte","category-psalmen","category-1-johannes","category-at","category-archiv","category-bes_gelegenheiten","category-bibel","category-current","category-kapitel-01-chapter-01-1-johannes","category-kapitel-04-chapter-04-apostelgeschichte","category-kapitel-139-chapter-139","category-kapitel-24-chapter-24","category-nt","category-port","category-predigten","category-predigtreihen","category-serie-trienal-b"],"_links":{"self":[{"href":"https:\/\/www.theologie.uzh.ch\/apps\/gpi\/wp-json\/wp\/v2\/posts\/11126","targetHints":{"allow":["GET"]}}],"collection":[{"href":"https:\/\/www.theologie.uzh.ch\/apps\/gpi\/wp-json\/wp\/v2\/posts"}],"about":[{"href":"https:\/\/www.theologie.uzh.ch\/apps\/gpi\/wp-json\/wp\/v2\/types\/post"}],"author":[{"embeddable":true,"href":"https:\/\/www.theologie.uzh.ch\/apps\/gpi\/wp-json\/wp\/v2\/users\/1"}],"replies":[{"embeddable":true,"href":"https:\/\/www.theologie.uzh.ch\/apps\/gpi\/wp-json\/wp\/v2\/comments?post=11126"}],"version-history":[{"count":1,"href":"https:\/\/www.theologie.uzh.ch\/apps\/gpi\/wp-json\/wp\/v2\/posts\/11126\/revisions"}],"predecessor-version":[{"id":16373,"href":"https:\/\/www.theologie.uzh.ch\/apps\/gpi\/wp-json\/wp\/v2\/posts\/11126\/revisions\/16373"}],"wp:featuredmedia":[{"embeddable":true,"href":"https:\/\/www.theologie.uzh.ch\/apps\/gpi\/wp-json\/wp\/v2\/media\/11844"}],"wp:attachment":[{"href":"https:\/\/www.theologie.uzh.ch\/apps\/gpi\/wp-json\/wp\/v2\/media?parent=11126"}],"wp:term":[{"taxonomy":"category","embeddable":true,"href":"https:\/\/www.theologie.uzh.ch\/apps\/gpi\/wp-json\/wp\/v2\/categories?post=11126"},{"taxonomy":"post_tag","embeddable":true,"href":"https:\/\/www.theologie.uzh.ch\/apps\/gpi\/wp-json\/wp\/v2\/tags?post=11126"},{"taxonomy":"beitragende","embeddable":true,"href":"https:\/\/www.theologie.uzh.ch\/apps\/gpi\/wp-json\/wp\/v2\/beitragende?post=11126"},{"taxonomy":"predigtform","embeddable":true,"href":"https:\/\/www.theologie.uzh.ch\/apps\/gpi\/wp-json\/wp\/v2\/predigtform?post=11126"},{"taxonomy":"predigtreihe","embeddable":true,"href":"https:\/\/www.theologie.uzh.ch\/apps\/gpi\/wp-json\/wp\/v2\/predigtreihe?post=11126"},{"taxonomy":"bibelstelle","embeddable":true,"href":"https:\/\/www.theologie.uzh.ch\/apps\/gpi\/wp-json\/wp\/v2\/bibelstelle?post=11126"}],"curies":[{"name":"wp","href":"https:\/\/api.w.org\/{rel}","templated":true}]}}