{"id":11139,"date":"2021-02-07T19:48:52","date_gmt":"2021-02-07T19:48:52","guid":{"rendered":"https:\/\/theologie.whp.uzh.ch\/apps\/gpi\/?p=11139"},"modified":"2023-03-06T23:13:14","modified_gmt":"2023-03-06T22:13:14","slug":"salmo-23-1-6","status":"publish","type":"post","link":"https:\/\/www.theologie.uzh.ch\/apps\/gpi\/salmo-23-1-6\/","title":{"rendered":"Salmo 23.1-6"},"content":{"rendered":"<div align=\"left\">\n<h3><strong>Quarto Domingo de P\u00e1scoa \u2013 7 de maio de 2006 <\/strong><br \/>\n<strong>Salmo 23.1-6 \u2013 Lindolfo Pieper<\/strong><\/h3>\n<hr \/>\n<p>O SENHOR \u00c9 O MEU PASTOR<\/p>\n<p>Salmo 23.1-6: \u201cO Senhor \u00e9 o meu pastor: nada me faltar\u00e1. Ele me faz repousar em pastos verdejantes. Leva-me para junto das \u00e1guas de descanso; refrigera-me a alma. Guia-me pelas veredas da justi\u00e7a por amor do seu nome. Ainda que eu ande pelo vale da sombra da morte, n\u00e3o temerei mal nenhum, porque tu est\u00e1s comigo: a tua vara e o teu cajado me consolam. Preparas-me uma mesa na presen\u00e7a dos meus advers\u00e1rios, unges-me a cabe\u00e7a com \u00f3leo; o meu c\u00e1lice transborda. Bondade e miseric\u00f3rdia certamente me seguir\u00e3o todos os dias da minha vida; e habitarei na casa do Senhor para todo o sempre\u201d.<\/p>\n<p>Certa vez um conferencista muito famoso foi assistir a um culto no domingo de manh\u00e3 em uma igreja na Esc\u00f3cia. Como se tratasse de um grande orador, foi-lhe pedido que recitasse o Salmo 23. Ele concordou. Recitou com muita gra\u00e7a e perfei\u00e7\u00e3o o salmo. A congrega\u00e7\u00e3o ficou impressionada com a sua declama\u00e7\u00e3o.<\/p>\n<p>Em seguida algu\u00e9m da plat\u00e9ia pediu que o pastor recitasse o mesmo salmo. Humilde, mas sinceramente, ele o fez com grande sentimento. Quando terminou, a congrega\u00e7\u00e3o tinha l\u00e1grimas nos olhos de emo\u00e7\u00e3o.<\/p>\n<p>O culto terminou. Um amigo do conferencista veio ter com ele e perguntou-lhe se havia notado o efeito diferente que as duas recita\u00e7\u00f5es tinham tido sobre o povo. Por um momento o orador guardou sil\u00eancio. Depois replicou com um alto senso de humildade: \u201cSim, eu notei. \u00c9 que eu conhe\u00e7o o salmo, mas ele conhece o pastor\u201d.<\/p>\n<p align=\"center\"><strong> I <\/strong><\/p>\n<p>O Salmo 23 \u00e9 o salmo mais bonito, conhecido e lido por todos. Quantas pessoas, no leito da morte, j\u00e1 n\u00e3o recitaram este salmo? Outras pessoas, em momentos de dificuldades, tribula\u00e7\u00f5es e ang\u00fastias encontraram neste salmo consolo, conforto e \u00e2nimo.<\/p>\n<p>O Salmo 23 \u00e9 t\u00e3o consolador e confortante porque nasceu da experi\u00eancia do pr\u00f3prio autor. O salmista Davi neste salmo conta a sua pr\u00f3pria experi\u00eancia. Ele no Salmo 23 retrata a sua pr\u00f3pria vida.<\/p>\n<p>Assim como as ovelhas est\u00e3o sujeitas a muitos perigos, necessitando de algu\u00e9m que as cuide, assim tamb\u00e9m ele, Davi, precisava de um bom pastor que tomasse conta de sua vida nesse mundo de perigos, dificuldades e tenta\u00e7\u00f5es. Portanto, para entendermos bem o Salmo 23 \u00e9 preciso que conhe\u00e7amos alguma coisa sobre as ovelhas.<\/p>\n<p>A ovelha \u00e9 um animal manso, indefeso e que necessita de muitos cuidados da parte do pastor. Especialmente nos tempos b\u00edblicos, em que foi escrito o salmo, existiam muitos ladr\u00f5es, assaltantes e animais ferozes. O pastor tinha que ficar em constante alerta contra os perigos. Al\u00e9m disso, era o pastor que levava as ovelhas para o pasto e depois as reconduzia de volta.<\/p>\n<p>Tamb\u00e9m n\u00f3s nesta vida enfrentamos muitas dificuldades, perigos e obst\u00e1culos. Precisamos muito de um bom Pastor que nos ajude. E Deus est\u00e1 sempre pronto para nos ajudar e defender contra todos os perigos. Ele n\u00e3o nos deixa faltar nada: dele vem o sustento e a for\u00e7a para a vida. Por isso podemos dizer: <strong>\u201cO Senhor \u00e9 o meu Pastor, nada me faltar\u00e1\u201d. <\/strong><\/p>\n<p align=\"center\"><strong> II<\/strong><\/p>\n<p>Um dos trabalhos do pastor de ovelhas era procurar sempre a melhor pastagem para as suas ovelhas, como tamb\u00e9m \u00e1gua limpa e fresca. E os pastores faziam isso com muito cuidado, porque sabiam que disso dependia o seu sucesso como pastor.<\/p>\n<p>Tamb\u00e9m o nosso bom Pastor Jesus procura sempre o melhor para n\u00f3s. Deus nos ama e por isso procura sempre o nosso bem. Tudo o que precisa ser feito por n\u00f3s, ele o faz.<\/p>\n<p>Embora o pastor de ovelhas sempre deseje o bem de suas ovelhas, ele, no entanto, tinha que fazer algumas coisas com elas que elas n\u00e3o gostavam.<\/p>\n<p>Quando, por exemplo, elas estavam com bicheira, era preciso colocar rem\u00e9dio na ferida, o que ardia muito. Outras vezes ele tinha que lhes aplicar uma inje\u00e7\u00e3o ou ainda fazer uma pequena cirurgia a fim de abrir um tumor.<\/p>\n<p>Tamb\u00e9m n\u00f3s como crist\u00e3os passamos por coisas que n\u00e3o gostamos e nem entendemos. Algumas vezes s\u00e3o problemas financeiros, outras vezes \u00e9 um acidente, doen\u00e7a ou ainda a morte. Mas Deus sabe o que \u00e9 melhor para n\u00f3s. Diz ele em sua Palavra, em Isa\u00edas 29: <strong>\u201cEu \u00e9 que sei que pensamentos tenho a vosso respeito: pensamentos de paz e n\u00e3o de mal, para vos dar o fim que desejais\u201d. <\/strong><\/p>\n<p>Deus nunca deseja o mal de seus filhos, mas sempre o bem. Por isso doen\u00e7as, dificuldades nos neg\u00f3cios, acidentes e morte, n\u00e3o devem ser considerados pelo crist\u00e3o como um castigo, mas sim como uma b\u00ean\u00e7\u00e3o. \u00c9 o que o ap\u00f3stolo Paulo diz em Romanos 8.28: <strong>\u201cTodas as coisas cooperam para o bem daqueles que amam a Deus\u201d. <\/strong><\/p>\n<p>Mas o pastor de ovelhas tinha que fazer coisas ainda piores do que aplicar inje\u00e7\u00e3o e rasgar tumores: ele tinha que \u00e0s vezes quebrar a perna das ovelhas rebeldes e fujonas para que ficassem junto com as outras ovelhas.<\/p>\n<p>Um pastor conta que ele tinha certa vez uma ovelha que n\u00e3o lhe obedecia: sempre passava na cerca, fugia e n\u00e3o queria ficar junto com as outras ovelhas. Ele fez de tudo para segur\u00e1-la: colocou-a num pasto melhor, mas nada adiantou.<\/p>\n<p>E, a fim de que ela n\u00e3o estragasse as outras ovelhas, o pastor teve que fazer uma coisa que ele n\u00e3o gostava, mas que foi obrigado a fazer: teve que quebrar uma das pernas da ovelha. E depois que ele quebrou a perna dela, ela nunca mais saiu do pasto e nem se afastou das outras ovelhas.<\/p>\n<p>Quantas vezes n\u00f3s como crist\u00e3os tamb\u00e9m nos afastamos da comunh\u00e3o com Deus, nos tornamos rebeldes, fugimos e n\u00e3o mais o obedecemos. Deus nos chama de volta pelo Evangelho, faz de tudo para n\u00e3o nos perder. Mas quando ele v\u00ea que n\u00e3o tem jeito, ele nos joga na cama, permite acontecer um acidente na nossa vida, um fracasso financeiro, a fim de nos trazer de volta para a Cristo. \u00c9 o que n\u00f3s lemos em Hebreus 12: <strong>\u201cFilho meu, n\u00e3o menosprezes a corre\u00e7\u00e3o que vem do Senhor, nem desmaies quando por ele \u00e9 reprovado. Porque o Senhor corrige a quem ama e a\u00e7oita a todo a quem recebe como filho\u201d. <\/strong><\/p>\n<p align=\"center\"><strong> III<\/strong><\/p>\n<p>Nesse sentido a pr\u00f3pria morte do crist\u00e3o pode ser considerada uma b\u00ean\u00e7\u00e3o: Deus o est\u00e1 chamando ao descanso eterno antes que ele se desvie ou sofre mais sobre a terra. Deus conhece a vida e o fim de cada um de n\u00f3s. Ele sabe o que pode acontecer quando uma pessoa viver mais tempo sobre a terra.<\/p>\n<p>Por isso, antes que ele se desvie ou passe por grandes sofrimentos, Deus o leva para junto de si. Ou\u00e7am o que Deus diz em Isa\u00edas 57: <strong>\u201cPerece o justo e n\u00e3o h\u00e1 que se impressione com isso? E os homens piedosos s\u00e3o arrebatados, sem que algu\u00e9m considere nesse fato! Pois o justo \u00e9 levado antes que venha o mal e entra na paz. Descansem nos seus leitos os que andam em retid\u00e3o\u201d. <\/strong><\/p>\n<p>Por isso dizemos no Salmo 23<strong>: \u201cAinda que eu ande pelo vele da sombra da morte, n\u00e3o temerei mal nenhum, porque tu est\u00e1s comigo\u201d. <\/strong><\/p>\n<p>Ora, se Deus est\u00e1 conosco e se Deus s\u00f3 deseja o nosso bem, ent\u00e3o n\u00e3o precisamos ficar com medo, mesmo quando passamos por momentos dif\u00edceis, pois tudo cooperar\u00e1 para o nosso bem.<\/p>\n<p>E, quando as dificuldades da vida forem t\u00e3o grandes que n\u00e3o podemos mais suportar, fazendo a nossa alma sair do corpo, podemos ter a certeza de que <strong>\u201chabitaremos na casa do Senhor para todo o sempre\u201d. <\/strong><\/p>\n<p align=\"center\"><strong> Conclus\u00e3o <\/strong><\/p>\n<p>Esse \u00e9 o Salmo 23. Aqui est\u00e1 o motivo porque os crist\u00e3os, nas mais diversas situa\u00e7\u00f5es, encontram consolo, conforto e \u00e2nimo nesse salmo.<\/p>\n<p>Prezado amigo e amiga. Conhece voc\u00ea o bom Pastor? Pode voc\u00ea dizer o mesmo que o salmista Davi: <strong>\u201cO Senhor \u00e9 o meu Pastor, nada me faltar\u00e1?\u201d. <\/strong><\/p>\n<p>Se a sua resposta for sim, ent\u00e3o enfrente a vida com a cabe\u00e7a erguida, certo de que com a presen\u00e7a do bom Pastor Jesus nada lhe faltar\u00e1. De que, enquanto estiver aqui neste mundo, neste vale de l\u00e1grima, a bondade e a miseric\u00f3rdia do Senhor lhe acompanhar\u00e1 todos os dias da sua vida. E quando a vida terminar, voc\u00ea tem a certeza de que ir\u00e1 habitar com o Senhor para todo o sempre. Am\u00e9m.<\/p>\n<p><strong>Lindolfo Pieper<\/strong> <strong><br \/>\nJaru, RO \u2013 Brasil<br \/>\nIgreja Evang\u00e9lica Luterana do Brasil<br \/>\n<a href=\"mailto:piperlin@uol.com.br\">piperlin@uol.com.br<br \/>\n<\/a><\/strong><a href=\"http:\/\/www.ielb.org.br\/\" target=\"_blank\" rel=\"noopener\"><strong> www.ielb.org.br<\/strong><\/a><\/p>\n<\/div>\n","protected":false},"excerpt":{"rendered":"<p>Quarto Domingo de P\u00e1scoa \u2013 7 de maio de 2006 Salmo 23.1-6 \u2013 Lindolfo Pieper O SENHOR \u00c9 O MEU PASTOR Salmo 23.1-6: \u201cO Senhor \u00e9 o meu pastor: nada me faltar\u00e1. Ele me faz repousar em pastos verdejantes. Leva-me para junto das \u00e1guas de descanso; refrigera-me a alma. Guia-me pelas veredas da justi\u00e7a por [&hellip;]<\/p>\n","protected":false},"author":1,"featured_media":15569,"comment_status":"closed","ping_status":"closed","sticky":false,"template":"","format":"standard","meta":{"footnotes":""},"categories":[18,2,727,157,853,108,346,493,112,109],"tags":[],"beitragende":[],"predigtform":[],"predigtreihe":[],"bibelstelle":[],"class_list":["post-11139","post","type-post","status-publish","format-standard","has-post-thumbnail","hentry","category-psalmen","category-at","category-archiv","category-beitragende","category-bibel","category-current","category-kapitel-023-chapter-023","category-lindolfo-pieper","category-port","category-predigten"],"_links":{"self":[{"href":"https:\/\/www.theologie.uzh.ch\/apps\/gpi\/wp-json\/wp\/v2\/posts\/11139","targetHints":{"allow":["GET"]}}],"collection":[{"href":"https:\/\/www.theologie.uzh.ch\/apps\/gpi\/wp-json\/wp\/v2\/posts"}],"about":[{"href":"https:\/\/www.theologie.uzh.ch\/apps\/gpi\/wp-json\/wp\/v2\/types\/post"}],"author":[{"embeddable":true,"href":"https:\/\/www.theologie.uzh.ch\/apps\/gpi\/wp-json\/wp\/v2\/users\/1"}],"replies":[{"embeddable":true,"href":"https:\/\/www.theologie.uzh.ch\/apps\/gpi\/wp-json\/wp\/v2\/comments?post=11139"}],"version-history":[{"count":1,"href":"https:\/\/www.theologie.uzh.ch\/apps\/gpi\/wp-json\/wp\/v2\/posts\/11139\/revisions"}],"predecessor-version":[{"id":17269,"href":"https:\/\/www.theologie.uzh.ch\/apps\/gpi\/wp-json\/wp\/v2\/posts\/11139\/revisions\/17269"}],"wp:featuredmedia":[{"embeddable":true,"href":"https:\/\/www.theologie.uzh.ch\/apps\/gpi\/wp-json\/wp\/v2\/media\/15569"}],"wp:attachment":[{"href":"https:\/\/www.theologie.uzh.ch\/apps\/gpi\/wp-json\/wp\/v2\/media?parent=11139"}],"wp:term":[{"taxonomy":"category","embeddable":true,"href":"https:\/\/www.theologie.uzh.ch\/apps\/gpi\/wp-json\/wp\/v2\/categories?post=11139"},{"taxonomy":"post_tag","embeddable":true,"href":"https:\/\/www.theologie.uzh.ch\/apps\/gpi\/wp-json\/wp\/v2\/tags?post=11139"},{"taxonomy":"beitragende","embeddable":true,"href":"https:\/\/www.theologie.uzh.ch\/apps\/gpi\/wp-json\/wp\/v2\/beitragende?post=11139"},{"taxonomy":"predigtform","embeddable":true,"href":"https:\/\/www.theologie.uzh.ch\/apps\/gpi\/wp-json\/wp\/v2\/predigtform?post=11139"},{"taxonomy":"predigtreihe","embeddable":true,"href":"https:\/\/www.theologie.uzh.ch\/apps\/gpi\/wp-json\/wp\/v2\/predigtreihe?post=11139"},{"taxonomy":"bibelstelle","embeddable":true,"href":"https:\/\/www.theologie.uzh.ch\/apps\/gpi\/wp-json\/wp\/v2\/bibelstelle?post=11139"}],"curies":[{"name":"wp","href":"https:\/\/api.w.org\/{rel}","templated":true}]}}