{"id":11169,"date":"2021-02-07T19:48:53","date_gmt":"2021-02-07T19:48:53","guid":{"rendered":"https:\/\/theologie.whp.uzh.ch\/apps\/gpi\/?p=11169"},"modified":"2023-02-28T17:43:01","modified_gmt":"2023-02-28T16:43:01","slug":"lucas-24-44-53-3","status":"publish","type":"post","link":"https:\/\/www.theologie.uzh.ch\/apps\/gpi\/lucas-24-44-53-3\/","title":{"rendered":"Lucas 24, 44 \u2013 53"},"content":{"rendered":"<h3 align=\"left\"><strong>Ascensi\u00f3n de Nuestro Se\u00f1or Fecha: 25\/05\/06 <\/strong><br \/>\n<strong>Texto: Lc 24, 44 \u2013 53, Sergio A. Schmidt<\/strong><\/h3>\n<hr \/>\n<div align=\"left\">Apreciada comunidad:<\/div>\n<div align=\"left\">\n<p>Este pasaje es muy importante, como es importante todo lo que celebramos el d\u00eda de hoy. La ascensi\u00f3n de nuestro Se\u00f1or Jesucristo es mucho m\u00e1s de lo que generalmente pensamos. La ascensi\u00f3n de Jes\u00fas es m\u00e1s que el hecho que Jes\u00fas tomara una especie de ascensor para ir al cielo, por as\u00ed decirlo. Este pasaje nos habla de las grandes caracter\u00edsticas de nuestra fe.<\/p>\n<p>1\u00ba) En primer lugar acent\u00faa la realidad de la resurrecci\u00f3n: nuestra fe no se basa en \u201chistorias inventadas\u201d. Nuestra fe no se basa en el hecho que las mujeres se confundieron de tumba; nuestra fe no se basa en alucinaciones o sue\u00f1os. Nuestra fe se basa en Alguien que verdaderamente enfrent\u00f3 a la muerte y la venci\u00f3 al resucitar.<\/p>\n<p>2\u00ba) En segundo lugar acent\u00faa la necesidad de la cruz de Jes\u00fas. Toda la escritura, todo el Antiguo Testamento apuntaba a este hecho. En la cruz de Jes\u00fas debemos ver a un Dios que se entrega a si mismo para salvar a sus hijos e hijas. S\u00ed, la cruz era parte del plan de Dios. Y Jes\u00fas ha sido fiel a esa misi\u00f3n.<\/p>\n<p>3\u00ba) En tercer lugar el texto acent\u00faa la necesidad que los disc\u00edpulos dejen el aposento alto y salgan al mundo, llamando al arrepentimiento y el ofrecimiento del perd\u00f3n de los pecados. Ya hab\u00edan quedado atr\u00e1s el tiempo de la tristeza y la desolaci\u00f3n por la muerte de Jes\u00fas, ahora, tras su resurrecci\u00f3n, era tiempo de alegr\u00eda y de compartir esa alegr\u00eda. Hay una historia<a href=\"#_ftn1\" name=\"_ftnref1\">(*)<\/a> que me gusta mucho y que refleja muy bien todo esto:<\/p>\n<p><em> Hab\u00eda un peque\u00f1o ni\u00f1o visitando a sus abuelos en su granja. El tenia una resortera (catapulta) con la que jugaba todo el d\u00eda, practicaba con ella en el bosque pero nunca daba en el blanco. <\/em><em> Estando un poco desilusionado, regres\u00f3 a casa para la cena.<\/p>\n<p>Al acercarse a casa, divis\u00f3 al pato mascota de la abuela. Sin poder contenerse, us\u00f3 su resortera y le peg\u00f3 al pato en la cabeza y lo mato.<br \/>\nEstaba triste y espantado, y todavia en p\u00e1nico, escondi\u00f3 el cad\u00e1ver del pato en el bosque. Pero se dio cuenta que su hermana lo estaba observando. Lucrecia lo hab\u00eda visto todo pero no dijo nada.<\/p>\n<p>Despues de comer la abuela dijo, &#8222;Lucrecia, acomp\u00e1\u00f1ame a lavar los platos.&#8220;<br \/>\nPero Lucrecia dijo, &#8222;Abuela, Pedro me dijo que hoy quer\u00eda ayudarte en la<br \/>\ncocina, \u00bfno es cierto Pedro? Y ella le susurr\u00f3 al oido:\u00a0 &#8222;\u00bfRecuerdas lo<br \/>\ndel pato?&#8220;\u00a0 Entonces, sin decir nada, Pedro lav\u00f3 los platos.<\/p>\n<p>En otra ocasi\u00f3n el abuelo pregunt\u00f3 a los ni\u00f1os si quer\u00edan ir de pesca, y la<br \/>\nabuela dijo, &#8222;Lo siento pero Lucrecia debe ayudarme a preparar la comida.&#8220; Pero<br \/>\nLucrecia con una sonrisa dijo, &#8222;Yo si puedo ir, porque Pedro me dijo que a \u00e9l<br \/>\nle gustar\u00eda ayudar.&#8220; Nuevamente le susurr\u00f3 al o\u00eddo &#8222;\u00bfRecuerdas lo del pato?&#8220;<br \/>\nEntonces Lucrecia fue a pescar y Pedro se qued\u00f3.<\/p>\n<p>Transcurridos muchos d\u00edas en que estaba haciendo sus propias tareas y las de<br \/>\nLucrecia, finalmente \u00e9l no pudo mas. Fue donde la abuela y confes\u00f3 que hab\u00eda matado al pato. Ella se arrodill\u00f3, le dio un gran abrazo y le dijo,<br \/>\n&#8222;Amorcito, yo ya lo sabia. Estuve parada en la ventana y lo vi todo, pero porque te amo te perdon\u00e9. Lo que me preguntaba era hasta cuando permitir\u00edas que Lucrecia te tenga como esclavo.&#8220;<br \/>\n<\/em><\/p>\n<p>4\u00ba) La que acent\u00faa este texto es que hab\u00eda comenzado una nueva etapa en nuestra relaci\u00f3n con Dios. Los disc\u00edpulos ya no depend\u00edan del Jes\u00fas de carne y hueso, sino del resucitado. Y es con la ascensi\u00f3n de Jes\u00fas cuando ellos reciben la seguridad y la garant\u00eda que no solamente pod\u00edan contar con la presencia de Jes\u00fas en todo momento y lugar y que, lo m\u00e1s importante, nadie los pod\u00eda separar de esa relaci\u00f3n con su Jes\u00fas resucitado y ascendido a los cielos. Nadie los pod\u00eda separar de esta relaci\u00f3n con Jesucristo.<\/p>\n<p>5\u00ba) Es por eso que, en \u00faltima instancia, tanto los primeros disc\u00edpulos que no solamente ten\u00edan a un amigo y Se\u00f1or en la tierra sino que, con la ascensi\u00f3n de Jes\u00fas, ellos ten\u00edan un amigo en el cielo. Esta promesa es tambi\u00e9n para nosotros. Sabemos que tenemos en el cielo a un amigo que nos acompa\u00f1a con su presencia a lo largo de nuestra vida y que, desde esta perspectiva, la muerte es s\u00f3lo un escal\u00f3n m\u00e1s que hay que dar en nuestro verdadero encuentro con \u00e9l.<\/p>\n<p>Qui\u00e9n mejor lo expres\u00f3 fue el ap\u00f3stol Pablo cuando dijo en Romanos 8:<\/p>\n<p>\u201c35\u00bfQui\u00e9n nos separar\u00e1 del amor de Cristo? \u00bfTribulaci\u00f3n, o angustia, o persecuci\u00f3n, o hambre, o desnudez, o peligro, o espada? 36 Como est\u00e1 escrito: Por causa de ti somos muertos todo el tiempo; Somos contados como ovejas de matadero. 37 Antes, en todas estas cosas somos m\u00e1s que vencedores por medio de aquel que nos am\u00f3. 38 Por lo cual estoy seguro de que ni la muerte, ni la vida, ni \u00e1ngeles, ni principados, ni potestades, ni lo presente, ni lo por venir, 39 ni lo alto, ni lo profundo, ni ninguna otra cosa creada nos podr\u00e1 separar del amor de Dios, que es en Cristo Jes\u00fas Se\u00f1or nuestro\u201d.<\/p>\n<p>Que as\u00ed sea.<\/p>\n<p>Am\u00e9n.<\/p>\n<p class=\"Stil4\">Sergio A. Schmidt<br \/>\nPastor de la IERP<br \/>\nBs. As. Argentina<br \/>\n<a href=\"mailto:breschischmidt@telecentro.com.ar\">breschischmidt@telecentro.com.ar<\/a><\/p>\n<p><a href=\"#_ftnref1\" name=\"_ftn1\"><\/a> (*) De: Red de Amigos Cristianos.<\/p>\n<\/div>\n","protected":false},"excerpt":{"rendered":"<p>Ascensi\u00f3n de Nuestro Se\u00f1or Fecha: 25\/05\/06 Texto: Lc 24, 44 \u2013 53, Sergio A. Schmidt Apreciada comunidad: Este pasaje es muy importante, como es importante todo lo que celebramos el d\u00eda de hoy. La ascensi\u00f3n de nuestro Se\u00f1or Jesucristo es mucho m\u00e1s de lo que generalmente pensamos. La ascensi\u00f3n de Jes\u00fas es m\u00e1s que el [&hellip;]<\/p>\n","protected":false},"author":1,"featured_media":17187,"comment_status":"closed","ping_status":"closed","sticky":false,"template":"","format":"standard","meta":{"footnotes":""},"categories":[38,727,157,853,108,113,319,3,109,509],"tags":[],"beitragende":[],"predigtform":[],"predigtreihe":[],"bibelstelle":[],"class_list":["post-11169","post","type-post","status-publish","format-standard","has-post-thumbnail","hentry","category-lukas","category-archiv","category-beitragende","category-bibel","category-current","category-espa","category-kapitel-24-chapter-24","category-nt","category-predigten","category-sergio-a-schmidt"],"_links":{"self":[{"href":"https:\/\/www.theologie.uzh.ch\/apps\/gpi\/wp-json\/wp\/v2\/posts\/11169","targetHints":{"allow":["GET"]}}],"collection":[{"href":"https:\/\/www.theologie.uzh.ch\/apps\/gpi\/wp-json\/wp\/v2\/posts"}],"about":[{"href":"https:\/\/www.theologie.uzh.ch\/apps\/gpi\/wp-json\/wp\/v2\/types\/post"}],"author":[{"embeddable":true,"href":"https:\/\/www.theologie.uzh.ch\/apps\/gpi\/wp-json\/wp\/v2\/users\/1"}],"replies":[{"embeddable":true,"href":"https:\/\/www.theologie.uzh.ch\/apps\/gpi\/wp-json\/wp\/v2\/comments?post=11169"}],"version-history":[{"count":1,"href":"https:\/\/www.theologie.uzh.ch\/apps\/gpi\/wp-json\/wp\/v2\/posts\/11169\/revisions"}],"predecessor-version":[{"id":17188,"href":"https:\/\/www.theologie.uzh.ch\/apps\/gpi\/wp-json\/wp\/v2\/posts\/11169\/revisions\/17188"}],"wp:featuredmedia":[{"embeddable":true,"href":"https:\/\/www.theologie.uzh.ch\/apps\/gpi\/wp-json\/wp\/v2\/media\/17187"}],"wp:attachment":[{"href":"https:\/\/www.theologie.uzh.ch\/apps\/gpi\/wp-json\/wp\/v2\/media?parent=11169"}],"wp:term":[{"taxonomy":"category","embeddable":true,"href":"https:\/\/www.theologie.uzh.ch\/apps\/gpi\/wp-json\/wp\/v2\/categories?post=11169"},{"taxonomy":"post_tag","embeddable":true,"href":"https:\/\/www.theologie.uzh.ch\/apps\/gpi\/wp-json\/wp\/v2\/tags?post=11169"},{"taxonomy":"beitragende","embeddable":true,"href":"https:\/\/www.theologie.uzh.ch\/apps\/gpi\/wp-json\/wp\/v2\/beitragende?post=11169"},{"taxonomy":"predigtform","embeddable":true,"href":"https:\/\/www.theologie.uzh.ch\/apps\/gpi\/wp-json\/wp\/v2\/predigtform?post=11169"},{"taxonomy":"predigtreihe","embeddable":true,"href":"https:\/\/www.theologie.uzh.ch\/apps\/gpi\/wp-json\/wp\/v2\/predigtreihe?post=11169"},{"taxonomy":"bibelstelle","embeddable":true,"href":"https:\/\/www.theologie.uzh.ch\/apps\/gpi\/wp-json\/wp\/v2\/bibelstelle?post=11169"}],"curies":[{"name":"wp","href":"https:\/\/api.w.org\/{rel}","templated":true}]}}