{"id":11178,"date":"2021-02-07T19:49:06","date_gmt":"2021-02-07T19:49:06","guid":{"rendered":"https:\/\/theologie.whp.uzh.ch\/apps\/gpi\/?p=11178"},"modified":"2023-02-02T22:16:00","modified_gmt":"2023-02-02T21:16:00","slug":"1jo-4-13-21","status":"publish","type":"post","link":"https:\/\/www.theologie.uzh.ch\/apps\/gpi\/1jo-4-13-21\/","title":{"rendered":"1Jo 4.13-21"},"content":{"rendered":"<div align=\"left\">\n<h3>S\u00e9timo Domingo de P\u00e1scoa &#8211; 28 de Maio de 2006<br \/>\nS\u00e9rie Trienal B \u2013 1Jo 4.13-21 \u2013 Leandro Daniel H\u00fcbner<\/h3>\n<hr \/>\n<p><strong>Tema: N\u00f3s amamos porque Deus nos amou primeiro! <\/strong><\/p>\n<p>Estimados irm\u00e3os e irm\u00e3s no Salvador Jesus.<\/p>\n<p>Qual \u00e9 a nossa condi\u00e7\u00e3o, como filhos de Deus, em sua igreja? Podemos dizer que:<\/p>\n<p>1 \u2013 Todos n\u00f3s estamos no mesmo n\u00edvel, em uma \u00fanica condi\u00e7\u00e3o de pecadores arrependidos.<\/p>\n<p>2 \u2013 Todos recebemos de Deus perd\u00e3o dos pecados, sem merecer nada dele.<\/p>\n<p>3 \u2013 Todos queremos viver unidos, como \u201cpovo exclusivo de Deus\u201d.<\/p>\n<p>4 \u2013 Todos queremos permanecer firmes, firmados no amor de Jesus.<\/p>\n<p>5 \u2013 Todos possu\u00edmos o dom do Esp\u00edrito Santo: o amor, porque voc\u00ea \u201cpoderia ter tanta f\u00e9, que at\u00e9 poderia tirar as montanhas do seu lugar, mas, se n\u00e3o tivesse amor, voc\u00ea nada seria\u201d (1Co 13.2). Pelos atos de amor nossa f\u00e9 em Jesus \u00e9 claramente demonstrada ao mundo.<\/p>\n<p>No ano de 1921 aconteceu um grande inc\u00eandio nas florestas do Himalaia. Muita gente olhava o fogo. Uma senhora perguntou a algumas pessoas que estavam com o olhar fixo em uma \u00e1rvore: \u201cQue \u00e9 que voc\u00eas olham t\u00e3o admirados?\u201d Apontaram-lhe ent\u00e3o um ninho de p\u00e1ssaros em uma \u00e1rvore que queimava. Acima do ninho voava um p\u00e1ssaro adulto em grande afli\u00e7\u00e3o. Minutos depois o ninho come\u00e7ou a queimar. Todos disseram: \u201cagora a m\u00e3e vai fugir!\u201d Mas, pelo contr\u00e1rio, ela deu um \u00faltimo v\u00f4o para baixo e, estendendo suas asas abertas sobre os tr\u00eas filhotes, baixou sobre o ninho. Em poucos minutos tudo terminou em cinzas. Ent\u00e3o a mulher disse aos outros: \u201cN\u00e3o \u00e9 de admirar um amor t\u00e3o maravilhoso?\u201d<\/p>\n<p>Se n\u00f3s tamb\u00e9m pensamos que o amor da ave foi maravilhoso, <strong>vamos ent\u00e3o pensar no maravilhoso amor daquele que entregou seu Filho \u00e0 morte por n\u00f3s<\/strong>. Em sua Palavra Deus diz: \u201cAquele que n\u00e3o conheceu pecado, (Jesus Cristo), Deus o fez pecado por n\u00f3s, para que nele f\u00f4ssemos feitos justi\u00e7a de Deus. Deus, sendo rico em miseric\u00f3rdia, por causa do grande amor com que nos amou, e estando n\u00f3s mortos em nossos delitos e pecados, nos deu vida juntamente com Cristo\u2026 pela gra\u00e7a de Deus voc\u00eas s\u00e3o salvos\u201d. E Paulo diz tamb\u00e9m: \u201cO amor de Cristo nos domina.\u201d<\/p>\n<p>Esse amor maravilhoso de Deus se concretizou na minha e na sua vida a tal ponto que hoje n\u00e3o vivemos mais como mortos, ma sim como ressuscitados dentre os mortos, esperando a cada dia, com alegria e felicidade, com esperan\u00e7a e tranq\u00fcilidade, o chamado de Deus Pai para a bendita vida eterna no c\u00e9u. E isto \u00e9 assim <em>porque Deus, o Senhor justo e santo, veio ao mundo para, em Jesus, salvar a todos os pecadores do pecado e da morte eterna.<\/em> E se Deus tanto amou a voc\u00eas e a mim, quem somos n\u00f3s para n\u00e3o viver nossa vida neste amor vivo e maravilhoso? <em>Quem somos n\u00f3s, para n\u00e3o compartilhar o amor de Deus com nosso pr\u00f3ximo e com os irm\u00e3os na f\u00e9 em Cristo<\/em>?<\/p>\n<p>Os acontecimentos que vemos e ouvimos em nosso viver di\u00e1rio comprovam que n\u00e3o existe amor verdadeiro em nosso mundo de competi\u00e7\u00e3o, guerras, desemprego, cobi\u00e7a, ego\u00edsmo, \u00f3dio e tantos outros males. Esta \u00e9 a verdadeira hist\u00f3ria que se repete em todos os tempos, desde que Ad\u00e3o e Eva ca\u00edram em pecado, pois o ser humano resolveu isolar-se, viver para si mesmo, longe de Deus e do pr\u00f3ximo, entregue a seus pr\u00f3prios v\u00edcios e interesses mundanos. O Salvador Jesus j\u00e1 havia dito que o amor se esfriar\u00e1 em quase todos. Essa previs\u00e3o de Cristo j\u00e1 \u00e9 uma realidade presente entre n\u00f3s, como j\u00e1 dissemos, e n\u00e3o faz falta esperar mais para v\u00ea-la cumprida.<\/p>\n<p><strong> Deus diz que quase todos deixar\u00e3o de amar<\/strong> . Quase todas as pessoas buscar\u00e3o em primeiro lugar apenas seus interesses particulares. Quase todos viver\u00e3o sua vida como se estivessem s\u00f3s no mundo. Querer\u00e3o passar sua vida entre quatro paredes, sem janelas, para que n\u00e3o precisem ver as dificuldades e sofrimentos alheios; e sem portas, para que n\u00e3o necessitem receber ningu\u00e9m.<\/p>\n<p>Quase todos ser\u00e3o pessoas sem uma gota de amor\u2026 Perguntamos outra vez: <em>quem somos n\u00f3s para n\u00e3o viver nossa vida neste amor vivo e maravilhoso? Ou ficaremos n\u00f3s tamb\u00e9m sem uma gota de amor\u2026? <\/em>N\u00e3o, \u00e9 claro que n\u00e3o. \u201c<strong>N\u00f3s amamos porque Deus nos amou primeiro<\/strong>\u201d, diz 1Jo 4.19. E Jo\u00e3o diz mais (vv. 16b,18): \u201c<strong>Deus \u00e9 amor, e aquele que permanece no amor permanece em Deus, e Deus nele &#8230; No amor n\u00e3o existe medo; antes, o perfeito amor lan\u00e7a fora o medo. Ora, o medo produz tormento; logo, aquele que teme n\u00e3o \u00e9 aperfei\u00e7oado no amor<\/strong>\u201d.<\/p>\n<p>Por outro lado, Jo\u00e3o nos avisa (vv. 20, 21): \u201c<strong>Se algu\u00e9m disser \u00b4Amo Deus\u00b4, e odiar seu irm\u00e3o, \u00e9 mentiroso; pois aquele que n\u00e3o ama seu irm\u00e3o, a quem v\u00ea, n\u00e3o amar Deus, a quem n\u00e3o v\u00ea. Ora, temos, da parte dele, este mandamento: que aquele que ama Deus ame tamb\u00e9m seu irm\u00e3o<\/strong>\u201d.<\/p>\n<p>Mas, como podemos amar e servir ao nosso irm\u00e3o? Eis aqui algumas formas:<\/p>\n<p>1 \u2013 <em>N\u00e3o guardando rancor.<\/em> Est\u00e1 escrito na Palavra de Deus: \u201cN\u00e3o se ponha o sol sobre vossa ira; entra em acordo com teu advers\u00e1rio sem demora, enquanto ainda est\u00e1s com ele no caminho.\u201d<\/p>\n<p>2 \u2013 <em>N\u00e3o fechando a porta de nosso cora\u00e7\u00e3o quando ele necessitar do nosso auxilio.<\/em> Diz a Palavra: \u201cAquele que tem bens deste mundo e v\u00ea seu irm\u00e3o passar necessidade, e fecha contra ele seu cora\u00e7\u00e3o, como mora o amor de Deus nele?\u201d<\/p>\n<p>3 \u2013 <em>N\u00e3o dando demonstra\u00e7\u00f5es de tristeza e esc\u00e2ndalo <\/em>aos irm\u00e3os da f\u00e9 e aos que n\u00e3o cr\u00eaem.<\/p>\n<p>4 \u2013 <em>N\u00e3o dando mau testemunho<\/em> sendo amigo do mundo.<\/p>\n<p>5 \u2013 <em>N\u00e3o dando exemplo infeliz aos irm\u00e3os<\/em>, atrav\u00e9s de uma participa\u00e7\u00e3o fria, desinteressada, indiferente, morta, nas atividades do Reino de Deus.<\/p>\n<p>6 \u2013 <em>N\u00e3o desprezando a prega\u00e7\u00e3o do Evangelho<\/em> nas oportunidades que Deus nos concede.<\/p>\n<p>7 \u2013 <em>Tendo paci\u00eancia com os irm\u00e3os<\/em>, ajudando e ensinando aos mais jovens e aos mais fracos na f\u00e9.<\/p>\n<p>8 \u2013 <em>Dedicando tempo, dons, bens e talentos<\/em> para o servi\u00e7o a Deus e ao pr\u00f3ximo.<\/p>\n<p>9 \u2013 Enfim, <strong>praticando todos os dias o Evangelho do amor de Jesus<\/strong>.<\/p>\n<p>Irm\u00e3os e irm\u00e3s, Deus \u00e9 Amor, e n\u00f3s amamos porque Deus nos amou primeiro. N\u00e3o vamos perguntar <em>o que os irm\u00e3os ou a igreja podem fazer por n\u00f3s<\/em>, mas sim vamos lembrar <strong>o que Deus, por meio de Jesus Cristo, fez por n\u00f3s, e assim poder dizer<\/strong>: <strong>Senhor, o que Tu queres que eu fa\u00e7a?<\/strong><\/p>\n<p>Que Deus continue a encher-nos com seu amor e atrav\u00e9s de Cristo Ele nos d\u00ea for\u00e7a e \u00e2nimo para servi-lo cada vez mais e melhor! Am\u00e9m.<\/p>\n<hr \/>\n<p><strong>Leandro Daniel H\u00fcbner<br \/>\n<\/strong><strong>Dion\u00edsio Cerqueira \u2013 SC \u2013 Brasil<br \/>\n<\/strong><strong>Igreja Evang\u00e9lica Luterana do Brasil<br \/>\n<\/strong><strong><a href=\"mailto:ldh@temais.com.br\">ldh@temais.com.br<br \/>\n<\/a><\/strong><strong><a href=\"http:\/\/www.ielb.org.br\/\" target=\"_blank\" rel=\"noopener\">www.ielb.org.br<\/a><\/strong><\/p>\n<\/div>\n","protected":false},"excerpt":{"rendered":"<p>S\u00e9timo Domingo de P\u00e1scoa &#8211; 28 de Maio de 2006 S\u00e9rie Trienal B \u2013 1Jo 4.13-21 \u2013 Leandro Daniel H\u00fcbner Tema: N\u00f3s amamos porque Deus nos amou primeiro! Estimados irm\u00e3os e irm\u00e3s no Salvador Jesus. Qual \u00e9 a nossa condi\u00e7\u00e3o, como filhos de Deus, em sua igreja? Podemos dizer que: 1 \u2013 Todos n\u00f3s estamos [&hellip;]<\/p>\n","protected":false},"author":1,"featured_media":16362,"comment_status":"closed","ping_status":"closed","sticky":false,"template":"","format":"standard","meta":{"footnotes":""},"categories":[56,727,853,108,459,3,112,109],"tags":[],"beitragende":[],"predigtform":[],"predigtreihe":[],"bibelstelle":[],"class_list":["post-11178","post","type-post","status-publish","format-standard","has-post-thumbnail","hentry","category-1-johannes","category-archiv","category-bibel","category-current","category-kapitel-04-chapter-04-1-johannes","category-nt","category-port","category-predigten"],"_links":{"self":[{"href":"https:\/\/www.theologie.uzh.ch\/apps\/gpi\/wp-json\/wp\/v2\/posts\/11178","targetHints":{"allow":["GET"]}}],"collection":[{"href":"https:\/\/www.theologie.uzh.ch\/apps\/gpi\/wp-json\/wp\/v2\/posts"}],"about":[{"href":"https:\/\/www.theologie.uzh.ch\/apps\/gpi\/wp-json\/wp\/v2\/types\/post"}],"author":[{"embeddable":true,"href":"https:\/\/www.theologie.uzh.ch\/apps\/gpi\/wp-json\/wp\/v2\/users\/1"}],"replies":[{"embeddable":true,"href":"https:\/\/www.theologie.uzh.ch\/apps\/gpi\/wp-json\/wp\/v2\/comments?post=11178"}],"version-history":[{"count":1,"href":"https:\/\/www.theologie.uzh.ch\/apps\/gpi\/wp-json\/wp\/v2\/posts\/11178\/revisions"}],"predecessor-version":[{"id":16363,"href":"https:\/\/www.theologie.uzh.ch\/apps\/gpi\/wp-json\/wp\/v2\/posts\/11178\/revisions\/16363"}],"wp:featuredmedia":[{"embeddable":true,"href":"https:\/\/www.theologie.uzh.ch\/apps\/gpi\/wp-json\/wp\/v2\/media\/16362"}],"wp:attachment":[{"href":"https:\/\/www.theologie.uzh.ch\/apps\/gpi\/wp-json\/wp\/v2\/media?parent=11178"}],"wp:term":[{"taxonomy":"category","embeddable":true,"href":"https:\/\/www.theologie.uzh.ch\/apps\/gpi\/wp-json\/wp\/v2\/categories?post=11178"},{"taxonomy":"post_tag","embeddable":true,"href":"https:\/\/www.theologie.uzh.ch\/apps\/gpi\/wp-json\/wp\/v2\/tags?post=11178"},{"taxonomy":"beitragende","embeddable":true,"href":"https:\/\/www.theologie.uzh.ch\/apps\/gpi\/wp-json\/wp\/v2\/beitragende?post=11178"},{"taxonomy":"predigtform","embeddable":true,"href":"https:\/\/www.theologie.uzh.ch\/apps\/gpi\/wp-json\/wp\/v2\/predigtform?post=11178"},{"taxonomy":"predigtreihe","embeddable":true,"href":"https:\/\/www.theologie.uzh.ch\/apps\/gpi\/wp-json\/wp\/v2\/predigtreihe?post=11178"},{"taxonomy":"bibelstelle","embeddable":true,"href":"https:\/\/www.theologie.uzh.ch\/apps\/gpi\/wp-json\/wp\/v2\/bibelstelle?post=11178"}],"curies":[{"name":"wp","href":"https:\/\/api.w.org\/{rel}","templated":true}]}}