{"id":11213,"date":"2021-02-07T19:48:53","date_gmt":"2021-02-07T19:48:53","guid":{"rendered":"https:\/\/theologie.whp.uzh.ch\/apps\/gpi\/?p=11213"},"modified":"2023-02-28T18:38:56","modified_gmt":"2023-02-28T17:38:56","slug":"marcos-2-23-28","status":"publish","type":"post","link":"https:\/\/www.theologie.uzh.ch\/apps\/gpi\/marcos-2-23-28\/","title":{"rendered":"Marcos: 2: 23-28"},"content":{"rendered":"<div align=\"left\">\n<h3><strong>Predicaci\u00f3n para el Segundo domingo despu\u00e9s de Pentecost\u00e9s. 18 de junio de 2006 <\/strong><br \/>\n<strong>Texto seg\u00fan LET serie B: Marcos: 2: 23-28 por Julio Strauch<\/strong><\/h3>\n<hr \/>\n<p>Gracia y Paz que viene de nuestro Se\u00f1or Jesucristo.<\/p>\n<p>Hace poco menos de un mes escuche sobre el resultado de una encuesta realizada en un pa\u00eds de los llamados protestantes. En la encuesta, entre otras cuestiones, se preguntaba lo siguiente: \u00bfQu\u00e9 espera Ud. de su Iglesia? \u00bfEn que le puede servir su Iglesia? \u00bfPara que cree Ud. que existe la Iglesia? M\u00e1s del noventa por ciento de los encuestados, miembros de alguna Iglesia, respondi\u00f3 mas o menos lo siguiente: La Iglesia existe para realizar bautismos, confirmaciones, casamientos, sepelios. Es decir que m\u00e1s del noventa por ciento de los cristianos ven a su Iglesia como una prestadora de los as\u00ed llamados servicios religiosos o servicios pastorales. No se si los datos son exactos pero creo que no se alejan demasiado de la realidad de nuestras comunidades. Es una pregunta interesante para hacer y para hacernos. La respuesta que demos a la misma nos dir\u00e1 si somos personas religiosas o personas con Fe en nuestro Se\u00f1or Jesucristo.<\/p>\n<p>Veamos lo que dice el texto de hoy: <em>(lectura del texto de Marcos: 2: 23-28.)<\/em><\/p>\n<p>Personas religiosas, cumplidoras al pie de la letra de la ley y los preceptos, cuestionan a Jes\u00fas por la actitud de los disc\u00edpulos que est\u00e1n rompiendo con dicha ley. Jes\u00fas responde con sencillez y con gran sabidur\u00eda que la ley est\u00e1 hecha para los seres humanos y no al rev\u00e9s. En esta respuesta de Jes\u00fas se encuentra la esencia del menaje de Cristo, es decir la Buena Nueva del Evangelio. No somos justificados por Dios como consecuencia de nuestras acciones, es decir por cumplir a pie de la letra con ciertos preceptos, sino que debido a nuestra Fe es que realizamos actos y acciones en favor de nosotros mismos y de los dem\u00e1s. Esto no s\u00f3lo incluye a los actos religiosos sino tambi\u00e9n el servicio y el amor al pr\u00f3jimo.<\/p>\n<p>Retomando el tema de la encuesta y teniendo en cuenta este texto de Marcos podr\u00edamos hacernos la siguiente pregunta: \u00bfCu\u00e1l es la diferencia, entonces, entre ser una persona o una comunidad religiosa o ser una persona o comunidad con Fe? Una persona o una comunidad que pretende y quiere realizar ciertos actos religiosos como el bautismo, la confirmaci\u00f3n y dem\u00e1s como una forma de cumplir con Dios para \u201cganarse el cielo\u201d es una persona o comunidad religiosa. Una persona o comunidad que manifiesta su Fe en Jesucristo realiza esos mismos actos religiosos como una expresi\u00f3n de esa Fe en Jesucristo.<\/p>\n<p>El mensaje de Jesucristo fue claro, la libertad y la opci\u00f3n son nuestras. Las consecuencias de nuestra opci\u00f3n ser\u00e1n entre una Iglesia prestadora de servicios religiosos o una Iglesia comprometida con el reino de Dios donde los servicios forman parte y son expresi\u00f3n viva de nuestra Fe en Jesucristo. Son tiempos dif\u00edciles para nuestras Iglesias, son tiempos de replanteos profundos, son tiempos de rescatar nuestra esencia protestante, son tiempos de no conformarnos con respuestas o salidas m\u00e1gicas, son tiempos de proclamar y vivir el \u00fanico y verdadero Evangelio de Nuestro Se\u00f1or Jesucristo con valor y firmeza.<\/p>\n<p>Que Dios nos acompa\u00f1e y nos fortalezca por medio del Esp\u00edritu Santo. Am\u00e9n.<\/p>\n<hr \/>\n<p><strong>Julio Strauch<br \/>\npastor de la Iglesia Evang\u00e9lica del R\u00edo de la Plata en Katuet\u00e9 Paraguay.<br \/>\n<a href=\"mailto:juliostrauch@yahoo.com.ar\">juliostrauch@yahoo.com.ar<\/a><\/strong><\/p>\n<\/div>\n","protected":false},"excerpt":{"rendered":"<p>Predicaci\u00f3n para el Segundo domingo despu\u00e9s de Pentecost\u00e9s. 18 de junio de 2006 Texto seg\u00fan LET serie B: Marcos: 2: 23-28 por Julio Strauch Gracia y Paz que viene de nuestro Se\u00f1or Jesucristo. Hace poco menos de un mes escuche sobre el resultado de una encuesta realizada en un pa\u00eds de los llamados protestantes. En [&hellip;]<\/p>\n","protected":false},"author":1,"featured_media":16250,"comment_status":"closed","ping_status":"closed","sticky":false,"template":"","format":"standard","meta":{"footnotes":""},"categories":[37,727,157,120,853,108,113,1213,561,1157,3,109,126],"tags":[],"beitragende":[],"predigtform":[],"predigtreihe":[],"bibelstelle":[],"class_list":["post-11213","post","type-post","status-publish","format-standard","has-post-thumbnail","hentry","category-markus","category-archiv","category-beitragende","category-bes_gelegenheiten","category-bibel","category-current","category-espa","category-julio-strauch","category-kapitel-02-chapter-02-markus","category-let-serie-b","category-nt","category-predigten","category-predigtreihen"],"_links":{"self":[{"href":"https:\/\/www.theologie.uzh.ch\/apps\/gpi\/wp-json\/wp\/v2\/posts\/11213","targetHints":{"allow":["GET"]}}],"collection":[{"href":"https:\/\/www.theologie.uzh.ch\/apps\/gpi\/wp-json\/wp\/v2\/posts"}],"about":[{"href":"https:\/\/www.theologie.uzh.ch\/apps\/gpi\/wp-json\/wp\/v2\/types\/post"}],"author":[{"embeddable":true,"href":"https:\/\/www.theologie.uzh.ch\/apps\/gpi\/wp-json\/wp\/v2\/users\/1"}],"replies":[{"embeddable":true,"href":"https:\/\/www.theologie.uzh.ch\/apps\/gpi\/wp-json\/wp\/v2\/comments?post=11213"}],"version-history":[{"count":1,"href":"https:\/\/www.theologie.uzh.ch\/apps\/gpi\/wp-json\/wp\/v2\/posts\/11213\/revisions"}],"predecessor-version":[{"id":17202,"href":"https:\/\/www.theologie.uzh.ch\/apps\/gpi\/wp-json\/wp\/v2\/posts\/11213\/revisions\/17202"}],"wp:featuredmedia":[{"embeddable":true,"href":"https:\/\/www.theologie.uzh.ch\/apps\/gpi\/wp-json\/wp\/v2\/media\/16250"}],"wp:attachment":[{"href":"https:\/\/www.theologie.uzh.ch\/apps\/gpi\/wp-json\/wp\/v2\/media?parent=11213"}],"wp:term":[{"taxonomy":"category","embeddable":true,"href":"https:\/\/www.theologie.uzh.ch\/apps\/gpi\/wp-json\/wp\/v2\/categories?post=11213"},{"taxonomy":"post_tag","embeddable":true,"href":"https:\/\/www.theologie.uzh.ch\/apps\/gpi\/wp-json\/wp\/v2\/tags?post=11213"},{"taxonomy":"beitragende","embeddable":true,"href":"https:\/\/www.theologie.uzh.ch\/apps\/gpi\/wp-json\/wp\/v2\/beitragende?post=11213"},{"taxonomy":"predigtform","embeddable":true,"href":"https:\/\/www.theologie.uzh.ch\/apps\/gpi\/wp-json\/wp\/v2\/predigtform?post=11213"},{"taxonomy":"predigtreihe","embeddable":true,"href":"https:\/\/www.theologie.uzh.ch\/apps\/gpi\/wp-json\/wp\/v2\/predigtreihe?post=11213"},{"taxonomy":"bibelstelle","embeddable":true,"href":"https:\/\/www.theologie.uzh.ch\/apps\/gpi\/wp-json\/wp\/v2\/bibelstelle?post=11213"}],"curies":[{"name":"wp","href":"https:\/\/api.w.org\/{rel}","templated":true}]}}