{"id":11231,"date":"2021-02-07T19:49:10","date_gmt":"2021-02-07T19:49:10","guid":{"rendered":"https:\/\/theologie.whp.uzh.ch\/apps\/gpi\/?p=11231"},"modified":"2023-01-30T11:50:46","modified_gmt":"2023-01-30T10:50:46","slug":"060702-5-pg","status":"publish","type":"post","link":"https:\/\/www.theologie.uzh.ch\/apps\/gpi\/060702-5-pg\/","title":{"rendered":"060702 5 Pg"},"content":{"rendered":"<h3 align=\"left\">4\u00ba Domingo Ap\u00f3s Pentecostes \u2013 02 de julho de 2006<br \/>\n2Co 5.1-10, Leandro D. H\u00fcbner<\/h3>\n<hr \/>\n<div align=\"left\"><strong>2Co 5.9: \u201cPor\u00e9m, acima de tudo, o que n\u00f3s queremos \u00e9 agradar o Senhor, seja vivendo no nosso corpo aqui, seja vivendo l\u00e1 com o Senhor.\u201d <\/strong>Estimados irm\u00e3os e irm\u00e3s em Cristo.<\/p>\n<p>Qual \u00e9 a nossa principal meta de vida? N\u00f3s vivemos para agradar a n\u00f3s mesmos, a nossos c\u00f4njuges, a nossos filhos, a nossos patr\u00f5es, ou a Deus? Nossa resposta depende de <strong>como e onde n\u00f3s planejamos viver nossa eternidade<\/strong>. A Ep\u00edstola de hoje nos encoraja a fazer tudo para agradar a Deus, porque n\u00f3s queremos estar <strong>vivendo sempre com o Senhor. <\/strong><\/p>\n<p><strong> N\u00f3s estamos longe do Senhor<\/strong> , como dizem os vv. 6-7: <em>Estamos sempre muito animados, pois sabemos que, enquanto vivemos neste corpo, estamos longe do Senhor. Porque vivemos pela f\u00e9 e n\u00e3o pelo que vemos. .<\/em><\/p>\n<p><em>a. <\/em><em>Espiritualmente<\/em> , todos n\u00f3s nascemos longe do Senhor, por causa do pecado. Em Rm 3.23 Paulo diz: <em>Todos pecaram e est\u00e3o afastados da presen\u00e7a gloriosa de Deus<\/em>. O rei Davi diz no Sl 51.5: <em>De fato, tenho sido mau desde que nasci; tenho sido pecador desde o dia em que fui concebido.<\/em> At\u00e9 sermos convertidos pelo Esp\u00edrito Santo atrav\u00e9s do Evangelho, pelo Batismo e pela Palavra de Deus, todos estamos espiritualmente mortos, vivendo longe do Senhor e como seus inimigos.<\/p>\n<p>b. <em> Fisicamente<\/em> , vivemos longe do Senhor at\u00e9 que a f\u00e9 mude nosso ponto de vista para a vida em abund\u00e2ncia. Isto \u00e9, at\u00e9 que vivamos <em>pela f\u00e9, e n\u00e3o pelo que vemos<\/em>, como diz o v. 7. Quando a f\u00e9 controla nosso cora\u00e7\u00e3o, nossas vontades, enfim, toda a nossa vida, n\u00f3s n\u00e3o descuidamos do nosso corpo, mas n\u00e3o nos preocupamos tanto com ele e com o sustento material, pois sabemos que Deus cuida de n\u00f3s. Vejam o que Paulo diz nos vers\u00edculos que est\u00e3o antes do nosso texto: <em> Por isso nunca ficamos desanimados. Mesmo que o nosso corpo v\u00e1 se gastando, o nosso esp\u00edrito vai se renovando dia a dia. E essa pequena e passageira afli\u00e7\u00e3o que sofremos vai nos trazer uma gl\u00f3ria enorme e eterna, muito maior do que o sofrimento. Porque n\u00e3o prestamos aten\u00e7\u00e3o nas coisas que se v\u00eaem, ma nas que n\u00e3o se v\u00eaem. Pois o que pode ser visto dura apenas um pouco, mas o que n\u00e3o pode ser visto dura para sempre <\/em>( 2Co 4.16-18).<\/p>\n<p align=\"left\">Quando nosso foco est\u00e1 centrado em Cristo e no seu reino, como ele nos diz em Mt 6.33, temos a garantia de que o Pai nos dar\u00e1 todas as coisas que precisamos para o corpo e a vida, como tamb\u00e9m Paulo afirma em Rm 8.32: <em>Porque ele nem mesmo deixou de entregar o pr\u00f3prio Filho, mas o ofereceu por todos n\u00f3s! Se ele nos deu o seu Filho, ser\u00e1 que n\u00e3o nos dar\u00e1 tamb\u00e9m todas as coisas?<\/em><\/p>\n<p><strong> N\u00f3s queremos estar com o Senhor<\/strong> , como lemos nos vv. 8-9: <em>Estamos muito animados e gostar\u00edamos de deixar de viver neste corpo para irmos viver com o Senhor. Por\u00e9m, acima de tudo, o que n\u00f3s queremos \u00e9 agradar o Senhor, seja vivendo no nosso corpo aqui, seja vivendo l\u00e1 com o Senhor. <\/em><\/p>\n<p><em>a. <\/em>Nosso desejo \u00e9 partir e estar com Cristo, pois como Paulo diz em Fp 1.23, isto \u00e9 muito melhor. Sabemos pelas Escrituras que Deus reserva um lugar na eternidade para todos os que cr\u00eaem em Jesus Cristo, num lugar onde n\u00e3o h\u00e1 sofrimento, problemas, tristezas ou decep\u00e7\u00f5es, onde h\u00e1 apenas alegria e total comunh\u00e3o com Deus e com os irm\u00e3os. Talvez seja um pouco dif\u00edcil para n\u00f3s compreendermos o que isto significa, pois nos acostumamos a viver num mundo onde a alegria, a paz e a satisfa\u00e7\u00e3o s\u00e3o passageiras e sempre interrompidas ou intercaladas por problemas, ang\u00fastias e conflitos de todo tipo.<\/p>\n<p>b. Mesmo vivendo num mundo assim, como crist\u00e3os, onde quer que estejamos, <em>procuramos agradar a Deus<\/em>. Quando vivemos guiados pela f\u00e9 e pelo que n\u00e3o se v\u00ea, como vimos antes, temos um alvo a alcan\u00e7ar, que \u00e9 a vida eterna. Para chegarmos l\u00e1, recebemos de Cristo a nova vida, pelo Esp\u00edrito Santo de Deus. Em Rm 8 Paulo diz que <em>se Cristo vive em voc\u00eas, ent\u00e3o, embora o corpo de voc\u00eas v\u00e1 morrer por causa do pecado, o Esp\u00edrito de Deus \u00e9 vida para voc\u00eas porque voc\u00eas foram aceitos por Deus<\/em>.<\/p>\n<p>Por meio deste Esp\u00edrito Santo <em>Deus est\u00e1 sempre agindo em voc\u00eas para que obede\u00e7am \u00e0 vontade dele, tanto no pensamento como nas a\u00e7\u00f5es, <\/em>como nos ensina Fp 2.13<em>. <\/em>E a\u00ed acontece o que Paulo diz em Rm 12: <em>N\u00e3o vivam como vivem as pessoas deste mundo, mas deixem que Deus os transforme por meio de uma completa mudan\u00e7a da mente de voc\u00eas. Assim voc\u00eas conhecer\u00e3o a vontade de Deus, isto \u00e9, aquilo que \u00e9 bom, perfeito e agrad\u00e1vel a ele. <\/em><\/p>\n<p>Como pessoas controladas pelo Esp\u00edrito Santo, com uma vida nova recebida pela f\u00e9, <strong>nosso objetivo \u00e9 agradar a Deus<\/strong>. Em tudo o que pensamos, falamos, planejamos e fazemos, nosso primeiro pensamento \u00e9: <em>isto agrada a Deus? <\/em> Nossa vontade \u00e9 controlada pela vontade de Deus e n\u00e3o mais pela nossa!<\/p>\n<p>E, se ficarmos fi\u00e9is at\u00e9 a morte, <strong>n\u00f3s sempre estaremos com o Senhor<\/strong>.<\/p>\n<p>a. N\u00f3s teremos que nos apresentar a Cristo no dia do Ju\u00edzo Final. As Escrituras n\u00e3o deixam nenhuma d\u00favida de que cada ser humano e cada um de n\u00f3s ter\u00e1 de se apresentar diante de Cristo para ser julgado por ele, como diz o v. 10. Neste dia nada ficar\u00e1 oculto, mas tudo que h\u00e1 em n\u00f3s ser\u00e1 revelado.<\/p>\n<p>O final do v. 10 diz: <em>E cada um vai receber o que merece, de acordo com o que fez de bom ou de mau na sua vida aqui na terra<\/em>. Paulo n\u00e3o est\u00e1 ensinando que seremos salvos pelo bem que fizemos aqui na terra, <em>mas o que tivermos feito por meio do nosso corpo aqui no mundo revelar\u00e1 a presen\u00e7a ou n\u00e3o em n\u00f3s da justi\u00e7a de Cristo<\/em>, recebida por meio da f\u00e9, a \u00fanica justi\u00e7a que Deus aceita para salvar algu\u00e9m.<\/p>\n<p>A f\u00e9 faz nascer o desejo de agradar a Deus em tudo, e esse desejo se torna a\u00e7\u00e3o atrav\u00e9s do nosso corpo. Assim, <strong>a esperan\u00e7a da vida eterna n\u00e3o deixa nenhum crist\u00e3o verdadeiro indiferente ou descuidado com o que faz na vida presente<\/strong>, e a preocupa\u00e7\u00e3o com as coisas de Deus vai aparecer, no ju\u00edzo final, atrav\u00e9s do que fizemos com o nosso corpo e vida \u2013 os frutos da f\u00e9.<\/p>\n<p>b. N\u00f3s receberemos a vida eterna por causa do que Cristo fez por n\u00f3s na cruz. Paulo, em 1Ts 5.9,10, diz: <em>Deus n\u00e3o nos escolheu para sofrermos o castigo da sua ira, mas para nos dar a salva\u00e7\u00e3o por meio do nosso Senhor Jesus Cristo, que morreu por n\u00f3s para podermos viver com ele, tanto se estivermos vivos como se estivermos mortos quando ele vier. <\/em><\/p>\n<p align=\"left\">Para estarmos vivendo sempre com o Senhor, Jesus morreu na cruz por n\u00f3s, pagando pelos nossos pecados e recebendo em nosso lugar o castigo de Deus por esses pecados. Esta morte, e tamb\u00e9m sua gloriosa ressurrei\u00e7\u00e3o, nos presenteia o direito de sermos feitos filhos de Deus, e o Esp\u00edrito Santo, enviado por Jesus, \u00e9 a garantia dada por Deus a n\u00f3s de que receberemos o que Ele nos prometeu \u2013 a vida eterna \u2013 como lemos no v. 5.<\/p>\n<p>Nada mais precisamos fazer, pois Cristo j\u00e1 fez tudo. Se voc\u00ea, portanto, tem o ES de Deus em seu cora\u00e7\u00e3o e guiando sua vida, voc\u00ea est\u00e1 vivendo sempre com o Senhor. E, se algu\u00e9m lhe perguntar: <em>Voc\u00ea tem certeza de que vai para o c\u00e9u?<\/em>, voc\u00ea pode responder com convic\u00e7\u00e3o: <em>Sim, eu tenho certeza que vou para o c\u00e9u, porque Jesus morreu por mim e me deu o seu ES que hoje controla minha vida e me faz viver com o Senhor.<\/em><\/p>\n<p>Qual \u00e9 a nossa principal meta de vida? N\u00f3s vivemos para agradar a n\u00f3s mesmos, a nossos c\u00f4njuges, a nossos filhos, a nossos patr\u00f5es, ou a Deus? Nossa resposta depende de <strong>como e onde n\u00f3s planejamos viver nossa eternidade<\/strong>.<\/p>\n<p>Se desejamos estar <strong>vivendo sempre com o Senhor<\/strong>, aqui e na eternidade, ent\u00e3o, motivados pela salva\u00e7\u00e3o que Jesus nos d\u00e1 de gra\u00e7a por seu amor, n\u00f3s certamente vamos examinar nossa vida e, com a ajuda do ES, <strong>deixar de lado o quer n\u00e3o agrada ao Senhor e fazer o m\u00e1ximo para agrad\u00e1-lo<\/strong>, para o bem do pr\u00f3ximo e para gl\u00f3ria de Deus!<\/p>\n<p>Que Deus encha nosso cora\u00e7\u00e3o e vida com o seu amor e assim estaremos em todas as horas <strong>vivendo sempre com o Senhor<\/strong><em>,<\/em> at\u00e9 a vida eterna! Am\u00e9m.<\/p>\n<hr \/>\n<p><strong> Leandro Daniel H\u00fcbner<br \/>\n<\/strong><strong>Dion\u00edsio Cerqueira \u2013 SC \u2013 Brasil<br \/>\n<\/strong><strong>Igreja Evang\u00e9lica Luterana do Brasil<br \/>\n<\/strong><strong><a href=\"mailto:ldh@temais.com.br\">ldh@temais.com.br<\/a>, <a href=\"mailto:ledahu@gmail.com\"> ledahu@gmail.com<\/a><br \/>\n<\/strong><strong><a href=\"http:\/\/www.ielb.org.br\/\" target=\"_blank\" rel=\"noopener\">www.ielb.org.br<\/a><\/strong><\/p>\n<\/div>\n","protected":false},"excerpt":{"rendered":"<p>4\u00ba Domingo Ap\u00f3s Pentecostes \u2013 02 de julho de 2006 2Co 5.1-10, Leandro D. H\u00fcbner 2Co 5.9: \u201cPor\u00e9m, acima de tudo, o que n\u00f3s queremos \u00e9 agradar o Senhor, seja vivendo no nosso corpo aqui, seja vivendo l\u00e1 com o Senhor.\u201d Estimados irm\u00e3os e irm\u00e3s em Cristo. Qual \u00e9 a nossa principal meta de vida? [&hellip;]<\/p>\n","protected":false},"author":1,"featured_media":15939,"comment_status":"closed","ping_status":"closed","sticky":false,"template":"","format":"standard","meta":{"footnotes":""},"categories":[43,727,853,108,293,3,112,109],"tags":[],"beitragende":[],"predigtform":[],"predigtreihe":[],"bibelstelle":[],"class_list":["post-11231","post","type-post","status-publish","format-standard","has-post-thumbnail","hentry","category-2-korinther","category-archiv","category-bibel","category-current","category-kapitel-5-chapter-5-2-korinther","category-nt","category-port","category-predigten"],"_links":{"self":[{"href":"https:\/\/www.theologie.uzh.ch\/apps\/gpi\/wp-json\/wp\/v2\/posts\/11231","targetHints":{"allow":["GET"]}}],"collection":[{"href":"https:\/\/www.theologie.uzh.ch\/apps\/gpi\/wp-json\/wp\/v2\/posts"}],"about":[{"href":"https:\/\/www.theologie.uzh.ch\/apps\/gpi\/wp-json\/wp\/v2\/types\/post"}],"author":[{"embeddable":true,"href":"https:\/\/www.theologie.uzh.ch\/apps\/gpi\/wp-json\/wp\/v2\/users\/1"}],"replies":[{"embeddable":true,"href":"https:\/\/www.theologie.uzh.ch\/apps\/gpi\/wp-json\/wp\/v2\/comments?post=11231"}],"version-history":[{"count":1,"href":"https:\/\/www.theologie.uzh.ch\/apps\/gpi\/wp-json\/wp\/v2\/posts\/11231\/revisions"}],"predecessor-version":[{"id":16162,"href":"https:\/\/www.theologie.uzh.ch\/apps\/gpi\/wp-json\/wp\/v2\/posts\/11231\/revisions\/16162"}],"wp:featuredmedia":[{"embeddable":true,"href":"https:\/\/www.theologie.uzh.ch\/apps\/gpi\/wp-json\/wp\/v2\/media\/15939"}],"wp:attachment":[{"href":"https:\/\/www.theologie.uzh.ch\/apps\/gpi\/wp-json\/wp\/v2\/media?parent=11231"}],"wp:term":[{"taxonomy":"category","embeddable":true,"href":"https:\/\/www.theologie.uzh.ch\/apps\/gpi\/wp-json\/wp\/v2\/categories?post=11231"},{"taxonomy":"post_tag","embeddable":true,"href":"https:\/\/www.theologie.uzh.ch\/apps\/gpi\/wp-json\/wp\/v2\/tags?post=11231"},{"taxonomy":"beitragende","embeddable":true,"href":"https:\/\/www.theologie.uzh.ch\/apps\/gpi\/wp-json\/wp\/v2\/beitragende?post=11231"},{"taxonomy":"predigtform","embeddable":true,"href":"https:\/\/www.theologie.uzh.ch\/apps\/gpi\/wp-json\/wp\/v2\/predigtform?post=11231"},{"taxonomy":"predigtreihe","embeddable":true,"href":"https:\/\/www.theologie.uzh.ch\/apps\/gpi\/wp-json\/wp\/v2\/predigtreihe?post=11231"},{"taxonomy":"bibelstelle","embeddable":true,"href":"https:\/\/www.theologie.uzh.ch\/apps\/gpi\/wp-json\/wp\/v2\/bibelstelle?post=11231"}],"curies":[{"name":"wp","href":"https:\/\/api.w.org\/{rel}","templated":true}]}}