{"id":11261,"date":"2021-02-07T19:49:01","date_gmt":"2021-02-07T19:49:01","guid":{"rendered":"https:\/\/theologie.whp.uzh.ch\/apps\/gpi\/?p=11261"},"modified":"2023-02-06T12:15:31","modified_gmt":"2023-02-06T11:15:31","slug":"marcos-6-1-6-2","status":"publish","type":"post","link":"https:\/\/www.theologie.uzh.ch\/apps\/gpi\/marcos-6-1-6-2\/","title":{"rendered":"Marcos 6.1-6"},"content":{"rendered":"<h3 align=\"left\"><strong>S\u00e9timo Domingo ap\u00f3s Pentecostes \u2013 23 de julho de 2006<\/strong><br \/>\n<strong>S\u00e9rie Trienal B \u2013 Mc 6.1-6 \u2013 Horst R. Kuchenbecker<\/strong><\/h3>\n<div align=\"left\"><strong>Mc 6.1-6:<br \/>\n<\/strong><em>Tendo Jesus partido dali, foi para a sua terra, e os seus disc\u00edpulos o acompanharam.<br \/>\n<\/em><em>Chegando o s\u00e1bado, passou a ensinar na sinagoga; e muitos, ouvindo-o, se maravilhavam, dizendo: Donde v\u00eam a este estas coisas? Que sabedoria \u00e9 esta que lhe foi dada? E como se fazem tais maravilhas por suas m\u00e3os?<br \/>\n<\/em><em>N\u00e3o \u00e9 este o carpinteiro, filho de Maria, irm\u00e3o de Tiago, Jos\u00e9, Juds e Sim\u00e3o? E n\u00e3o vivem entre n\u00f3s suas irm\u00e3s? E escandalizavam-se nele.<br \/>\n<\/em><em>Jesus, por\u00e9m, lhes disse: N\u00e3o h\u00e1 profeta sem honra, sen\u00e3o na sua terra, entre os seus parentes e na sua casa.<br \/>\n<\/em><em>N\u00e3o p\u00f4de fazer ali nenhum milagre, sen\u00e3o curar uns poucos enfermos, impondo-lhes as m\u00e3os.<br \/>\n<\/em><em>Admirou-se da incredulidade deles. Contudo, percorria as aldeias circunvizinhas, a ensinar. <\/em><strong>Introdu\u00e7\u00e3o.<\/strong> Que coisa terr\u00edvel a incredulidade: Ela conduz \u00e0 eterna condena\u00e7\u00e3o! Nosso evangelho mostra \u2013 para nossa advert\u00eancia \u2013 a incredulidade dos habitantes de Nazar\u00e9, cidade natal de Jesus. Incredulidade que evoluiu de tal forma, causando espanto e admira\u00e7\u00e3o a Jesus.<\/p>\n<p>Chocado e em profunda tristeza, Jesus se retirou de Nazar\u00e9 e nunca mais voltou para l\u00e1. N\u00e3o pode acontecer nada pior a uma cidade e lugar do que isto, de Jesus se retirar dali. Seja isso uma advert\u00eancia para todos n\u00f3s, a fim de n\u00e3o desprezarmos a Palavra de Deus.<\/p>\n<p><strong> 1. Nazar\u00e9.<\/strong> Nazar\u00e9 \u00e9 uma pequena cidade na Galil\u00e9ia do norte, que ainda hoje existe. Alias, ali foi rodado o filme: Jesus, conforme Lucas. Uma cidade privilegiada por Deus. Jos\u00e9 e Maria e o menino Jesus moravam ali. Jesus residiu ali at\u00e9 aos 30 anos. A palavra de Deus era pregada todos os s\u00e1bados na Sinagoga.<\/p>\n<p>Tendo completado 30 anos, Jesus foi para Jerusal\u00e9m. Foi batizado por Jo\u00e3o Batista, foi ungido pelo Esp\u00edrito Santo, foi tentado no deserto, escolheu seus disc\u00edpulos e iniciou seu minist\u00e9rio.<\/p>\n<p>Subiu ent\u00e3o para a Galil\u00e9ia, onde pregou e fez milagres. Sua fama correu pelas cidades. Ent\u00e3o foi tamb\u00e9m para sua cidade natal, Nazar\u00e9. Chegou, provavelmente, numa sexta-feira, \u00e0 tardinha. A not\u00edcia correu rapidamente.<\/p>\n<p>S\u00e1bado, Jesus, como de costume, foi para a sinagoga. O povo afluiu. O presidente desta escola\/igreja convidou Jesus para a leitura do livro dos profetas. A leitura do dia era de Isa\u00edas, cap\u00edtulo 60. Todos ouviram a leitura respeitosamente de p\u00e9. Ent\u00e3o Jesus, fechando o livro, pediu que todos se sentassem e come\u00e7ou a explicar a profecia. Temos isso tamb\u00e9m em Lucas 4.16-30. <em>Hoje, disse ele, esta profecia se cumpriu.<\/em> O ano aceit\u00e1vel est\u00e1 iniciando, \u00e9 o tempo do Novo Testamento. Eu vim para cumprir a lei, para salvar o que estava perdido, vim abrir os olhos aos cegos, ensinar e dar testemunho da verdade, e libertar das garras de Satan\u00e1s. Que mensagem do puro evangelho, do amor redentor de Deus em Cristo!<\/p>\n<p>A mensagem causou impacto. Muitos ficaram admirados. Este tamb\u00e9m \u00e9 um quadro muito comum em nossos dias. Especialmente em datas festivas, congressos, batizados, casamento&#8230; O povo sai admirado! Ouvem-se exclama\u00e7\u00f5es como: \u2018Foi muito bonito!\u2019 \u2018Foi sensacional!\u2019 \u2018Foi emocionante!\u2019 A mensagem causa certos impactos. Pessoas sentem-se tocadas pela palavra. Dizem at\u00e9: \u2018Pastor, muito obrigado! Eu quero vir mais seguidamente ao culto. Eu preciso repensar minha vida e dar mais aten\u00e7\u00e3o \u00e0 palavra de Deus.\u2019 Parecido assim foi em Nazar\u00e9.<\/p>\n<p><strong> 2. Murmura\u00e7\u00f5es.<\/strong> Mas na medida em que olhavam para Jesus e pensavam no que ele estava dizendo, surgiram indaga\u00e7\u00f5es. \u2018N\u00e3o \u00e9 ele o filho de Maria? Conhecemos seus irm\u00e3os. O que ele quer ensinar? Quem ele pensa que \u00e9? Diz ser o Messias. Ele, pobre assim?\u2019<\/p>\n<p>Alguns mais destemidos pediram satisfa\u00e7\u00e3o: \u2018Com que autoridade tu fazes isso? Olha aqui um doente, cura-o, queremos ver. Faze algum milagre para podermos ver.\u2019<\/p>\n<p>Ainda hoje \u00e9 assim. Muitos ouvem a Palavra. Ficam impressionados, mas depois come\u00e7am a refletir. A inimizade da raz\u00e3o come\u00e7a a se manifestar. Chocam-se com a doutrina de Cristo. Especialmente a prega\u00e7\u00e3o da lei, o chamado ao arrependimento, a mensagem do evangelho de ser Cristo o Filho de Deus, \u00fanico e suficiente salvador da humanidade, e a mensagem: <em>Quem quer vir ap\u00f3s mim, tome a sua cruz e siga-me (Mt 16.24) <\/em>Sim a prega\u00e7\u00e3o da cruz e o tomar a cruz sobre si, <em>pois por muitas tribula\u00e7\u00f5es vos importa entrar no reino dos c\u00e9us (At 14.22).<\/em> N\u00e3o! N\u00e3o! N\u00e3o \u00e9 isto que queriam. Eles queriam demonstra\u00e7\u00e3o de poder, de milagres. Eles queriam curas e ver dias felizes aqui e agora.<\/p>\n<p>Al\u00e9m disso, somam-se hoje ainda as muitas fraquezas dos membros da Comunidade, a falta de amor, etc. As pessoas gostariam de ver uma igreja gloriosa, sensacional, com o poder de cura, sim, com poder, vis\u00edvel, aud\u00edvel, palp\u00e1vel.<\/p>\n<p><strong> 3. Admoesta\u00e7\u00e3o<\/strong> . Jesus percebeu as murmura\u00e7\u00f5es. Ent\u00e3o, com muito amor e seriedade, admoestou os ouvintes. Cuidado com as murmura\u00e7\u00f5es. Voc\u00eas lembram o profeta Elias? Qual era a causa da grande seca daquele tempo? A incredulidade do povo. Voc\u00eas lembram. Em Israel havia muitas vi\u00favas sofrendo com a seca, mas Deus enviou o profeta para fora de Israel, para Sidom, ali havia uma vi\u00fava temente a Deus, a qual Deus sustentou. Voc\u00eas recordam o tempo do profeta Eliseu. Ele residiu num humilde casebre de barro. Poucos lhe davam import\u00e2ncia. E havia muitos leprosos em Israel, mas s\u00f3 Naam\u00e3, que veio da Babil\u00f4nia, foi curado. Porque em Israel reinava a incredulidade.<\/p>\n<p>Qual foi o resultado dessa admoesta\u00e7\u00e3o? O povo ficou furioso. Toda a incredulidade do cora\u00e7\u00e3o veio \u00e0 tona. A reuni\u00e3o foi tumultuada. Empurraram Jesus para fora da sinagoga. Com gritos o empurraram para um penhasco. E Jesus o permitiu. At\u00e9 chegarem ao penhasco, ent\u00e3o Jesus deu meia volta. Olhou para o povo. Passou no meio dele e foi embora. O seu poder fez com que ningu\u00e9m o pudesse tocar. At\u00e9 aqui e n\u00e3o mais adiante. Assim Jesus governa e protege ainda hoje sua igreja e seus fi\u00e9is.<\/p>\n<p>Ainda hoje \u00e9 assim. Onde a palavra de Deus \u00e9 pregada de forma correta, com clara divis\u00e3o e aplica\u00e7\u00e3o de lei e evangelho. Onde pessoas s\u00e3o admoestadas ao arrependimento e f\u00e9 na gra\u00e7a de Cristo, a inimizade do cora\u00e7\u00e3o vem \u00e0 tona. Inimizade que se tem mostrado muitas vezes, tanto no Antigo como no Novo testamento como \u00f3dio, resultando em agress\u00e3o aos profetas, ap\u00f3stolos e pastores e membros fi\u00e9is, sim, em persegui\u00e7\u00f5es aos crist\u00e3os. E aqui vale a admoesta\u00e7\u00e3o de Jesus: <em>Bem-aventurado \u00e9 aquele que n\u00e3o achar em mim motivo de trope\u00e7o (Mt 11.6).<\/em><em>Bem-aventurados s\u00e3o os que ouvem a palavra de Deus e a guardam (Lc 11.28). <\/em><\/p>\n<p><strong> 4. S\u00f3 poucos creram.<\/strong> S\u00f3 poucos creram. S\u00f3 poucos reconheceram que, apesar de toda a humilha\u00e7\u00e3o e simplicidade, ali estava Jesus, o Salvador. E creram nele. Confiaram na gra\u00e7a de Deus e foram salvos. N\u00e3o devemos desanimar se ap\u00f3s todos os esfor\u00e7os em nossa Comunidade e esfor\u00e7os mission\u00e1rios em torno da Comunidade, junto a pessoas que tiveram contato com a Comunidade por ocasi\u00e3o de batismo, confirma\u00e7\u00f5es, casamentos, sepultamentos, dias festivos, que ficaram maravilhados, elogiaram e prometeram vir, n\u00e3o vieram. Importa trabalharmos de forma alegre e com firmeza adiante, pois ainda \u00e9<\/p>\n<p><strong> 5. O ano aceit\u00e1vel do Senhor<\/strong> . Ainda \u00e9 tempo da gra\u00e7a, importa que anunciemos destemidamente e com perseveran\u00e7a, com muito amor \u00e0 palavra de Deus.<\/p>\n<p>Importa pedir sabedoria a Deus para anunciar ao nosso mundo, tomando aqui apenas um exemplo concreto, para proclamar aos jovens com suas cabe\u00e7as cheias de m\u00fasica entorpecente a palavra de Deus. Que Deus Esp\u00edrito Santo nos oriente na clara prega\u00e7\u00e3o destemida da lei de Deus para arrependimento e o doce evangelho para consolo e salva\u00e7\u00e3o. Que Deus nos aben\u00e7oe nisso. Am\u00e9m.<\/p>\n<p><strong> Horst Reinhold Kuchenbecker \u2013 S\u00e3o Leopoldo \u2013 RS \u2013 Brasil<br \/>\n<\/strong><strong>Igreja Evang\u00e9lica Luterana do Brasil<br \/>\n<\/strong><strong><a href=\"mailto:horstrk@cpovo.net\">horstrk@cpovo.net<br \/>\n<\/a><\/strong><strong><a href=\"http:\/\/www.ielb.org.br\/\" target=\"_blank\" rel=\"noopener\">www.ielb.org.br<\/a><\/strong><\/p>\n<\/div>\n","protected":false},"excerpt":{"rendered":"<p>S\u00e9timo Domingo ap\u00f3s Pentecostes \u2013 23 de julho de 2006 S\u00e9rie Trienal B \u2013 Mc 6.1-6 \u2013 Horst R. Kuchenbecker Mc 6.1-6: Tendo Jesus partido dali, foi para a sua terra, e os seus disc\u00edpulos o acompanharam. Chegando o s\u00e1bado, passou a ensinar na sinagoga; e muitos, ouvindo-o, se maravilhavam, dizendo: Donde v\u00eam a este [&hellip;]<\/p>\n","protected":false},"author":1,"featured_media":16575,"comment_status":"closed","ping_status":"closed","sticky":false,"template":"","format":"standard","meta":{"footnotes":""},"categories":[37,727,157,120,853,108,494,763,3,112,109,126,1158],"tags":[],"beitragende":[],"predigtform":[],"predigtreihe":[],"bibelstelle":[],"class_list":["post-11261","post","type-post","status-publish","format-standard","has-post-thumbnail","hentry","category-markus","category-archiv","category-beitragende","category-bes_gelegenheiten","category-bibel","category-current","category-horst-r-kuchenbecker","category-kapitel-06-chapter-06-markus","category-nt","category-port","category-predigten","category-predigtreihen","category-serie-trienal-b"],"_links":{"self":[{"href":"https:\/\/www.theologie.uzh.ch\/apps\/gpi\/wp-json\/wp\/v2\/posts\/11261","targetHints":{"allow":["GET"]}}],"collection":[{"href":"https:\/\/www.theologie.uzh.ch\/apps\/gpi\/wp-json\/wp\/v2\/posts"}],"about":[{"href":"https:\/\/www.theologie.uzh.ch\/apps\/gpi\/wp-json\/wp\/v2\/types\/post"}],"author":[{"embeddable":true,"href":"https:\/\/www.theologie.uzh.ch\/apps\/gpi\/wp-json\/wp\/v2\/users\/1"}],"replies":[{"embeddable":true,"href":"https:\/\/www.theologie.uzh.ch\/apps\/gpi\/wp-json\/wp\/v2\/comments?post=11261"}],"version-history":[{"count":1,"href":"https:\/\/www.theologie.uzh.ch\/apps\/gpi\/wp-json\/wp\/v2\/posts\/11261\/revisions"}],"predecessor-version":[{"id":16585,"href":"https:\/\/www.theologie.uzh.ch\/apps\/gpi\/wp-json\/wp\/v2\/posts\/11261\/revisions\/16585"}],"wp:featuredmedia":[{"embeddable":true,"href":"https:\/\/www.theologie.uzh.ch\/apps\/gpi\/wp-json\/wp\/v2\/media\/16575"}],"wp:attachment":[{"href":"https:\/\/www.theologie.uzh.ch\/apps\/gpi\/wp-json\/wp\/v2\/media?parent=11261"}],"wp:term":[{"taxonomy":"category","embeddable":true,"href":"https:\/\/www.theologie.uzh.ch\/apps\/gpi\/wp-json\/wp\/v2\/categories?post=11261"},{"taxonomy":"post_tag","embeddable":true,"href":"https:\/\/www.theologie.uzh.ch\/apps\/gpi\/wp-json\/wp\/v2\/tags?post=11261"},{"taxonomy":"beitragende","embeddable":true,"href":"https:\/\/www.theologie.uzh.ch\/apps\/gpi\/wp-json\/wp\/v2\/beitragende?post=11261"},{"taxonomy":"predigtform","embeddable":true,"href":"https:\/\/www.theologie.uzh.ch\/apps\/gpi\/wp-json\/wp\/v2\/predigtform?post=11261"},{"taxonomy":"predigtreihe","embeddable":true,"href":"https:\/\/www.theologie.uzh.ch\/apps\/gpi\/wp-json\/wp\/v2\/predigtreihe?post=11261"},{"taxonomy":"bibelstelle","embeddable":true,"href":"https:\/\/www.theologie.uzh.ch\/apps\/gpi\/wp-json\/wp\/v2\/bibelstelle?post=11261"}],"curies":[{"name":"wp","href":"https:\/\/api.w.org\/{rel}","templated":true}]}}