{"id":11262,"date":"2021-02-07T19:48:54","date_gmt":"2021-02-07T19:48:54","guid":{"rendered":"https:\/\/theologie.whp.uzh.ch\/apps\/gpi\/?p=11262"},"modified":"2023-03-09T13:13:02","modified_gmt":"2023-03-09T12:13:02","slug":"2-corintios-12-7-10-2","status":"publish","type":"post","link":"https:\/\/www.theologie.uzh.ch\/apps\/gpi\/2-corintios-12-7-10-2\/","title":{"rendered":"2 Cor\u00edntios 12.7-10"},"content":{"rendered":"<div align=\"left\">\n<h3 style=\"text-align: left;\" align=\"center\"><strong>7 \u00ba Domingo ap\u00f3s Pentecostes \u2013 23 de julho de 2006<\/strong><br \/>\n<strong>2 Cor\u00edntios 12.7-10 \u2013 Lindolfo Pieper<\/strong><\/h3>\n<hr \/>\n<p align=\"center\"><strong>FOR\u00c7A NA FRAQUEZA <\/strong><\/p>\n<p><strong> 2 Cor\u00edntios 12.7-10: \u201cMas, para que eu n\u00e3o ficasse orgulhoso demais por causa das coisas maravilhosas que vi, foi-me dada uma doen\u00e7a dolorosa, como se fosse um espinho na carne. Ela veio como um mensageiro de Satan\u00e1s para me esbofetear e evitar que eu ficasse orgulhoso.Tr\u00eas vezes orei ao Senhor e lhe pedi que tirasse isso de mim. Ent\u00e3o ele me respondeu, dizendo: A minha gra\u00e7a \u00e9 o suficiente para voc\u00ea, pois o meu poder \u00e9 mais forte quando voc\u00ea est\u00e1 fraco. Portanto, eu me sinto mais alegre ainda nas minhas fraquezas, para assim ter a prote\u00e7\u00e3o do poder de Cristo. Alegro-me com essas fraquezas, insultos, necessidades, persegui\u00e7\u00f5es e dificuldades por causa de Cristo. Porque, quando estou fraco, a\u00ed sim \u00e9 que sou forte\u201d.<\/strong><\/p>\n<p>Certo agricultor\u00a0 lutava com muitas dificuldades e possu\u00eda um \u00fanico cavalo para ajudar no trabalho de sua pequena propriedade. Um dia o seu cavalo caiu num velho po\u00e7o abandonado. O buraco era muito fundo e seria dif\u00edcil tirar o animal de l\u00e1.<\/p>\n<p>O agricultor avaliou a situa\u00e7\u00e3o e certificou-se de que o cavalo estava vivo. Mas pela dificuldade e o alto custo para retir\u00e1-lo do fundo do po\u00e7o, concluiu que n\u00e3o valia a pena investir no resgate. Decidiu ent\u00e3o sacrificar o animal soterrando-o ali mesmo. A sua inten\u00e7\u00e3o era jogar terra sobre o cavalo at\u00e9 que o encobrisse totalmente e o po\u00e7o n\u00e3o oferecesse mais perigo aos outros animais.<\/p>\n<p>No entanto, na medida em que a terra ca\u00eda sobre seu dorso, o cavalo se sacudia e a derrubava no ch\u00e3o e ia pisando sobre ela. Logo ele percebeu que o animal n\u00e3o se deixava soterrar. Mas, ao contr\u00e1rio, estava subindo \u00e0 medida que a terra ca\u00eda sobre ele, at\u00e9 que, finalmente, conseguiu sair.<\/p>\n<p>Na B\u00edblia encontramos muitos exemplos de pessoas que venceram grandes obst\u00e1culos, que souberam fazer das dificuldades um trampolim para a vit\u00f3ria, de extrair for\u00e7a da fraqueza. Um desses exemplos \u00e9 Jos\u00e9, filho do patriarca Jac\u00f3.<\/p>\n<p>Dentre 12 irm\u00e3os ele era o filhinho querido do pai Jac\u00f3. Seus irm\u00e3os o odiavam por isso. Acabou sendo vendido pelos irm\u00e3os, que mentiram ao pai dizendo que havia sido comido por uma fera. Foi parar no Egito. L\u00e1, mais uma vez, \u00e9 injusti\u00e7ado e acaba sendo preso, ficando trancafiado por muitos anos.<\/p>\n<p>Diante de todas as injusti\u00e7as, Jos\u00e9 nunca deixou de confiar em seu Deus. E Deus n\u00e3o o abandonou. Surge uma grande oportunidade de interpretar o sonho de Fara\u00f3: haveria sete anos de fartura e depois sete anos de grande seca. \u00c9 libertado e torna-se o governador do Egito por causa da sua grande sabedoria que, sem d\u00favida, ele reconhecia como um presente de Deus.<\/p>\n<p>Durante os anos de fartura, os eg\u00edpcios enchem seus celeiros por conselho de Jos\u00e9. Quando chegam os sete anos de seca somente os eg\u00edpcios t\u00eam comida. Os irm\u00e3os de Jos\u00e9, na distante Cana\u00e3, passam necessidade. Acabam indo ao Egito em busca do precioso alimento. \u00c9 um reencontro marcado pela emo\u00e7\u00e3o. E Jos\u00e9 faz uma declara\u00e7\u00e3o que nos traz uma grande li\u00e7\u00e3o: <strong>&#8222;Foi para salvar a vida de voc\u00eas que Deus me enviou na frente de voc\u00eas. Deus me enviou na frente de voc\u00eas a fim de que ele, de um modo maravilhoso, salvasse a vida de voc\u00eas aqui neste pa\u00eds e garantisse que teriam descendentes. N\u00e3o foram voc\u00eas que me mandaram para c\u00e1, foi Deus&#8220;<\/strong> (G\u00eanesis 45.5,7,8).<\/p>\n<p>Esta \u00e9 uma das maiores declara\u00e7\u00f5es de f\u00e9 e confian\u00e7a em Deus que a B\u00edblia apresenta, de algu\u00e9m que soube fazer das dificuldades um trampolim para a vit\u00f3ria, de tirar for\u00e7a da fraqueza.<\/p>\n<p>Um outro exemplo de pessoa que enfrentou grandes dificuldades, que soube fazer dos obst\u00e1culos um trampolim para a vit\u00f3ria \u00e9 Jesus.<\/p>\n<p>Se n\u00f3s formos olhar para a vida de Jesus, parece que tudo deu errado. Primeiro: ele nasceu numa estrebaria, num curral de gado.<\/p>\n<p>Era de se esperar que Jesus nascesse num pal\u00e1cio. Afinal, ele era o Filho de Deus, o Rei dos reis e o Senhor dos senhores. Foi por isso que os magos do oriente, quando vieram adorar o Menino Jesus, o procuraram no pal\u00e1cio do rei Herodes em Jerusal\u00e9m. Mas l\u00e1 n\u00e3o havia ningu\u00e9m. O rei Herodes nem sabia do seu nascimento, nem tampouco o povo de Jerusal\u00e9m.<\/p>\n<p>Depois, no seu minist\u00e9rio, ele foi rejeitado e desprezado. Ele n\u00e3o foi bem aceito pelos homens. Diz o ap\u00f3stolo Jo\u00e3o: <strong>\u201cEle veio para os seus, mas os seus n\u00e3o o receberam\u201d.<\/strong><\/p>\n<p>\u00c0s vezes ele n\u00e3o tinha nem lugar para dormir, para descansar o corpo. Por isso, num certo lugar dos evangelhos, ele reclama, dizendo: <strong>\u201cAs raposas t\u00eam os seus covis, as aves dos c\u00e9us ninhos, mas o Filho do homem n\u00e3o tem nem onde reclinar a sua cabe\u00e7a\u201d. <\/strong><\/p>\n<p>E, finalmente, no fim de sua vida, ele foi humilhado, desprezado e colocado numa cruz, como um criminoso, como um marginal, como um bandido. Parecia que ele estava sozinho, que at\u00e9 o pr\u00f3prio Deus o havia abandonado. Por isso, como que desesperado, ele clama no alto da cruz: <strong>\u201cDeus meu, Deus meu, porque me desamparaste!\u201d. <\/strong><\/p>\n<p>Mas Deus n\u00e3o o havia desamparado. Tudo o que estava acontecendo com ele estava nos planos de Deus: desde o seu humilde nascimento, at\u00e9 a sua morte na cruz. Isso tudo havia sido predito pelos profetas. Esse era o plano de Deus para salvar o mundo.<\/p>\n<p>O profeta Isa\u00edas, por exemplo, depois de descrever em min\u00facias o seu sofrimento e morte no cap\u00edtulo 53 do seu livro, conclui dizendo: <strong>\u201cQuando ele [Jesus] olhou para tr\u00e1s e viu o fruto do seu trabalho, ficou satisfeito\u201d. <\/strong><\/p>\n<p>Tamb\u00e9m a hist\u00f3ria nos traz exemplos de pessoas que passaram por grandes obst\u00e1culos, mas que venceram, fazendo das dificuldades um trampolim para a vit\u00f3ria.<\/p>\n<p>Um desses exemplos \u00e9 Ant\u00f4nio Francisco Lisboa, mais conhecido como Aleijadinho. Aleijadinho foi acometido por uma grave enfermidade, que o levou a perder as suas m\u00e3os. Mas, apesar disso, ele continuou com o seu trabalho de escultor. Ele pedia que os seus ajudantes amarrassem cinz\u00e9is e martelos naquilo que havia sido dedos e m\u00e3os. Ent\u00e3o, o pequeno artista-escultor come\u00e7ava a criar mais uma obra-prima em madeira ou pedra.<\/p>\n<p>Considerando a sua desvantagem em rela\u00e7\u00e3o aos artistas s\u00e3os, ele deveria ter desistido ou jamais come\u00e7ado. Mas n\u00e3o. As suas obras permanecem como mudas testemunhas da sua habilidade. As suas obras tomam formas de ap\u00f3stolos e santos, catedrais e altares, grupos e figuras nas <strong>Esta\u00e7\u00f5es da Cruz<\/strong>. Mas a obra mais conhecida \u00e9 <strong>Os Profetas<\/strong>, que se encontra no \u00e1trio da Bas\u00edlica do Bom Jesus em Congonhas, MG.<\/p>\n<p>Estas obras s\u00e3o monumentos de um g\u00eanio criativo, de um homem que venceu as flechas da adversidade. A sua profunda f\u00e9 se v\u00ea nestas est\u00e1tuas simples, por\u00e9m poderosas, de homens de Deus que venceram a adversidade.<\/p>\n<p>Temos ainda o exemplo de Milton, cego, caluniado e perseguido, que nos deu <strong>O Para\u00edso Perdido<\/strong>. Dante e Cam\u00f5es, que na mis\u00e9ria e no desterro, produziram as maravilhas da literatura, que s\u00e3o <strong>A Divina Com\u00e9dia<\/strong> e <strong>Os Luz\u00edadas<\/strong>. John Buyan, que no c\u00e1rcere, escreveu <strong>O Peregrino<\/strong>. Paulo, que, arrastando consigo o espinho da carne, escreveu as suas treze cartas, que t\u00eam alimentado a esperan\u00e7a de multid\u00f5es, especialmente a sua ep\u00edstola aos <strong>Romanos<\/strong>, que \u00e9 a obra prima do Novo Testamento.<\/p>\n<p>A respeito do ap\u00f3stolo Paulo, diz o texto b\u00edblico<strong>: \u201cMas, para que eu n\u00e3o ficasse orgulhoso demais por causa das coisas maravilhosas que vi, foi-me dada uma doen\u00e7a dolorosa, como se fosse um espinho na carne. Tr\u00eas vezes orei ao Senhor e lhe pedi que tirasse isso de mim. Ent\u00e3o ele me respondeu, dizendo: A minha gra\u00e7a \u00e9 o suficiente para voc\u00ea, pois o meu poder \u00e9 mais forte quando voc\u00ea est\u00e1 fraco\u201d.<\/strong><\/p>\n<p>Poder\u00edamos ainda citar a Helen Keller que, mesma cega, surda e muda, assombrou o mundo com os seus escritos, atividades e realiza\u00e7\u00f5es. Mas julgamos que os exemplos citados s\u00e3o suficientes para mostrar que as adversidades, \u00e0s vezes, servem para despertar numa pessoa algum dom latente e lev\u00e1-la a superar as suas aparentes defici\u00eancias.<\/p>\n<p>Qu\u00e3o grandes s\u00e3o as li\u00e7\u00f5es que n\u00f3s podemos aprender com pessoas assim. Li\u00e7\u00f5es de bravura e determina\u00e7\u00e3o frente a extremas dificuldades. Pessoas com tais caracter\u00edsticas nos s\u00e3o apresentadas pela B\u00edblia, que por meio da f\u00e9 subjugaram reinos, praticaram a justi\u00e7a obtiveram promessa, fecharam bocas de le\u00f5es, extinguiram a viol\u00eancia do fogo, escaparam ao fio da espada; da fraqueza tiraram for\u00e7a, fizeram-se poderosos em guerra, puseram em fuga ex\u00e9rcito inteiro.<\/p>\n<p>For\u00e7a tirada da fraqueza! Esta \u00e9 a chave do sucesso dos exemplos citados acima. E \u00e9 tamb\u00e9m a raz\u00e3o da vit\u00f3ria daqueles vultos sagrados, relatos pela B\u00edblia em Hebreus 11: a f\u00e9! Este tamb\u00e9m pode ser o segredo do nosso sucesso e de todos aqueles que t\u00eam alguma dificuldade na vida!<\/p>\n<p>A f\u00e9 em Cristo nos torna humildes, nos faz desesperar de n\u00f3s mesmos e nos leva a confiar no poder e na gra\u00e7a de Deus. Quem confia no poder e na gra\u00e7a de Deus, se esvazia de todo o orgulho. E, mesmo em meio as maiores adversidades da vida, se apega a Deus e o glorifica, como fez o ap\u00f3stolo Paulo: <strong>\u201cPortanto, eu me sinto mais alegre ainda nas minhas fraquezas, para assim ter a prote\u00e7\u00e3o do poder de Cristo. Alegro-me com essas fraquezas, insultos, necessidades, persegui\u00e7\u00f5es e dificuldades por causa de Cristo. Porque, quando estou fraco, a\u00ed sim \u00e9 que sou forte\u201d. <\/strong><\/p>\n<p>Esta f\u00e9 nos \u00e9 dada no batismo, que \u00e9 o lavar regenerador e renovador do Esp\u00edrito Santo; e fortalecida na Santa Ceia e na prega\u00e7\u00e3o do evangelho, que \u00e9 o poder de Deus para a salva\u00e7\u00e3o de todo aquele que cr\u00ea em Cristo.<\/p>\n<p>Que Deus nos aben\u00e7oe, aumentando a nossa f\u00e9 e nos tornando humildes, a fim de que aprendamos a extrair for\u00e7a da fraqueza, a fazer das dificuldades um trampolim para a vit\u00f3ria. E que um dia, l\u00e1 no c\u00e9u, possamos estar entre aqueles que venceram as tribula\u00e7\u00f5es da vida, que est\u00e3o junto ao trono da gl\u00f3ria por causa de Cristo, que com o seu sangue nos alvejou de todo o pecado.<\/p>\n<p>Que Deus nos conceda esta gra\u00e7a. Em nome de Jesus. Am\u00e9m.<\/p>\n<hr \/>\n<p><strong> Lindolfo Pieper<br \/>\nJaru, RO \u2013 Brasil<br \/>\nIgreja Evang\u00e9lica Luterana do Brasil<br \/>\n<a href=\"mailto:piperlin@uol.com.br\"> piperlin@uol.com.br<br \/>\n<\/a><a href=\"http:\/\/www.ielb.org.br\/\" target=\"_blank\" rel=\"noopener\"> www.ielb.org.br<\/a><\/strong><\/p>\n<\/div>\n","protected":false},"excerpt":{"rendered":"<p>7 \u00ba Domingo ap\u00f3s Pentecostes \u2013 23 de julho de 2006 2 Cor\u00edntios 12.7-10 \u2013 Lindolfo Pieper FOR\u00c7A NA FRAQUEZA 2 Cor\u00edntios 12.7-10: \u201cMas, para que eu n\u00e3o ficasse orgulhoso demais por causa das coisas maravilhosas que vi, foi-me dada uma doen\u00e7a dolorosa, como se fosse um espinho na carne. Ela veio como um mensageiro [&hellip;]<\/p>\n","protected":false},"author":1,"featured_media":16757,"comment_status":"closed","ping_status":"closed","sticky":false,"template":"","format":"standard","meta":{"footnotes":""},"categories":[43,727,157,853,108,970,493,3,112,109],"tags":[],"beitragende":[],"predigtform":[],"predigtreihe":[],"bibelstelle":[],"class_list":["post-11262","post","type-post","status-publish","format-standard","has-post-thumbnail","hentry","category-2-korinther","category-archiv","category-beitragende","category-bibel","category-current","category-kapitel-12-chapter-12-2-korinther","category-lindolfo-pieper","category-nt","category-port","category-predigten"],"_links":{"self":[{"href":"https:\/\/www.theologie.uzh.ch\/apps\/gpi\/wp-json\/wp\/v2\/posts\/11262","targetHints":{"allow":["GET"]}}],"collection":[{"href":"https:\/\/www.theologie.uzh.ch\/apps\/gpi\/wp-json\/wp\/v2\/posts"}],"about":[{"href":"https:\/\/www.theologie.uzh.ch\/apps\/gpi\/wp-json\/wp\/v2\/types\/post"}],"author":[{"embeddable":true,"href":"https:\/\/www.theologie.uzh.ch\/apps\/gpi\/wp-json\/wp\/v2\/users\/1"}],"replies":[{"embeddable":true,"href":"https:\/\/www.theologie.uzh.ch\/apps\/gpi\/wp-json\/wp\/v2\/comments?post=11262"}],"version-history":[{"count":1,"href":"https:\/\/www.theologie.uzh.ch\/apps\/gpi\/wp-json\/wp\/v2\/posts\/11262\/revisions"}],"predecessor-version":[{"id":17318,"href":"https:\/\/www.theologie.uzh.ch\/apps\/gpi\/wp-json\/wp\/v2\/posts\/11262\/revisions\/17318"}],"wp:featuredmedia":[{"embeddable":true,"href":"https:\/\/www.theologie.uzh.ch\/apps\/gpi\/wp-json\/wp\/v2\/media\/16757"}],"wp:attachment":[{"href":"https:\/\/www.theologie.uzh.ch\/apps\/gpi\/wp-json\/wp\/v2\/media?parent=11262"}],"wp:term":[{"taxonomy":"category","embeddable":true,"href":"https:\/\/www.theologie.uzh.ch\/apps\/gpi\/wp-json\/wp\/v2\/categories?post=11262"},{"taxonomy":"post_tag","embeddable":true,"href":"https:\/\/www.theologie.uzh.ch\/apps\/gpi\/wp-json\/wp\/v2\/tags?post=11262"},{"taxonomy":"beitragende","embeddable":true,"href":"https:\/\/www.theologie.uzh.ch\/apps\/gpi\/wp-json\/wp\/v2\/beitragende?post=11262"},{"taxonomy":"predigtform","embeddable":true,"href":"https:\/\/www.theologie.uzh.ch\/apps\/gpi\/wp-json\/wp\/v2\/predigtform?post=11262"},{"taxonomy":"predigtreihe","embeddable":true,"href":"https:\/\/www.theologie.uzh.ch\/apps\/gpi\/wp-json\/wp\/v2\/predigtreihe?post=11262"},{"taxonomy":"bibelstelle","embeddable":true,"href":"https:\/\/www.theologie.uzh.ch\/apps\/gpi\/wp-json\/wp\/v2\/bibelstelle?post=11262"}],"curies":[{"name":"wp","href":"https:\/\/api.w.org\/{rel}","templated":true}]}}