{"id":11270,"date":"2021-02-07T19:49:02","date_gmt":"2021-02-07T19:49:02","guid":{"rendered":"https:\/\/theologie.whp.uzh.ch\/apps\/gpi\/?p=11270"},"modified":"2023-02-06T10:09:01","modified_gmt":"2023-02-06T09:09:01","slug":"efesios-1-3-14","status":"publish","type":"post","link":"https:\/\/www.theologie.uzh.ch\/apps\/gpi\/efesios-1-3-14\/","title":{"rendered":"Ef\u00e9sios 1.3-14"},"content":{"rendered":"<h3 align=\"left\"><strong>8\u00ba Domingo Ap\u00f3s Pentecostes \u2013 30 de julho de 2006 <\/strong><br \/>\n<strong>Ef 1.3-14, Leandro D. H\u00fcbner<\/strong><\/h3>\n<div align=\"left\">Estimados irm\u00e3os e irm\u00e3s em Cristo.Por que n\u00f3s e muitos outros crist\u00e3os nos reunimos para louvar a Deus em templos, casas e capelas? Por que cantamos hinos a Ele, ofertamos dinheiro, tempo, bens, dons e vida a Ele, oramos e agradecemos? Podemos dizer que fazemos tudo isso <strong>por causa da Sua obra, a obra da salva\u00e7\u00e3o<\/strong>. Por isso, podemos e vamos dizer sempre: <strong>Vamos louvar a Deus por Sua obra<\/strong>!<\/p>\n<p><strong> Vamos louvar a Deus por Sua obra<\/strong> ! Vamos louvar o Pai, que em Cristo nos escolheu. Por tr\u00eas vezes o ap\u00f3stolo Paulo fala da escolha de Deus em nosso texto. No vers\u00edculo 4 a escolha de Deus \u00e9 feita &#8222;nele&#8220;, isto \u00e9, em Cristo. Ou seja, a elei\u00e7\u00e3o ou escolha da gra\u00e7a n\u00e3o \u00e9 uma obra divina \u00e0 parte de Cristo, mas \u00e9 feita ligada a Cristo e \u00e0 sua obra. O ap\u00f3stolo deixa bem claro que a obra de Deus \u00e9 feita &#8222;em Cristo&#8220;, como vemos nos vers\u00edculos 3 (&#8222;com Cristo&#8220;), 4 (&#8222;com Cristo&#8220;), 5 (&#8222;por meio de Jesus Cristo&#8220;) e outros. No vers\u00edculo 5 a escolha de Deus tem como objetivo nos tornar filhos dele. No vers\u00edculo 11 a escolha feita por Deus acontece de acordo com o prop\u00f3sito de Deus, que \u00e9 um prop\u00f3sito de salva\u00e7\u00e3o.<\/p>\n<p>Em Cristo o Pai nos escolheu. Esta doutrina b\u00edblica, da elei\u00e7\u00e3o da gra\u00e7a, diz que Deus escolheu uns para a salva\u00e7\u00e3o, mas <strong>n\u00e3o escolheu<\/strong> outros para a perdi\u00e7\u00e3o, pois os que n\u00e3o s\u00e3o salvos n\u00e3o o s\u00e3o porque rejeitaram a Cristo, s\u00e3o condenados por culpa pr\u00f3pria. Ela \u00e9 dif\u00edcil de entender, mas ao mesmo tempo ela nos leva a n\u00e3o achar que somos salvos por causa de alguma coisa boa em n\u00f3s, mas sim que somos salvos exclusivamente pela gra\u00e7a de Deus em Cristo Jesus. \u00c9 somente por causa de Cristo que somos salvos e nada que n\u00f3s fizermos pode melhorar nossa situa\u00e7\u00e3o diante de Deus. Por isso, vamos louvar a Deus por Sua obra, <strong>vamos louvar o Pai, que em Cristo nos escolheu!<\/strong><\/p>\n<p><strong> Vamos louvar a Deus por Sua obra<\/strong> ! Vamos louvar o Filho, que nos libertou pelo Seu sacrif\u00edcio! No vers\u00edculo 7 vemos que pela obra de Cristo <em>somos libertados. <\/em> A palavra grega usada aqui significava a compra de um escravo ou prisioneiro, deixando-o livre pelo pagamento de um resgate.<\/p>\n<p>Assim, a nossa liberta\u00e7\u00e3o do pecado e da morte foi paga com o sangue de Cristo, derramado na cruz na sua morte de sacrif\u00edcio em nosso lugar.<\/p>\n<p>Cristo est\u00e1 no centro no tratamento de Deus com a humanidade, com todas as pessoas. O vers\u00edculo 10 diz que Deus quer unir em Cristo todas as coisas, isto \u00e9, em Cristo as pessoas s\u00e3o ligadas novamente a Deus, s\u00e3o trazidas de novo para a comunh\u00e3o com Ele. Por meio de Cristo \u00e9 que Deus revelou o seu plano secreto, de nos unir a Ele atrav\u00e9s do pr\u00f3prio Jesus. Jesus, como diz Paulo na carta aos Filipenses, deixou a gl\u00f3ria divina e se fez servo, se humilhando e sendo obediente a Deus at\u00e9 a morte, morte de cruz, para nos salvar. Por isso, vamos louvar a Deus por sua obra, <strong>vamos <\/strong><strong> louvar o Filho, que nos libertou pelo Seu sacrif\u00edcio!<\/strong><\/p>\n<p>Vamos louvar a Deus por sua obra. Vamos louvar o Esp\u00edrito Santo, garantia de nossa heran\u00e7a celeste! O Esp\u00edrito Santo \u00e9 aquele que foi prometido por Jesus e dado \u00e0 Igreja, e \u00e9 o Esp\u00edrito Santo que age dentro da promessa de Deus, de em Cristo trazer a salva\u00e7\u00e3o aos homens pela proclama\u00e7\u00e3o do evangelho. Paulo diz que os crist\u00e3os s\u00e3o &#8222;selados&#8220; com o Esp\u00edrito Santo, isto \u00e9, eles t\u00eam a marca de propriedade de Deus, que \u00e9 o Esp\u00edrito Santo.<\/p>\n<p>O Esp\u00edrito Santo \u00e9 a d\u00e1diva de Deus aos crist\u00e3os, que os sela e marca como filhos e herdeiros da promessa. Essa marca do Esp\u00edrito Santo n\u00f3s recebemos no Batismo, quando nascemos de novo. Al\u00e9m disso, o Esp\u00edritoSanto <em>\u00e9 <\/em><strong>a garantia de que receberemos o <\/strong><strong> que Deus prometeu<\/strong> , isto \u00e9, \u00e9 como um dep\u00f3sito que Deus faz e que o obriga a realizar o pagamento total por n\u00f3s, seus filhos. Assim, a d\u00e1diva do Esp\u00edrito Santo \u00e9 a garantia dada por Deus de que somos seus filhos e herdeiros da vida eterna, conquistada para n\u00f3s por Cristo na cruz e garantida por completo no dia do ju\u00edzo final.<\/p>\n<p>Al\u00e9m de ser a garantia que n\u00f3s temos de sermos salvos, o Esp\u00edrito Santo \u00e9 aquele que garante a presen\u00e7a de Cristo conosco e que converte pessoas a Jesus atrav\u00e9s do evangelho que pregamos. O evangelho \u00e9 o canal que o Esp\u00edrito Santo usa para salvar as pessoas. N\u00f3s somos os instrumentos que o Esp\u00edrito Santo quer usar para salvar pessoas com o evangelho. Por isso, vamos louvar a Deus por Sua obra, <strong>vamos louvar o Esp\u00edrito <\/strong><strong> Santo, garantia de nossa heran\u00e7a celeste<\/strong> !<\/p>\n<p><strong> Vamos louvar a Deus por Sua obra<\/strong> ! Vamos louvar o Pai, o Filho e o Esp\u00edrito Santo! Mas, por qu\u00ea? Porque, sem a Sua obra de salva\u00e7\u00e3o, n\u00f3s todos estar\u00edamos perdidos, condenados ao inferno e \u00e0 morte eterna. Por causa do nosso pecado, nosso destino desde o nascimento \u00e9 terr\u00edvel, pois Paulo diz que <em>o sal\u00e1rio <\/em><em> do pecado \u00e9 a morte<\/em> . Assim, nada mais justo do que louvar a Deus por Sua obra, pois se merec\u00edamos a morte, como \u00e9 que recebemos de gra\u00e7a a vida eterna? Somente pela obra de salva\u00e7\u00e3o de Deus, por sua gra\u00e7a!<\/p>\n<p>\u00c9 como Paulo diz nos vers\u00edculos 7 e 8:<\/p>\n<p><em> Como \u00e9 maravilhosa a gra\u00e7a de <\/em><em> Deus, que ele nos deu com tanta fartura!<\/em><\/p>\n<p>Por isso, irm\u00e3os e irm\u00e3s, vamos nos arrepender sinceramente de todas as vezes que desonramos e ofendemos a Deus em pensamentos, palavras, a\u00e7\u00f5es e falta de a\u00e7\u00e3o, e pedir-lhe humildemente o perd\u00e3o em Cristo.<\/p>\n<p>Tendo recebido e sempre recebendo o perd\u00e3o , mesmo sem merecermos, vamos ent\u00e3o louvar a Deus por Sua obra com tudo o que somos e temos: tempo, dons, dinheiro, bens, intelig\u00eancia, trabalho, corpo, palavras, pensamentos e atos, enfim, com toda a vida. Ele merece a nossa adora\u00e7\u00e3o, louvor e gratid\u00e3o, e, atrav\u00e9s de nosso louvor, Ele atinge outras pessoas com sua obra de salva\u00e7\u00e3o.<\/p>\n<p><strong> Vamos louvar a Deus por sua obra<\/strong> ! Am\u00e9m.<\/p>\n<p><strong>Leandro Daniel H\u00fcbner<br \/>\n<\/strong><strong>Dion\u00edsio Cerqueira \u2013 SC \u2013 Brasil<br \/>\n<\/strong><strong>Igreja Evang\u00e9lica Luterana do Brasil<br \/>\n<\/strong><strong><a href=\"mailto:ldh@temais.com.br\">ldh@temais.com.br<\/a>, <a href=\"mailto:ledahu@gmail.com\"> ledahu@gmail.com<br \/>\n<\/a><\/strong><strong><a href=\"http:\/\/www.ielb.org.br\/\" target=\"_blank\" rel=\"noopener\">www.ielb.org.br<\/a><\/strong><\/p>\n<\/div>\n","protected":false},"excerpt":{"rendered":"<p>8\u00ba Domingo Ap\u00f3s Pentecostes \u2013 30 de julho de 2006 Ef 1.3-14, Leandro D. H\u00fcbner Estimados irm\u00e3os e irm\u00e3s em Cristo.Por que n\u00f3s e muitos outros crist\u00e3os nos reunimos para louvar a Deus em templos, casas e capelas? Por que cantamos hinos a Ele, ofertamos dinheiro, tempo, bens, dons e vida a Ele, oramos e [&hellip;]<\/p>\n","protected":false},"author":1,"featured_media":16391,"comment_status":"closed","ping_status":"closed","sticky":false,"template":"","format":"standard","meta":{"footnotes":""},"categories":[45,727,157,853,374,1185,3,109],"tags":[],"beitragende":[],"predigtform":[],"predigtreihe":[],"bibelstelle":[],"class_list":["post-11270","post","type-post","status-publish","format-standard","has-post-thumbnail","hentry","category-epheser","category-archiv","category-beitragende","category-bibel","category-kapitel-01-chapter-01-epheser","category-leandro-d-huebner","category-nt","category-predigten"],"_links":{"self":[{"href":"https:\/\/www.theologie.uzh.ch\/apps\/gpi\/wp-json\/wp\/v2\/posts\/11270","targetHints":{"allow":["GET"]}}],"collection":[{"href":"https:\/\/www.theologie.uzh.ch\/apps\/gpi\/wp-json\/wp\/v2\/posts"}],"about":[{"href":"https:\/\/www.theologie.uzh.ch\/apps\/gpi\/wp-json\/wp\/v2\/types\/post"}],"author":[{"embeddable":true,"href":"https:\/\/www.theologie.uzh.ch\/apps\/gpi\/wp-json\/wp\/v2\/users\/1"}],"replies":[{"embeddable":true,"href":"https:\/\/www.theologie.uzh.ch\/apps\/gpi\/wp-json\/wp\/v2\/comments?post=11270"}],"version-history":[{"count":1,"href":"https:\/\/www.theologie.uzh.ch\/apps\/gpi\/wp-json\/wp\/v2\/posts\/11270\/revisions"}],"predecessor-version":[{"id":16557,"href":"https:\/\/www.theologie.uzh.ch\/apps\/gpi\/wp-json\/wp\/v2\/posts\/11270\/revisions\/16557"}],"wp:featuredmedia":[{"embeddable":true,"href":"https:\/\/www.theologie.uzh.ch\/apps\/gpi\/wp-json\/wp\/v2\/media\/16391"}],"wp:attachment":[{"href":"https:\/\/www.theologie.uzh.ch\/apps\/gpi\/wp-json\/wp\/v2\/media?parent=11270"}],"wp:term":[{"taxonomy":"category","embeddable":true,"href":"https:\/\/www.theologie.uzh.ch\/apps\/gpi\/wp-json\/wp\/v2\/categories?post=11270"},{"taxonomy":"post_tag","embeddable":true,"href":"https:\/\/www.theologie.uzh.ch\/apps\/gpi\/wp-json\/wp\/v2\/tags?post=11270"},{"taxonomy":"beitragende","embeddable":true,"href":"https:\/\/www.theologie.uzh.ch\/apps\/gpi\/wp-json\/wp\/v2\/beitragende?post=11270"},{"taxonomy":"predigtform","embeddable":true,"href":"https:\/\/www.theologie.uzh.ch\/apps\/gpi\/wp-json\/wp\/v2\/predigtform?post=11270"},{"taxonomy":"predigtreihe","embeddable":true,"href":"https:\/\/www.theologie.uzh.ch\/apps\/gpi\/wp-json\/wp\/v2\/predigtreihe?post=11270"},{"taxonomy":"bibelstelle","embeddable":true,"href":"https:\/\/www.theologie.uzh.ch\/apps\/gpi\/wp-json\/wp\/v2\/bibelstelle?post=11270"}],"curies":[{"name":"wp","href":"https:\/\/api.w.org\/{rel}","templated":true}]}}