{"id":11313,"date":"2021-02-07T19:49:04","date_gmt":"2021-02-07T19:49:04","guid":{"rendered":"https:\/\/theologie.whp.uzh.ch\/apps\/gpi\/?p=11313"},"modified":"2023-02-05T16:45:52","modified_gmt":"2023-02-05T15:45:52","slug":"juan-6-41-51","status":"publish","type":"post","link":"https:\/\/www.theologie.uzh.ch\/apps\/gpi\/juan-6-41-51\/","title":{"rendered":"Juan 6, 41- 51"},"content":{"rendered":"<div align=\"left\">\n<h3 style=\"text-align: left;\" align=\"center\">Predicaci\u00f3n para el 12\u00b0 domingo despu\u00e9s de Pentecostes, 27 de agosto de 2006<br \/>\nTexto seg\u00fan LET serie B: Juan 6, 41- 51 por Julio Strauch<\/h3>\n<hr \/>\n<p align=\"center\"><strong>\u00a0<\/strong><strong> \u00a1Yo soy el pan que da vida! <\/strong><\/p>\n<p>\u00a1La Gracia y la Paz que vienen de nuestro Se\u00f1or Jesucristo sean con todos nosotros!<\/p>\n<p>Muchas im\u00e1genes aparecen en el Evangelio de Juan para describir y hablar de Jesucristo. Una de las m\u00e1s fuertes a mi criterio y quiz\u00e1 la que m\u00e1s me llega en lo personal es la imagen de Jesucristo present\u00e1ndose a s\u00ed mismo como el pan que da la vida. No es poca cosa si tenemos en cuenta la cantidad de personas en todo el mundo que mueren de hambre. Quisiera compartir con Uds. una experiencia que viv\u00ed en una ocasi\u00f3n y que est\u00e1 relacionada estrechamente con el hambre.<\/p>\n<p>Hace unos 24 a\u00f1os atr\u00e1s hice el servicio militar. Justo me toc\u00f3 en la \u00e9poca en que comenzaba la guerra de las Malvinas. Como es de p\u00fablico conocimiento en esa \u00e9poca en la Argentina hab\u00eda una Dictadura militar y el servicio militar todav\u00eda era obligatorio. La cuesti\u00f3n es que durante los dos primeros meses sufrimos lo que se conoce como instrucci\u00f3n militar. A mis compa\u00f1eros y a m\u00ed nos ten\u00edan todo el d\u00eda corriendo de un lado para el otro, haciendo ejercicios y maniobras para prepararnos para \u201cdefender a la Patria\u201d. La comida que nos daban no alcanzaba para reponer las energ\u00edas perdidas. Era una sopa con algunos fideos y que supuestamente deber\u00eda tener unos pedazos de carne que nunca vimos y menos a\u00fan comimos. Sin embargo todos los d\u00edas ve\u00edamos ingresar un cami\u00f3n frigor\u00edfico del cual descargaban bastante carne. Seguramente se perd\u00eda en el trayecto del dep\u00f3sito hasta la cocina. Y as\u00ed todos los d\u00edas. \u00a1Imaginen a unos cuantos muchachos de 19 a\u00f1os haciendo todo el d\u00eda ejercicios y con tan poca comida! Nos mor\u00edamos de hambre. Por eso siempre que pod\u00edamos, sobre todo a la noche o a la siesta, en los momentos de descanso, revolv\u00edamos el basurero para ver si hab\u00eda algo que pudi\u00e9ramos comer. Un d\u00eda, encontr\u00e9 un pedazo de manzana, lo limpi\u00e9 un poco con mi ropa y me lo com\u00ed, con tanta ansiedad que me pareci\u00f3 una delicia. Me di cuenta realmente de lo que es pasar hambre, comenc\u00e9 a darle otro valor a la comida. A partir de esta experiencia personal, a la luz del texto de hoy y teniendo en cuenta que a muchos de nosotros no nos falta la comida, quisiera hacer una peque\u00f1a reflexi\u00f3n.<\/p>\n<p>Alimentarnos nos puede parecer una costumbre y por eso no le damos demasiada importancia.<\/p>\n<p>Pero cuando la comida nos falta, nos damos cuenta de lo necesaria e importante que es.<\/p>\n<p>De la misma manera pensamos que leer la Biblia, ir al culto, a la reuni\u00f3n en la Iglesia o ayudar a alguien no es tan necesario y hacemos estas cosas por costumbre y no como una necesidad. Pero cuando el dolor, el sufrimiento, la tristeza y el desconsuelo aparecen, nos damos cuenta de lo necesarias que son. En ese momento tomamos conciencia. Jes\u00fas se nos ofrece como alimento, nos dice que <strong>\u00c9l es el pan que da la vida plena<\/strong>. Nos quiere prevenir para que, cuando el dolor y el sufrimiento lleguen estemos preparados. Escuchemos a Jes\u00fas y no dejemos que sea el dolor el que nos haga tomar conciencia, sino sus palabras y su ejemplo.<\/p>\n<hr \/>\n<p style=\"font-weight: 400;\"><strong>Julio Strauch.\u00a0<\/strong><\/p>\n<p><strong>Pastor de la Iglesia Evang\u00e9lica del R\u00edo de la Plata en Katuet\u00e9 Paraguay.<br \/>\n<a href=\"mailto:juliostrauch@yahoo.com.ar\"> juliostrauch@yahoo.com.ar<\/a> <\/strong><\/p>\n<\/div>\n","protected":false},"excerpt":{"rendered":"<p>Predicaci\u00f3n para el 12\u00b0 domingo despu\u00e9s de Pentecostes, 27 de agosto de 2006 Texto seg\u00fan LET serie B: Juan 6, 41- 51 por Julio Strauch \u00a0 \u00a1Yo soy el pan que da vida! \u00a1La Gracia y la Paz que vienen de nuestro Se\u00f1or Jesucristo sean con todos nosotros! Muchas im\u00e1genes aparecen en el Evangelio de [&hellip;]<\/p>\n","protected":false},"author":1,"featured_media":15586,"comment_status":"closed","ping_status":"closed","sticky":false,"template":"","format":"standard","meta":{"footnotes":""},"categories":[39,727,120,853,108,113,250,1157,3,109,126],"tags":[],"beitragende":[],"predigtform":[],"predigtreihe":[],"bibelstelle":[],"class_list":["post-11313","post","type-post","status-publish","format-standard","has-post-thumbnail","hentry","category-johannes","category-archiv","category-bes_gelegenheiten","category-bibel","category-current","category-espa","category-kapitel-06-chapter-06","category-let-serie-b","category-nt","category-predigten","category-predigtreihen"],"_links":{"self":[{"href":"https:\/\/www.theologie.uzh.ch\/apps\/gpi\/wp-json\/wp\/v2\/posts\/11313","targetHints":{"allow":["GET"]}}],"collection":[{"href":"https:\/\/www.theologie.uzh.ch\/apps\/gpi\/wp-json\/wp\/v2\/posts"}],"about":[{"href":"https:\/\/www.theologie.uzh.ch\/apps\/gpi\/wp-json\/wp\/v2\/types\/post"}],"author":[{"embeddable":true,"href":"https:\/\/www.theologie.uzh.ch\/apps\/gpi\/wp-json\/wp\/v2\/users\/1"}],"replies":[{"embeddable":true,"href":"https:\/\/www.theologie.uzh.ch\/apps\/gpi\/wp-json\/wp\/v2\/comments?post=11313"}],"version-history":[{"count":1,"href":"https:\/\/www.theologie.uzh.ch\/apps\/gpi\/wp-json\/wp\/v2\/posts\/11313\/revisions"}],"predecessor-version":[{"id":16469,"href":"https:\/\/www.theologie.uzh.ch\/apps\/gpi\/wp-json\/wp\/v2\/posts\/11313\/revisions\/16469"}],"wp:featuredmedia":[{"embeddable":true,"href":"https:\/\/www.theologie.uzh.ch\/apps\/gpi\/wp-json\/wp\/v2\/media\/15586"}],"wp:attachment":[{"href":"https:\/\/www.theologie.uzh.ch\/apps\/gpi\/wp-json\/wp\/v2\/media?parent=11313"}],"wp:term":[{"taxonomy":"category","embeddable":true,"href":"https:\/\/www.theologie.uzh.ch\/apps\/gpi\/wp-json\/wp\/v2\/categories?post=11313"},{"taxonomy":"post_tag","embeddable":true,"href":"https:\/\/www.theologie.uzh.ch\/apps\/gpi\/wp-json\/wp\/v2\/tags?post=11313"},{"taxonomy":"beitragende","embeddable":true,"href":"https:\/\/www.theologie.uzh.ch\/apps\/gpi\/wp-json\/wp\/v2\/beitragende?post=11313"},{"taxonomy":"predigtform","embeddable":true,"href":"https:\/\/www.theologie.uzh.ch\/apps\/gpi\/wp-json\/wp\/v2\/predigtform?post=11313"},{"taxonomy":"predigtreihe","embeddable":true,"href":"https:\/\/www.theologie.uzh.ch\/apps\/gpi\/wp-json\/wp\/v2\/predigtreihe?post=11313"},{"taxonomy":"bibelstelle","embeddable":true,"href":"https:\/\/www.theologie.uzh.ch\/apps\/gpi\/wp-json\/wp\/v2\/bibelstelle?post=11313"}],"curies":[{"name":"wp","href":"https:\/\/api.w.org\/{rel}","templated":true}]}}