{"id":11454,"date":"2021-02-07T19:49:08","date_gmt":"2021-02-07T19:49:08","guid":{"rendered":"https:\/\/theologie.whp.uzh.ch\/apps\/gpi\/?p=11454"},"modified":"2023-01-31T11:35:26","modified_gmt":"2023-01-31T10:35:26","slug":"daniel-7-910","status":"publish","type":"post","link":"https:\/\/www.theologie.uzh.ch\/apps\/gpi\/daniel-7-910\/","title":{"rendered":"Daniel 7.9,10"},"content":{"rendered":"<div align=\"left\">\n<h3>Pen\u00faltimo Domingo no Ano Eclesi\u00e1stico \u2013 19 de Novembro de 2006<br \/>\nS\u00e9rie Trienal B \u2013 Daniel 7.9,10 \u2013 Nivaldo Schneider e S\u00edlvio Ferreira da Silva Filho<\/h3>\n<hr \/>\n<p><strong>Tema: Deus julgar\u00e1 o mundo. <\/strong><\/p>\n<p>Todos n\u00f3s ficamos sabendo daquele tr\u00e1gico acidente que envolveu o boeing da Gol e o jato Legacy, quando 154 pessoas morreram. O Superior Tribunal de Justi\u00e7a determinou que, em 30 dias, esse inqu\u00e9rito deve ser conclu\u00eddo e julgado. O que acontecer\u00e1 nesse julgamento, n\u00f3s ainda n\u00e3o sabemos.<\/p>\n<p>O nosso texto tamb\u00e9m fala em julgamento. O julgamento que Deus far\u00e1 no dia do ju\u00edzo. Por isso, com base em Daniel 7.9,10, queremos meditar sobre o tema: <strong>Deus julgar\u00e1 o mundo. <\/strong><\/p>\n<p>Daniel viveu por volta do ano 600 a.C e foi levado pelo rei Nabucodonosor para a Babil\u00f4nia, junto com o povo de Deus. Ali Daniel esteve rodeado de tenta\u00e7\u00f5es, mas permaneceu fiel ao Deus verdadeiro. Deus o aben\u00e7oou com uma por\u00e7\u00e3o extraordin\u00e1ria de sabedoria, especialmente para interpretar sonhos e vis\u00f5es.<\/p>\n<p>Aqui no nosso texto, numa dessas vis\u00f5es, ele viu alguns tronos e, num deles, estava assentado o pr\u00f3prio Deus. Na vis\u00e3o, a roupa de Deus era branca como a neve e os seus cabelos eram brancos como a l\u00e3. Isso simboliza a pureza e a santidade de Deus. O trono onde Deus estava parecia labaredas de fogo e, da frente do trono sa\u00eda um rio de fogo. Isso simboliza o zelo que Deus tem para punir e castigar os transgressores da sua lei, como tamb\u00e9m para purificar o seu povo, perdoando os seus pecados e preparando-os para o ju\u00edzo final e para a vida eterna.<\/p>\n<p>Daniel viu que milh\u00f5es de anjos estavam de p\u00e9 na presen\u00e7a de Deus e, ent\u00e3o come\u00e7ou o julgamento e foram abertos os livros. Que livros s\u00e3o esses? O ap\u00f3stolo Jo\u00e3o explica que esses s\u00e3o os livros onde Deus registra as obras que todas as pessoas praticaram, tanto para o bem quanto para o mal. Portanto, o texto deixa claro que <strong>Deus julgar\u00e1 o mundo. <\/strong><\/p>\n<p>Voc\u00ea acredita que haver\u00e1 um dia no qual Deus julgar\u00e1 o mundo? N\u00f3s sabemos que existem muitas pessoas que n\u00e3o acreditam nesta verdade. N\u00f3s tamb\u00e9m corremos o risco de n\u00e3o acreditar nessa verdade quando n\u00e3o o valor do que a Palavra de Deus ensina sobre o ju\u00edzo final, quando n\u00e3o nos dedicamos para ouvir com aten\u00e7\u00e3o a Palavra de Deus na Igreja, quando n\u00e3o lemos e n\u00e3o estudamos a Palavra de Deus em casa, com a fam\u00edlia.<\/p>\n<p>Qual a conseq\u00fc\u00eancia dessa atitude? A conseq\u00fc\u00eancia \u00e9 que, desconhecendo o que Deus ensina na Sua Palavra sobre o dia do ju\u00edzo final, n\u00f3s vamos acreditar em ensinamentos dos homens, como por exemplo: que n\u00e3o haver\u00e1 um dia de ju\u00edzo final, que tudo continuar\u00e1 como sempre foi, que Deus n\u00e3o levar\u00e1 t\u00e3o a s\u00e9rio os nossos pecados e que, se houver mesmo um dia de ju\u00edzo final, Deus dar\u00e1 a salva\u00e7\u00e3o para todo o mundo.<\/p>\n<p>Muito pior do que tudo isso \u00e9 pensarmos que ser\u00e1 poss\u00edvel dar um jeitinho no dia do ju\u00edzo. Que jeitinho seria esse? A pessoa achar que pode desprezar a Palavra de Deus, pode praticar as obras mais absurdas que, no final, ser\u00e1 absolvida por Deus e entrar\u00e1 no c\u00e9u. Quantas pessoas pensam que, no dia do ju\u00edzo final, tudo acabar\u00e1 em pizza e que Deus, sendo um velhinho bonach\u00e3o, passar\u00e1 a m\u00e3o sobre a cabe\u00e7a de todo o mundo e colocar\u00e1 todos no c\u00e9u.<\/p>\n<p>Voc\u00ea acredita que haver\u00e1 um dia no qual Deus julgar\u00e1 o mundo? N\u00f3s n\u00e3o acreditamos nessa verdade quando pensamos que podemos enganar Deus e esconder os nossos pecados dele. N\u00f3s podemos esconder os nossos pecados do marido, da esposa, dos pais, dos filhos, do patr\u00e3o, da professora, da igreja, do governo, mas n\u00e3o podemos esconder os nossos pecados de Deus.<\/p>\n<p>Voc\u00ea acredita que Deus julgar\u00e1 o mundo? Por \u00faltimo, n\u00f3s n\u00e3o acreditamos que Deus julgar\u00e1 o mundo quando n\u00f3s vivemos a nossa vida crist\u00e3 de qualquer maneira, ali\u00e1s, n\u00e3o crist\u00e3, sem amor a Deus e ao pr\u00f3ximo. Por que achamos que podemos viver sem amor a Deus e ao pr\u00f3ximo? Porque n\u00f3s n\u00e3o temos consci\u00eancia de que um dia n\u00f3s vamos comparecer diante do tribunal de Deus para prestar contas de tudo o que fizemos durante toda a nossa vida.<\/p>\n<p>Se n\u00f3s continuarmos agindo assim, n\u00f3s demonstramos que n\u00e3o estamos preparados para o dia do ju\u00edzo final, estamos desobedecendo a Deus e nos afastando dele. Quando n\u00e3o reconhecemos o valor do que a Palavra de Deus ensina sobre o ju\u00edzo final, quando pensamos que Deus \u00e9 um velhinho bonach\u00e3o que dar\u00e1 a vida eterna a todo o mundo e que podemos viver de qualquer maneira, o ap\u00f3stolo Jo\u00e3o nos lembra que estamos riscando o nosso nome do Livro da Vida e seremos lan\u00e7ados para dentro do lago de fogo (Apocalipse 20. 15).<\/p>\n<p>Deus n\u00e3o quer que isso aconte\u00e7a conosco. Ele quer que sejamos salvos. Por isso, ele prometeu e enviou o seu Filho Jesus Cristo ao mundo, que sofreu, morreu pregado na cruz e ressuscitou ao terceiro dia. Assim, Jesus nos reconcilia com Deus, nos oferece e d\u00e1 o perd\u00e3o de todos os nossos pecados e nos d\u00e1 a certeza da vida eterna, ap\u00f3s o ju\u00edzo final.<\/p>\n<p>Onde recebemos todas essas coisas? N\u00f3s as recebemos no batismo, na palavra e na santa ceia. Por esses meios, al\u00e9m de ele nos garantir uma nova vida e o perd\u00e3o para os nossos pecados, ele tamb\u00e9m nos orienta e fortalece a nossa f\u00e9 para que creiamos que verdadeiramente ele julgar\u00e1 o mundo.<\/p>\n<p>Na Sua Palavra, Deus nos ensina claramente que ele julgar\u00e1 todas as pessoas no dia do ju\u00edzo final. Aqueles que creram em Jesus receber\u00e3o como pr\u00eamio a vida eterna.<\/p>\n<p>Deus diz em Sua Palavra:<\/p>\n<p><strong><em> Quem crer e for batizado ser\u00e1 salvo<\/em><\/strong> (Marcos 16.16).<\/p>\n<p><strong><em> Cr\u00ea no Senhor Jesus e ser\u00e1s salvo, tu e a tua casa<\/em><\/strong> (Atos 16.31).<\/p>\n<p><strong><em> Agora j\u00e1 n\u00e3o h\u00e1 mais nenhuma condena\u00e7\u00e3o para os que est\u00e3o em Cristo Jesus<\/em><\/strong> (Romanos 8.1).<\/p>\n<p><strong><em> Pela gra\u00e7a sois salvos, mediante a f\u00e9, e isto n\u00e3o vem de v\u00f3s, \u00e9 Dom de Deus<\/em><\/strong> (Ef\u00e9sios 2.9).<\/p>\n<p><strong><em> Ele nos libertou do imp\u00e9rio das trevas e nos transportou para o Reino do Filho do Seu amor, no qual temos a reden\u00e7\u00e3o, a remiss\u00e3o dos pecados<\/em><\/strong> (Colossenses 1.13,14).<\/p>\n<p>Em Apocalipse 7.13ss., falando daqueles que est\u00e3o no c\u00e9u, o anjo de Deus disse que<\/p>\n<p><strong><em> Eles receberam perd\u00e3o, foram lavados dos seus pecados no sangue de Jesus e, por isso, est\u00e3o diante do trono de Deus&#8230; e nunca mais ter\u00e3o fome, nem sede&#8230; e Deus enxugar\u00e1 todas as l\u00e1grimas dos seus olhos<\/em><\/strong> .<\/p>\n<p>Al\u00e9m dessas promessas maravilhosas, a Palavra de Deus nos diz que ele conhece todos os nossos pecados e que, se n\u00f3s os confessarmos e abandonarmos, confiando no perd\u00e3o conquistado por Jesus, Deus, em Sua gra\u00e7a, nos perdoa. Assim, mas de fato somente assim, mas tamb\u00e9m com absoluta certeza assim podemos ter paz para a nossa alma e consolo para o nosso cora\u00e7\u00e3o.<\/p>\n<p>Quando n\u00f3s conhecemos o que a Palavra de Deus diz sobre o ju\u00edzo final, n\u00f3s n\u00e3o vamos permanecer de bra\u00e7os cruzados; pelo contr\u00e1rio, pela gra\u00e7a de Deus, vamos nos empenhar para viver uma vida crist\u00e3 fiel e dedicada ao Senhor Deus, servindo-o com os dons, o tempo e os bens que ele nos deu, testemunhando o amor de Deus para todas as pessoas, preparando-as para o dia do ju\u00edzo final, crendo no Salvador Jesus.<\/p>\n<p>Portanto, na certeza de que <strong>Deus julgar\u00e1 o mundo, <\/strong>vamos olhar sempre para Jesus, o \u201c<strong><em>Autor e Consumador da nossa f\u00e9<\/em><\/strong>\u201d. Vamos tamb\u00e9m nos apegar \u00e0 Palavra, \u00e0s promessas de Deus. S\u00f3 assim, mas assim com absoluta certeza estaremos preparados para esse grande dia. Que Deus nos ajude. Am\u00e9m!<\/p>\n<hr \/>\n<p><strong>Nivaldo Schneider e S\u00edlvio Ferreira da Silva Filho<br \/>\nVila Velha \u2013 ES \u2013 Brasil<br \/>\nIgreja Evang\u00e9lica Luterana do Brasil<br \/>\n<a href=\"mailto:nivaldoschneider@yahoo.com.br\">nivaldoschneider@yahoo.com.br<\/a><br \/>\n<\/strong><strong><a href=\"http:\/\/www.ielb.org.br\/\" target=\"_blank\" rel=\"noopener\">www.ielb.org.br<\/a><\/strong><\/p>\n<\/div>\n","protected":false},"excerpt":{"rendered":"<p>Pen\u00faltimo Domingo no Ano Eclesi\u00e1stico \u2013 19 de Novembro de 2006 S\u00e9rie Trienal B \u2013 Daniel 7.9,10 \u2013 Nivaldo Schneider e S\u00edlvio Ferreira da Silva Filho Tema: Deus julgar\u00e1 o mundo. Todos n\u00f3s ficamos sabendo daquele tr\u00e1gico acidente que envolveu o boeing da Gol e o jato Legacy, quando 154 pessoas morreram. O Superior Tribunal [&hellip;]<\/p>\n","protected":false},"author":1,"featured_media":14940,"comment_status":"closed","ping_status":"closed","sticky":false,"template":"","format":"standard","meta":{"footnotes":""},"categories":[26,2,727,120,853,108,1161,112,109,126,1158],"tags":[],"beitragende":[],"predigtform":[],"predigtreihe":[],"bibelstelle":[],"class_list":["post-11454","post","type-post","status-publish","format-standard","has-post-thumbnail","hentry","category-daniel","category-at","category-archiv","category-bes_gelegenheiten","category-bibel","category-current","category-kapitel-07-chapter-07-daniel","category-port","category-predigten","category-predigtreihen","category-serie-trienal-b"],"_links":{"self":[{"href":"https:\/\/www.theologie.uzh.ch\/apps\/gpi\/wp-json\/wp\/v2\/posts\/11454","targetHints":{"allow":["GET"]}}],"collection":[{"href":"https:\/\/www.theologie.uzh.ch\/apps\/gpi\/wp-json\/wp\/v2\/posts"}],"about":[{"href":"https:\/\/www.theologie.uzh.ch\/apps\/gpi\/wp-json\/wp\/v2\/types\/post"}],"author":[{"embeddable":true,"href":"https:\/\/www.theologie.uzh.ch\/apps\/gpi\/wp-json\/wp\/v2\/users\/1"}],"replies":[{"embeddable":true,"href":"https:\/\/www.theologie.uzh.ch\/apps\/gpi\/wp-json\/wp\/v2\/comments?post=11454"}],"version-history":[{"count":1,"href":"https:\/\/www.theologie.uzh.ch\/apps\/gpi\/wp-json\/wp\/v2\/posts\/11454\/revisions"}],"predecessor-version":[{"id":16246,"href":"https:\/\/www.theologie.uzh.ch\/apps\/gpi\/wp-json\/wp\/v2\/posts\/11454\/revisions\/16246"}],"wp:featuredmedia":[{"embeddable":true,"href":"https:\/\/www.theologie.uzh.ch\/apps\/gpi\/wp-json\/wp\/v2\/media\/14940"}],"wp:attachment":[{"href":"https:\/\/www.theologie.uzh.ch\/apps\/gpi\/wp-json\/wp\/v2\/media?parent=11454"}],"wp:term":[{"taxonomy":"category","embeddable":true,"href":"https:\/\/www.theologie.uzh.ch\/apps\/gpi\/wp-json\/wp\/v2\/categories?post=11454"},{"taxonomy":"post_tag","embeddable":true,"href":"https:\/\/www.theologie.uzh.ch\/apps\/gpi\/wp-json\/wp\/v2\/tags?post=11454"},{"taxonomy":"beitragende","embeddable":true,"href":"https:\/\/www.theologie.uzh.ch\/apps\/gpi\/wp-json\/wp\/v2\/beitragende?post=11454"},{"taxonomy":"predigtform","embeddable":true,"href":"https:\/\/www.theologie.uzh.ch\/apps\/gpi\/wp-json\/wp\/v2\/predigtform?post=11454"},{"taxonomy":"predigtreihe","embeddable":true,"href":"https:\/\/www.theologie.uzh.ch\/apps\/gpi\/wp-json\/wp\/v2\/predigtreihe?post=11454"},{"taxonomy":"bibelstelle","embeddable":true,"href":"https:\/\/www.theologie.uzh.ch\/apps\/gpi\/wp-json\/wp\/v2\/bibelstelle?post=11454"}],"curies":[{"name":"wp","href":"https:\/\/api.w.org\/{rel}","templated":true}]}}