{"id":11524,"date":"2021-02-07T19:49:11","date_gmt":"2021-02-07T19:49:11","guid":{"rendered":"https:\/\/theologie.whp.uzh.ch\/apps\/gpi\/?p=11524"},"modified":"2023-01-17T21:57:37","modified_gmt":"2023-01-17T20:57:37","slug":"unser-vater-im-himmel-theologisch-hymnologische-informationen-zu-liedern-der-predigtreihe","status":"publish","type":"post","link":"https:\/\/www.theologie.uzh.ch\/apps\/gpi\/unser-vater-im-himmel-theologisch-hymnologische-informationen-zu-liedern-der-predigtreihe\/","title":{"rendered":"Unser Vater im Himmel (Theologisch-hymnologische Informationen zu Liedern der Predigtreihe)"},"content":{"rendered":"<div align=\"left\">\n<h3 align=\"left\"><b><span style=\"color: #000099;\">Predigtreihe zum Vater Unser, Oktober 2006<br \/>\n&#8222;Unser Vater im Himmel&#8220;<br \/>\nTheologisch-hymnologische Informationen zu Liedern der Predigtreihe<br \/>\nAlexander V\u00f6lker <\/span><\/b><\/h3>\n<hr \/>\n<p align=\"left\"><strong><a href=\"https:\/\/theologie.whp.uzh.ch\/apps\/gpi\/archiv-8\/vaterunser-reihe-06.htm\">Zur \u00dcbersicht der Reihe<\/a><br \/>\n<a href=\"vu-r-1.htm\">Zur Predigt<\/a><\/strong><\/p>\n<p><strong>Vater unser im Himmel<\/strong><\/p>\n<p>Martin Luthers Gebetslied (EG 344) umfasst neun Sechszeiler, wobei zur jeweiligen Bitte die entsprechende Strophe, zus\u00e4tzlich Strophe 1 und\/oder 9 sich zum Singen anbietet. Aus Anrede und Amen sind zwei Rahmenstrophen entwickelt, die voraus laufende Bitte um das rechte Beten (1,4ff.), die Bekr\u00e4ftigung des Erbetenen in Gewissheit (9,3ff.). Ein sehr klarer Strophe-Aufbau f\u00f6rdert Einpr\u00e4gsamkeit\/Merkbarkeit: Der biblische Text der Vaterunserbitten leitet jede Strophe ein, die \u201eUmfang und Konsequenzen der Bitte umrei\u00dft\u201c, zu Ende gef\u00fchrt durch jeweils eine Bitte um das Gute\/Gottgewollte, direkt danach durch eine Bitte \u201egegen\u201c Schlechtes\/Gott- widriges (in dieser Abfolge Strophe1 bis 4, bei Strophe5 ist dies genau umgekehrt).<\/p>\n<p><strong>Alexander V\u00f6lker<br \/>\n<a href=\"mailto:asvoelker@teleos-web.de\">asvoelker@teleos-web.de<\/a> <\/strong><\/p>\n<\/div>\n","protected":false},"excerpt":{"rendered":"<p>Predigtreihe zum Vater Unser, Oktober 2006 &#8222;Unser Vater im Himmel&#8220; Theologisch-hymnologische Informationen zu Liedern der Predigtreihe Alexander V\u00f6lker Zur \u00dcbersicht der Reihe Zur Predigt Vater unser im Himmel Martin Luthers Gebetslied (EG 344) umfasst neun Sechszeiler, wobei zur jeweiligen Bitte die entsprechende Strophe, zus\u00e4tzlich Strophe 1 und\/oder 9 sich zum Singen anbietet. Aus Anrede und [&hellip;]<\/p>\n","protected":false},"author":1,"featured_media":15674,"comment_status":"closed","ping_status":"closed","sticky":false,"template":"","format":"standard","meta":{"footnotes":""},"categories":[1,727,120,114,1108,109,1116,126,913],"tags":[],"beitragende":[],"predigtform":[],"predigtreihe":[],"bibelstelle":[],"class_list":["post-11524","post","type-post","status-publish","format-standard","has-post-thumbnail","hentry","category-aktuelle","category-archiv","category-bes_gelegenheiten","category-deut","category-liedpredigten","category-predigten","category-predigtformen","category-predigtreihen","category-unser-vater"],"_links":{"self":[{"href":"https:\/\/www.theologie.uzh.ch\/apps\/gpi\/wp-json\/wp\/v2\/posts\/11524","targetHints":{"allow":["GET"]}}],"collection":[{"href":"https:\/\/www.theologie.uzh.ch\/apps\/gpi\/wp-json\/wp\/v2\/posts"}],"about":[{"href":"https:\/\/www.theologie.uzh.ch\/apps\/gpi\/wp-json\/wp\/v2\/types\/post"}],"author":[{"embeddable":true,"href":"https:\/\/www.theologie.uzh.ch\/apps\/gpi\/wp-json\/wp\/v2\/users\/1"}],"replies":[{"embeddable":true,"href":"https:\/\/www.theologie.uzh.ch\/apps\/gpi\/wp-json\/wp\/v2\/comments?post=11524"}],"version-history":[{"count":1,"href":"https:\/\/www.theologie.uzh.ch\/apps\/gpi\/wp-json\/wp\/v2\/posts\/11524\/revisions"}],"predecessor-version":[{"id":16077,"href":"https:\/\/www.theologie.uzh.ch\/apps\/gpi\/wp-json\/wp\/v2\/posts\/11524\/revisions\/16077"}],"wp:featuredmedia":[{"embeddable":true,"href":"https:\/\/www.theologie.uzh.ch\/apps\/gpi\/wp-json\/wp\/v2\/media\/15674"}],"wp:attachment":[{"href":"https:\/\/www.theologie.uzh.ch\/apps\/gpi\/wp-json\/wp\/v2\/media?parent=11524"}],"wp:term":[{"taxonomy":"category","embeddable":true,"href":"https:\/\/www.theologie.uzh.ch\/apps\/gpi\/wp-json\/wp\/v2\/categories?post=11524"},{"taxonomy":"post_tag","embeddable":true,"href":"https:\/\/www.theologie.uzh.ch\/apps\/gpi\/wp-json\/wp\/v2\/tags?post=11524"},{"taxonomy":"beitragende","embeddable":true,"href":"https:\/\/www.theologie.uzh.ch\/apps\/gpi\/wp-json\/wp\/v2\/beitragende?post=11524"},{"taxonomy":"predigtform","embeddable":true,"href":"https:\/\/www.theologie.uzh.ch\/apps\/gpi\/wp-json\/wp\/v2\/predigtform?post=11524"},{"taxonomy":"predigtreihe","embeddable":true,"href":"https:\/\/www.theologie.uzh.ch\/apps\/gpi\/wp-json\/wp\/v2\/predigtreihe?post=11524"},{"taxonomy":"bibelstelle","embeddable":true,"href":"https:\/\/www.theologie.uzh.ch\/apps\/gpi\/wp-json\/wp\/v2\/bibelstelle?post=11524"}],"curies":[{"name":"wp","href":"https:\/\/api.w.org\/{rel}","templated":true}]}}