{"id":11563,"date":"2021-02-07T19:48:50","date_gmt":"2021-02-07T19:48:50","guid":{"rendered":"https:\/\/theologie.whp.uzh.ch\/apps\/gpi\/?p=11563"},"modified":"2023-03-10T12:36:05","modified_gmt":"2023-03-10T11:36:05","slug":"1-tessalonicenses-3-9-13-2","status":"publish","type":"post","link":"https:\/\/www.theologie.uzh.ch\/apps\/gpi\/1-tessalonicenses-3-9-13-2\/","title":{"rendered":"1. Tessalonicenses 3.9-13"},"content":{"rendered":"<h3 align=\"left\"><strong>1\u00ba Domingo de Advento\u2013 03 de dezembro de 2006<\/strong><br \/>\n<strong>1. Tessalonicenses 3.9-13 \u2013 S\u00e9rie Trienal C \u2013 Nivaldo Schneider e S\u00edlvio Ferreira<\/strong><\/h3>\n<hr \/>\n<div align=\"left\"><strong>Tema: Deus trabalha para o nosso crescimento <\/strong>Algo que incomoda muito a todos n\u00f3s brasileiros \u00e9 o fato de o nosso pa\u00eds n\u00e3o crescer como deveria crescer. O presidente Lula mais uma vez prometeu que o Brasil vai crescer em 2007. A verdade \u00e9 que todos n\u00f3s queremos crescer, em todas as \u00e1reas.<\/p>\n<p>O nosso texto tamb\u00e9m fala em crescimento. Diferentemente do Brasil, aqui, quem promete trabalhar para o nosso crescimento \u00e9 Deus. Por isso, com base em 1. Tessalonicenses 3.9-13, queremos meditar sobre o tema: <strong> Deus trabalha para o nosso crescimento. <\/strong><\/p>\n<p>Os crist\u00e3os de Tessal\u00f4nica viviam na regi\u00e3o da Maced\u00f4nia. Paulo alcan\u00e7ou esta cidade na sua segunda viagem mission\u00e1ria. Permaneceu apenas tr\u00eas semanas, pregando o evangelho ali, onde fundou uma congrega\u00e7\u00e3o crist\u00e3 que crescia muito.<\/p>\n<p>Por que Paulo ficou s\u00f3 tr\u00eas semanas em Tessal\u00f4nica? Porque os judeus come\u00e7aram a falar mal dele e de Silas e os perseguiram por causa da prega\u00e7\u00e3o do evangelho. Por esta raz\u00e3o, foi para Ber\u00e9ia e, depois, enviou Tim\u00f3teo para continuar o seu trabalho.<\/p>\n<p>Paulo queria muito retornar a Tessal\u00f4nica, mas foi impedido, visto que a congrega\u00e7\u00e3o estava passando por graves tribula\u00e7\u00f5es \u2013 eles eram perseguidos por causa da sua f\u00e9. Entretanto, o relat\u00f3rio apresentado por Tim\u00f3teo deixou Paulo profundamente feliz e agradecido a Deus e levou o ap\u00f3stolo a uma grande explos\u00e3o de alegria, manifestada em a\u00e7\u00f5es de gra\u00e7a.<\/p>\n<p>Paulo n\u00e3o foi visit\u00e1-los, mas escreveu esta carta. Ele era o pai espiritual daqueles crist\u00e3os e competia a ele reparar as defici\u00eancias que havia na f\u00e9 dos tessalonicenses e aumentar o seu conhecimento da palavra de Deus, pois, na sua grande maioria, os crist\u00e3os de Tessal\u00f4nica foram convertidos das religi\u00f5es pag\u00e3s.<\/p>\n<p>Em nosso texto, o ap\u00f3stolo Paulo ora pelos tessalonicenses, pedindo que Deus os fa\u00e7a crescer. De onde vem esse crescimento? Esse crescimento vem do constante uso dos meios da gra\u00e7a \u2013 palavra e sacramentos.<\/p>\n<p>Crescendo na f\u00e9, aqueles crist\u00e3os tamb\u00e9m iriam crescer no amor, que \u00e9 o novo mandamento que Jesus deu \u00e0 sua igreja. E, crescendo no amor, eles seriam sal e luz naquela sociedade pag\u00e3. Serviriam aquele que por eles morreu e ressuscitou e assim, pela gra\u00e7a de Deus, seriam conservados em santidade, esperando o retorno de Jesus no dia final. Portanto, esse texto nos convida a refletir sobre o tema: <strong>Deus trabalha para o nosso crescimento. <\/strong><\/p>\n<p>Todas as pessoas querem crescer. Para obter esse crescimento, trabalham, d\u00e3o duro, lutam, se esfor\u00e7am, se desgastam, ultrapassam seus limites. Certamente, voc\u00ea fez tudo isso e cresceu neste ano, quer seja no seu trabalho, quer seja nos seus estudos, quer seja nas suas finan\u00e7as, nos seus projetos pessoais, e assim por diante. Ser\u00e1 que voc\u00ea tamb\u00e9m deu duro, se esfor\u00e7ou, ultrapassou seus limites para crescer espiritualmente nesse ano que vai chegando ao fim?<\/p>\n<p>Paulo estava preocupado com o crescimento espiritual dos crist\u00e3os de Tessal\u00f4nica. Eles tinham defici\u00eancias na sua f\u00e9 e, para repar\u00e1-las, era necess\u00e1rio crescer no conhecimento da palavra de Deus, no uso dos sacramentos. Isso implicava esfor\u00e7o, dedica\u00e7\u00e3o, empenho, perseveran\u00e7a, coragem diante das persegui\u00e7\u00f5es que eles enfrentavam.<\/p>\n<p>Voc\u00ea est\u00e1 ciente de que tamb\u00e9m tem defici\u00eancias em sua f\u00e9? Voc\u00ea est\u00e1 ciente de que s\u00f3 apegando-se aos meios da gra\u00e7a conseguir\u00e1 reparar as suas defici\u00eancias? Voc\u00ea est\u00e1 ciente da necessidade de empenho, dedica\u00e7\u00e3o, perseveran\u00e7a, para crescer espiritualmente?<\/p>\n<p>Quanto voc\u00ea aproveitou das oportunidades que Deus lhe deu para estar em contato com a palavra e sacramentos, seja em casa, seja na Igreja? Quando n\u00f3s n\u00e3o aproveitamos essas oportunidades, n\u00f3s n\u00e3o reparamos as defici\u00eancias da nossa f\u00e9 e isso traz conseq\u00fc\u00eancias. Que conseq\u00fc\u00eancias?<\/p>\n<p>As defici\u00eancias da nossa f\u00e9 produzem a falta de amor \u201cde uns para com os outros\u201d. O primeiro sintoma de quem n\u00e3o cresce na f\u00e9 \u00e9 a falta de amor \u00e0queles com quem convivem. Como est\u00e1 o seu relacionamento com sua fam\u00edlia, com os irm\u00e3os na igreja, com seus amigos da escola, com seus colegas de trabalho, com seus vizinhos e parentes \u2013 voc\u00ea tem demonstrado amor a essas pessoas? Voc\u00ea as tem tratado com carinho? Voc\u00ea tem procurado ajudar essas pessoas?<\/p>\n<p>As defici\u00eancias da nossa f\u00e9 tamb\u00e9m produzem a falta de dedica\u00e7\u00e3o e empenho no trabalho da igreja. Quando uma pessoa est\u00e1 deficiente na f\u00e9 ela n\u00e3o se envolve no trabalho da igreja, n\u00e3o usa seu tempo, seus dons e seus bens para o avan\u00e7o da igreja. Ela n\u00e3o testemunha o evangelho para alcan\u00e7ar mais pessoas para o reino de Deus.<\/p>\n<p>As defici\u00eancias da nossa f\u00e9 tamb\u00e9m produzem a ingratid\u00e3o a Deus pelas coisas boas que acontecem na igreja. Quem tem a sua f\u00e9 deficiente vai apenas falar mal, ver apenas os problemas, os pontos fracos, esquecendo-se das grandes coisas que Deus tem feito pela igreja.<\/p>\n<p>Quando Paulo escreve aos tessalonicenses ele lembra o dia da volta de Jesus. Isso para deix\u00e1-los bem alertas e preparados para n\u00e3o serem apanhados de surpresa, indiferentes, afastados de Cristo e da salva\u00e7\u00e3o. Pois, se isso acontecesse, receberiam com justi\u00e7a a ira e o ju\u00edzo de Deus. Voc\u00ea est\u00e1 preparado para esse dia?<\/p>\n<p><strong> Deus trabalha para o nosso crescimento<\/strong> . Ele faz isso porque quer a nossa felicidade aqui e por toda a eternidade. Foi trabalhando para o nosso crescimento que ele enviou o seu filho Jesus Cristo ao mundo. Jesus trabalhou duramente em nosso favor. Ele deu a sua vida \u00e0 morte na cruz, levando sobre si todo o nosso pecado, as nossas culpas, as nossas defici\u00eancias. Sofrendo, morrendo e ressuscitando, ele conquistou uma nova vida nos reconciliando com Deus.<\/p>\n<p>Nesta nova vida, ele quer que n\u00f3s cres\u00e7amos. Ele providencia os meios para que isso aconte\u00e7a: o batismo, a palavra e a santa ceia. Por esses meios, ele implanta a f\u00e9 em nosso cora\u00e7\u00e3o, fortalece essa f\u00e9, d\u00e1 a garantia do perd\u00e3o dos nossos pecados e nos anima e consola na certeza de que ele <strong>trabalha para o nosso crescimento.<\/strong><\/p>\n<p>Como uma fita m\u00e9trica mede o crescimento de uma crian\u00e7a ou adolescente, Deus permite que enxerguemos o nosso crescimento espiritual pelo nosso apego \u00e0 palavra e aos sacramentos. Ou seja, o tempo que n\u00f3s dedicamos para vir \u00e0 igreja, para ouvir a palavra de Deus, para ler, meditar e estudar a palavra, para participar da santa ceia.<\/p>\n<p>Como uma fita m\u00e9trica mede o crescimento de uma crian\u00e7a ou adolescente, Deus permite que enxerguemos o nosso crescimento espiritual pelo nosso envolvimento no trabalho no reino de Deus, pelo uso dos nossos dons, do nosso tempo, do dinheiro que dedicamos ao crescimento da igreja, pelo testemunho que damos \u00e0s pessoas que convivem conosco, quer seja com a nossa maneira de viver, quer seja com as nossas palavras.<\/p>\n<p>Como uma fita m\u00e9trica mede o crescimento de uma crian\u00e7a ou adolescente, Deus permite que enxerguemos o nosso crescimento espiritual pelo amor que dedicamos \u00e0s pessoas a nossa volta, pela maneira carinhosa como tratamos as pessoas da nossa fam\u00edlia, da nossa igreja, da nossa escola, do nosso trabalho.<\/p>\n<p>Como uma fita m\u00e9trica mede o crescimento de uma crian\u00e7a ou adolescente, Deus permite que enxerguemos o nosso crescimento espiritual pela nossa gratid\u00e3o a Deus pelas coisas boas que ele tem feito na igreja, pelo evangelho que continua sendo pregado com clareza e pureza entre n\u00f3s, pelo batismo e santa ceia, administrados de acordo com a vontade de Deus, pelos irm\u00e3os e irm\u00e3s na f\u00e9 que caminham ao nosso lado rumo \u00e0 vida eterna, pelos novos convertidos que foram alcan\u00e7ados pelo nosso testemunho, pelos avan\u00e7os materiais que Deus nos permitiu alcan\u00e7ar, enfim, por tudo o que Deus, em sua gra\u00e7a nos proporcionou.<\/p>\n<p>Portanto, certos de que <strong>Deus trabalha para o nosso crescimento, <\/strong>vamos responder ao seu amor, servindo aquele que por n\u00f3s morreu e ressuscitou e andando como filhos da luz neste mundo. Que Deus, em sua gra\u00e7a, nos ajude. Am\u00e9m!<\/p>\n<hr \/>\n<p><strong>Nivaldo Schneider e S\u00edlvio Ferreira da Silva Filho<br \/>\n<\/strong><strong>Vila Velha \u2013 ES \u2013 Brasil<br \/>\n<\/strong><strong>Igreja Evang\u00e9lica Luterana do Brasil<br \/>\n<\/strong><strong><a href=\"mailto:nivaldoschneider@yahoo.com.br\">nivaldoschneider@yahoo.com.br<\/a> ; <a href=\"mailto:revsilviop@yahoo.com.br\">revsilviop@yahoo.com.br<\/a><\/strong><\/p>\n<\/div>\n","protected":false},"excerpt":{"rendered":"<p>1\u00ba Domingo de Advento\u2013 03 de dezembro de 2006 1. Tessalonicenses 3.9-13 \u2013 S\u00e9rie Trienal C \u2013 Nivaldo Schneider e S\u00edlvio Ferreira Tema: Deus trabalha para o nosso crescimento Algo que incomoda muito a todos n\u00f3s brasileiros \u00e9 o fato de o nosso pa\u00eds n\u00e3o crescer como deveria crescer. O presidente Lula mais uma vez [&hellip;]<\/p>\n","protected":false},"author":1,"featured_media":15759,"comment_status":"closed","ping_status":"closed","sticky":false,"template":"","format":"standard","meta":{"footnotes":""},"categories":[605,48,727,157,120,853,108,820,349,3,1350,112,109,126,1351],"tags":[],"beitragende":[],"predigtform":[],"predigtreihe":[],"bibelstelle":[],"class_list":["post-11563","post","type-post","status-publish","format-standard","has-post-thumbnail","hentry","category-1-advent","category-1-thessalonicher","category-archiv","category-beitragende","category-bes_gelegenheiten","category-bibel","category-current","category-kapitel-03-chapter-03-1-thessalonicher","category-kasus","category-nt","category-nivaldo-schneider-e-silvio-f-silva","category-port","category-predigten","category-predigtreihen","category-serie-trienal-c"],"_links":{"self":[{"href":"https:\/\/www.theologie.uzh.ch\/apps\/gpi\/wp-json\/wp\/v2\/posts\/11563","targetHints":{"allow":["GET"]}}],"collection":[{"href":"https:\/\/www.theologie.uzh.ch\/apps\/gpi\/wp-json\/wp\/v2\/posts"}],"about":[{"href":"https:\/\/www.theologie.uzh.ch\/apps\/gpi\/wp-json\/wp\/v2\/types\/post"}],"author":[{"embeddable":true,"href":"https:\/\/www.theologie.uzh.ch\/apps\/gpi\/wp-json\/wp\/v2\/users\/1"}],"replies":[{"embeddable":true,"href":"https:\/\/www.theologie.uzh.ch\/apps\/gpi\/wp-json\/wp\/v2\/comments?post=11563"}],"version-history":[{"count":1,"href":"https:\/\/www.theologie.uzh.ch\/apps\/gpi\/wp-json\/wp\/v2\/posts\/11563\/revisions"}],"predecessor-version":[{"id":17441,"href":"https:\/\/www.theologie.uzh.ch\/apps\/gpi\/wp-json\/wp\/v2\/posts\/11563\/revisions\/17441"}],"wp:featuredmedia":[{"embeddable":true,"href":"https:\/\/www.theologie.uzh.ch\/apps\/gpi\/wp-json\/wp\/v2\/media\/15759"}],"wp:attachment":[{"href":"https:\/\/www.theologie.uzh.ch\/apps\/gpi\/wp-json\/wp\/v2\/media?parent=11563"}],"wp:term":[{"taxonomy":"category","embeddable":true,"href":"https:\/\/www.theologie.uzh.ch\/apps\/gpi\/wp-json\/wp\/v2\/categories?post=11563"},{"taxonomy":"post_tag","embeddable":true,"href":"https:\/\/www.theologie.uzh.ch\/apps\/gpi\/wp-json\/wp\/v2\/tags?post=11563"},{"taxonomy":"beitragende","embeddable":true,"href":"https:\/\/www.theologie.uzh.ch\/apps\/gpi\/wp-json\/wp\/v2\/beitragende?post=11563"},{"taxonomy":"predigtform","embeddable":true,"href":"https:\/\/www.theologie.uzh.ch\/apps\/gpi\/wp-json\/wp\/v2\/predigtform?post=11563"},{"taxonomy":"predigtreihe","embeddable":true,"href":"https:\/\/www.theologie.uzh.ch\/apps\/gpi\/wp-json\/wp\/v2\/predigtreihe?post=11563"},{"taxonomy":"bibelstelle","embeddable":true,"href":"https:\/\/www.theologie.uzh.ch\/apps\/gpi\/wp-json\/wp\/v2\/bibelstelle?post=11563"}],"curies":[{"name":"wp","href":"https:\/\/api.w.org\/{rel}","templated":true}]}}