{"id":11564,"date":"2021-02-07T19:48:49","date_gmt":"2021-02-07T19:48:49","guid":{"rendered":"https:\/\/theologie.whp.uzh.ch\/apps\/gpi\/?p=11564"},"modified":"2023-03-10T22:22:36","modified_gmt":"2023-03-10T21:22:36","slug":"061203-11-pg","status":"publish","type":"post","link":"https:\/\/www.theologie.uzh.ch\/apps\/gpi\/061203-11-pg\/","title":{"rendered":"Lucas 21.25-36"},"content":{"rendered":"<div align=\"left\">\n<h3><strong>1\u00ba Domingo de Advento\u2013 03 de dezembro de 2006 <\/strong><br \/>\n<strong>Lucas 21.25-36 \u2013 S\u00e9rie Trienal C \u2013 Leandro D. H\u00fcbner<\/strong><\/h3>\n<hr \/>\n<p><strong><em>Portanto, fiquem vigiando e orem sempre, a fim de poderem escapar de tudo o que vai acontecer e poderem estar de p\u00e9 na presen\u00e7a do Filho do Homem, quando ele vier<\/em><\/strong><em> .<\/em> (Lucas 21.36)<\/p>\n<p>Estimados irm\u00e3os e irm\u00e3s em Cristo.<\/p>\n<p>Vendavais e enchentes em SP, RJ e no Sul. Desequil\u00edbrio no clima do mundo inteiro, causado por fen\u00f4menos metereol\u00f3gicos diversos.<\/p>\n<p>Guerras, viol\u00eancia, fome, doen\u00e7as contagiosas, mis\u00e9ria, terremotos e maremotos completam o quadro do mundo de hoje. Completam tamb\u00e9m a descri\u00e7\u00e3o dos tempos do fim, dada por Jesus nos evangelhos de Lucas, Mateus e Marcos. Mas Jesus nos d\u00e1, al\u00e9m dos sinais do fim, a f\u00f3rmula para esperar de maneira adequada o fim, dizendo: <strong><em>Vigiem e orem<\/em><\/strong>!<\/p>\n<p><strong>Vigiem e orem<\/strong>! Essa \u00e9 a recomenda\u00e7\u00e3o de Jesus no v. 36:<br \/>\n<em>Portanto, fiquem vigiando e orem sempre, a fim de poderem escapar de tudo o que vai acontecer e poderem estar de p\u00e9 na presen\u00e7a do Filho do Homem, quando ele vier.<br \/>\n<\/em>Mas, como devemos vigiar e orar?<br \/>\nEm 1 \u00b0 lugar, vigiem e orem <strong>observando os sinais do fim<\/strong>. Vejam os sinais no c\u00e9u, como lemos nos v. 25-26:<br \/>\n<em>Haver\u00e1 sinais no sol, na lua e nas estrelas. E, na terra, todas as na\u00e7\u00f5es ficar\u00e3o desesperadas, com medo do terr\u00edvel barulho do mar e das ondas. Em todo o mundo muitas pessoas desmaiar\u00e3o de terror ao pensarem no que vai acontecer, pois os poderes do espa\u00e7o ser\u00e3o abalados<\/em>.<br \/>\nVejam os sinais na terra, como diz Jesus em Mateus 24.7:<br \/>\n<em>Uma na\u00e7\u00e3o vai guerrear contra outra, e um pa\u00eds atacar\u00e1 outro. Em v\u00e1rios lugares haver\u00e1 falta de alimentos e tremores de terra<\/em>.<br \/>\nVejam os sinais na vida das pessoas e em nossas vidas, como lemos em Mateus 24.9-12:<br \/>\n<em>Depois voc\u00eas ser\u00e3o presos e entregues para serem maltratados e voc\u00eas ser\u00e3o mortos. Todos os odiar\u00e3o por serem meus seguidores. Nessa \u00e9poca muitos v\u00e3o abandonar a sua f\u00e9 e v\u00e3o trair e odiar uns aos outros. Ent\u00e3o muitos falsos profetas aparecer\u00e3o e enganar\u00e3o muita gente. A maldade vai se espalhar tanto, que o amor de muitos esfriar\u00e1. <\/em><\/p>\n<p>Vigiem e orem, pois todos esses sinais j\u00e1 est\u00e3o acontecendo &#8211; uns mais, outros menos. N\u00f3s nem precisamos dar um grande destaque ao livro de Apocalipse, como fazem alguns grupos, esquecendo o restante da B\u00edblia e assustando as pessoas com interpreta\u00e7\u00f5es erradas desse livro. N\u00e3o, os pr\u00f3prios sinais do fim assustam as pessoas e, \u00e0s vezes, tamb\u00e9m a n\u00f3s. Por isso, vigiem e orem, diz Jesus, observando os sinais do fim.<\/p>\n<p>Vigiem e orem, em 2 \u00b0 lugar, <strong>firmados na Palavra de Deus<\/strong>. Pois, como diz Jesus no v. 33, <em>o c\u00e9u e a terra desaparecer\u00e3o, mas as minhas palavras ficar\u00e3o para sempre<\/em>\u201d O profeta Isa\u00edas diz o mesmo: <em>A erva seca, a flor cai, mas a palavra do nosso Deus dura para sempre<\/em> (Isa\u00edas 40.8). Para continuarmos firmes diante do Filho do Homem, como Jesus diz no v. 36, s\u00f3 h\u00e1 uma maneira: <strong>permanecermos firmes na Palavra de Deus, que n\u00e3o desaparecer\u00e1 nem falhar\u00e1 em suas promessas<\/strong>.<\/p>\n<p>Isto significa algo muito simples. Como diz Lutero na explica\u00e7\u00e3o do 3 \u00b0 Mandamento, \u201c<em>devemos temer e amar a Deus e, portanto, n\u00e3o desprezar a prega\u00e7\u00e3o e a sua palavra; mas devemos consider\u00e1-la santa, gostar de a ouvir e estudar<\/em>\u201d. Ou seja, aproveitar todas as oportunidades de ouvir, ler e estudar a B\u00edblia, em casa, nos estudos b\u00edblicos e reuni\u00f5es, nos cultos e devo\u00e7\u00f5es. Aproveitar tamb\u00e9m todas as vezes que pudermos receber a Palavra encarnada no corpo e sangue de Cristo, na Santa Ceia.<\/p>\n<p>Irm\u00e3s e irm\u00e3os, vigiem e orem! Em 3 \u00b0 lugar<strong>, vivendo uma vida santificada, em pensamentos, palavras e a\u00e7\u00f5es<\/strong>, como ensinam Pedro e Paulo:<br \/>\n<em>Por isso, meus amigos, enquanto voc\u00eas esperam aquele dia, fa\u00e7am o poss\u00edvel para estar em paz com Deus, sem mancha e sem culpa diante dele <\/em>(2. Pedro 3.14).<br \/>\n<em>N\u00e3o digam palavras que fazem mal aos outros, mas usem apenas palavras boas, que ajudam os outros a crescer na f\u00e9 e a conseguir o que necessitam, pra que as coisas que voc\u00eas dizem fa\u00e7am bem aos que ouvem. Abandonem toda amargura, todo \u00f3dio e toda raiva. Nada de gritarias, insultos e maldades! Pelo contr\u00e1rio, sejam bons e atenciosos uns para com os outros. E perdoem uns aos outros, assim como Deus, por meio de Cristo, perdoou voc\u00eas <\/em>(Ef\u00e9sios 4.29,31,32).<br \/>\nE Jesus, em nosso texto, diz: <em>Fiquem alertas! N\u00e3o deixem que as festas, ou as bebedeiras, ou os problemas desta vida fa\u00e7am voc\u00eas ficarem t\u00e3o ocupados, que aquele dia pegue voc\u00eas de surpresa <\/em>(v. 34).<\/p>\n<p>Viver uma vida santificada s\u00f3 \u00e9 poss\u00edvel com Cristo vivendo em n\u00f3s e guiando nossos pensamentos, palavras e a\u00e7\u00f5es. Mas, quantas vezes ele fica de fora de nossas decis\u00f5es e planos? Quantas vezes achamos que podemos continuar recebendo b\u00ean\u00e7\u00e3os de Deus e andar no seu caminho levando junto nossos pecados preferidos, que n\u00e3o nos esfor\u00e7amos para deixar de lado, e que nos atrapalham na vida de f\u00e9 (cf. Hebreus 12.1)?<\/p>\n<p><strong>Vigiem e orem<\/strong>! Hoje iniciamos um novo ano na igreja e, daqui a um m\u00eas, um novo ano no calend\u00e1rio. \u00c9 hora de cada um parar e pensar: em 2006, <strong>eu observei<\/strong> com seriedade os sinais do fim, ou achei que tudo \u00e9 normal e que Deus n\u00e3o vai voltar t\u00e3o logo assim? Em 2006, <strong>eu me firmei<\/strong> de verdade na Palavra de Deus, ou s\u00f3 abri a B\u00edblia aqui na igreja ou quando houve um estudo b\u00edblico em minha casa? <strong>Achei muito dif\u00edcil<\/strong>, ou at\u00e9 um sacrif\u00edcio, separar alguns minutos por dia para ler a B\u00edblia e orar? <strong>Ser\u00e1 que eu fui<\/strong> um dos luteranos que sabem quase nada da B\u00edblia, e achei ruim quando o pastor insistiu para eu ter uma B\u00edblia e estud\u00e1-la de verdade?<\/p>\n<p><strong>E a minha vida<\/strong>, em 2006, foi santificada? <strong>Procurei viver<\/strong> de acordo com os Dez Mandamentos, sempre tendo Deus em 1 \u00b0 lugar em tudo, ou nem me lembro o que dizem os mandamentos? <strong> Minhas palavras<\/strong> foram sempre boas e agrad\u00e1veis, transmitindo amor aos que ouviam? <strong>Meus gestos e comportamento<\/strong> refletiram para os outros o amor de Deus em mim, ou poucos notaram que sou crist\u00e3o? <strong>Minha participa\u00e7\u00e3o<\/strong> na igreja, com a presen\u00e7a, o trabalho e as ofertas, mostrou que sou um crist\u00e3o comprometido com Deus e vigilante todo o tempo? <strong>Minha vida em fam\u00edlia<\/strong> foi de esfor\u00e7os em dire\u00e7\u00e3o ao amor, ou de desculpas e desamor?<\/p>\n<p>Temos que reconhecer na presen\u00e7a de Deus que, diante do que Ele espera de n\u00f3s, fomos falhos neste ano que termina. Jesus pode nos dizer o mesmo que disse aos disc\u00edpulos no Gets\u00eamani: <em>Ser\u00e1 que voc\u00eas n\u00e3o podem vigiar comigo nem ao menos uma hora? Vigiem e orem para que n\u00e3o sejam tentados<\/em> (Mateus 26.40,41).<\/p>\n<p><strong>Vigiem e orem<\/strong>! Vigiar tamb\u00e9m quer dizer arrepender-se, pedir perd\u00e3o e buscar na Palavra de Deus for\u00e7as para melhorar na vida santificada. Gra\u00e7as ao bom Deus, temos o consolo e o al\u00edvio do perd\u00e3o dado a n\u00f3s pelo sacrif\u00edcio de Cristo, que, mesmo sendo Deus, humilhou-se ao nascer num est\u00e1bulo e morrer numa cruz como um bandido, pelos nossos pecados!<\/p>\n<p>Cristo mesmo nos anima a vigiar e orar, dizendo: <em>Quando essas coisas come\u00e7arem a acontecer, fiquem firmes e de cabe\u00e7a erguida, pis logo voc\u00eas ser\u00e3o salvos. Portanto, fiquem vigiando e orem sempre, a fim de poderem escapar de tudo o que vai acontecer e poderem estar de p\u00e9 na presen\u00e7a do Filho do Homem, quando ele vier <\/em>(vv. 28, 36). E em Mateus 24.13: <em>Mas quem ficar firme at\u00e9 o fim ser\u00e1 salvo<\/em>. Jesus acalma nossos cora\u00e7\u00f5es e, pela Palavra e Sacramentos, nos d\u00e1 for\u00e7a e coragem para enfrentarmos as dificuldades e ficarmos firmes na vigil\u00e2ncia e ora\u00e7\u00e3o.<\/p>\n<p>Ele quer nos dar a salva\u00e7\u00e3o no dia final e por isso nos ajuda a sermos fi\u00e9is. Mas, se falharmos, <strong>ele n\u00e3o falha e est\u00e1 sempre nos oferecendo seu perd\u00e3o<\/strong>. Por isso, irm\u00e3s e irm\u00e3os, <strong>vigiem e orem confiando nas promessas e no poder de Deus<\/strong>. Ele cumpriu a promessa enviando o Salvador, que nasceu em Bel\u00e9m, e vai cumprir a promessa de ficar conosco e nos salvar na segunda vinda de Cristo, no ju\u00edzo final. Para sermos salvos, s\u00f3 precisamos vigiar e orar, para sermos encontrados preparados na f\u00e9 no Salvador. Por isso, vamos com alegria vigiar e orar!<\/p>\n<p>Que Deus Pai, Filho e Esp\u00edrito Santo nos ajude e nos fa\u00e7a sempre vigiar e orar com f\u00e9 e confian\u00e7a no Salvador, agora, em 2007 e por toda a nossa vida, para sermos encontrados firmes na f\u00e9 salvadora! Am\u00e9m.<\/p>\n<hr \/>\n<p><strong> Leandro Daniel H\u00fcbner<br \/>\nDion\u00edsio Cerqueira \u2013 SC \u2013 Brasil<br \/>\nIgreja Evang\u00e9lica Luterana do Brasil<br \/>\n<a href=\"mailto:ldh@temais.com.br\"> ldh@temais.com.br<\/a>, <a href=\"mailto:ledahu@gmail.com\"> ledahu@gmail.com<\/a><br \/>\n<a href=\"http:\/\/www.ielb.org.br\/\" target=\"_blank\" rel=\"noopener\"> www.ielb.org.br<\/a><\/strong><\/p>\n<\/div>\n","protected":false},"excerpt":{"rendered":"<p>1\u00ba Domingo de Advento\u2013 03 de dezembro de 2006 Lucas 21.25-36 \u2013 S\u00e9rie Trienal C \u2013 Leandro D. H\u00fcbner Portanto, fiquem vigiando e orem sempre, a fim de poderem escapar de tudo o que vai acontecer e poderem estar de p\u00e9 na presen\u00e7a do Filho do Homem, quando ele vier . (Lucas 21.36) Estimados irm\u00e3os [&hellip;]<\/p>\n","protected":false},"author":1,"featured_media":7995,"comment_status":"closed","ping_status":"closed","sticky":false,"template":"","format":"standard","meta":{"footnotes":""},"categories":[38,605,727,157,120,853,108,116,349,1185,3,112,109,126,1351],"tags":[],"beitragende":[],"predigtform":[],"predigtreihe":[],"bibelstelle":[],"class_list":["post-11564","post","type-post","status-publish","format-standard","has-post-thumbnail","hentry","category-lukas","category-1-advent","category-archiv","category-beitragende","category-bes_gelegenheiten","category-bibel","category-current","category-kapitel-21-chapter-21","category-kasus","category-leandro-d-huebner","category-nt","category-port","category-predigten","category-predigtreihen","category-serie-trienal-c"],"_links":{"self":[{"href":"https:\/\/www.theologie.uzh.ch\/apps\/gpi\/wp-json\/wp\/v2\/posts\/11564","targetHints":{"allow":["GET"]}}],"collection":[{"href":"https:\/\/www.theologie.uzh.ch\/apps\/gpi\/wp-json\/wp\/v2\/posts"}],"about":[{"href":"https:\/\/www.theologie.uzh.ch\/apps\/gpi\/wp-json\/wp\/v2\/types\/post"}],"author":[{"embeddable":true,"href":"https:\/\/www.theologie.uzh.ch\/apps\/gpi\/wp-json\/wp\/v2\/users\/1"}],"replies":[{"embeddable":true,"href":"https:\/\/www.theologie.uzh.ch\/apps\/gpi\/wp-json\/wp\/v2\/comments?post=11564"}],"version-history":[{"count":3,"href":"https:\/\/www.theologie.uzh.ch\/apps\/gpi\/wp-json\/wp\/v2\/posts\/11564\/revisions"}],"predecessor-version":[{"id":17498,"href":"https:\/\/www.theologie.uzh.ch\/apps\/gpi\/wp-json\/wp\/v2\/posts\/11564\/revisions\/17498"}],"wp:featuredmedia":[{"embeddable":true,"href":"https:\/\/www.theologie.uzh.ch\/apps\/gpi\/wp-json\/wp\/v2\/media\/7995"}],"wp:attachment":[{"href":"https:\/\/www.theologie.uzh.ch\/apps\/gpi\/wp-json\/wp\/v2\/media?parent=11564"}],"wp:term":[{"taxonomy":"category","embeddable":true,"href":"https:\/\/www.theologie.uzh.ch\/apps\/gpi\/wp-json\/wp\/v2\/categories?post=11564"},{"taxonomy":"post_tag","embeddable":true,"href":"https:\/\/www.theologie.uzh.ch\/apps\/gpi\/wp-json\/wp\/v2\/tags?post=11564"},{"taxonomy":"beitragende","embeddable":true,"href":"https:\/\/www.theologie.uzh.ch\/apps\/gpi\/wp-json\/wp\/v2\/beitragende?post=11564"},{"taxonomy":"predigtform","embeddable":true,"href":"https:\/\/www.theologie.uzh.ch\/apps\/gpi\/wp-json\/wp\/v2\/predigtform?post=11564"},{"taxonomy":"predigtreihe","embeddable":true,"href":"https:\/\/www.theologie.uzh.ch\/apps\/gpi\/wp-json\/wp\/v2\/predigtreihe?post=11564"},{"taxonomy":"bibelstelle","embeddable":true,"href":"https:\/\/www.theologie.uzh.ch\/apps\/gpi\/wp-json\/wp\/v2\/bibelstelle?post=11564"}],"curies":[{"name":"wp","href":"https:\/\/api.w.org\/{rel}","templated":true}]}}