{"id":11570,"date":"2021-02-07T19:48:49","date_gmt":"2021-02-07T19:48:49","guid":{"rendered":"https:\/\/theologie.whp.uzh.ch\/apps\/gpi\/?p=11570"},"modified":"2023-03-10T21:27:04","modified_gmt":"2023-03-10T20:27:04","slug":"lucas-2125-36-2","status":"publish","type":"post","link":"https:\/\/www.theologie.uzh.ch\/apps\/gpi\/lucas-2125-36-2\/","title":{"rendered":"Lucas 21,25-36"},"content":{"rendered":"<div align=\"left\">\n<h3><strong>1\u00ba Domingo de Adviento, 3-12-06 <\/strong><br \/>\n<strong>Texto seg\u00fan LET C: Lc 21,25-36, Cristina Inog\u00e9s<\/strong><\/h3>\n<hr \/>\n<p>Hermanos: \u00a1Que el Se\u00f1or ilumine su rostro sobre nosotros!<\/p>\n<p><strong> Habr\u00e1 se\u00f1ales en el sol, en la luna y en las estrellas\u2026 <\/strong><\/p>\n<p>\u2026 que nosotros probablemente no veremos en toda su intensidad porque hay tanta basura espacial que el entorno de nuestro mundo est\u00e1 contaminado. Hay tantos sat\u00e9lites (pocos de uso pac\u00edfico) destinados a vigilarnos y espiarnos que, cada vez que levantamos los ojos al cielo, en lugar de ver un espacio relajante en el que todos pudi\u00e9ramos sentir coincidir nuestra mirada, pensamos \u00bfqui\u00e9n y para qu\u00e9 me estar\u00e1 observando? \u00bfNos podr\u00e1 ver Dios?<\/p>\n<p><strong> Y en la tierra la angustia se apoderar\u00e1 de los pueblos, asustados por el estruendo del mar y de las olas\u2026 <\/strong><\/p>\n<p>\u2026 y la mayor\u00eda de nosotros pensar\u00e1 \u00a1qu\u00e9 pena de gente! Siempre les afectan los tsunamis a los mismos, y las epidemias, y la hambruna. Pero tambi\u00e9n el hombre provoca tsunamis esquilmando los mares, haciendo negocio con los f\u00e1rmacos, destruyendo alimentos para mantener los precios. \u00bfNos podr\u00e1 ver Dios?<\/p>\n<p><strong> Los hombres se morir\u00e1n de miedo, al ver esa conmoci\u00f3n del universo; pues las potencias del cielo quedar\u00e1n violentamente sacudidas\u2026 <\/strong><\/p>\n<p>\u2026y pensamos que el sol, la luna, y las estrellas nos proporcionar\u00e1n un espect\u00e1culo tremendo, cuando en realidad nos estar\u00e1n mirando sorprendidos, sin moverse ni tambalearse. Porque ser\u00e1 nuestra conciencia la que nos estar\u00e1 preguntando qu\u00e9 hemos hecho, c\u00f3mo nos hemos comportado y, ante la tibieza de nuestra vida creeremos que el sol, la luna y las estrellas tiemblan. \u00bfNos podr\u00e1 ver Dios?<\/p>\n<p><strong> Entonces ver\u00e1n venir al Hijo del hombre en una nube con gran poder y majestad\u2026 <\/strong><\/p>\n<p>\u2026 y mientras tanto, el Hijo del hombre se acerca cada d\u00eda en las personas que nos rodean, en las que llegan de lejos, en las que nos cuentan sus penas y sus alegr\u00edas, sus proyectos truncados y otros futuros. Y nosotros seguimos levantando los ojos al cielo preocupados por qui\u00e9n y para qu\u00e9 nos estar\u00e1 observando, pero \u00bfnos podr\u00e1 ver Dios?<\/p>\n<p><strong> La higuera y la realidad <\/strong><\/p>\n<p>El lenguaje apocal\u00edptico que utiliza Lucas a nosotros se nos escapa. Nos va algo m\u00e1s suave, pero no por ello menos profundo. El fin del mundo, aunque no sabemos c\u00f3mo ser\u00e1, es un futuro cierto; pero la inminencia del Reino es m\u00e1s que evidente porque depende de nosotros que no se retrase. Somos los agentes del Reino en este mundo.<\/p>\n<p>Para nosotros la higuera ya empieza a ser un elemento ex\u00f3tico; captamos otro tipo de realidad. Esa inminencia del Reino la vemos, por ejemplo, en la convivencia (aunque queda much\u00edsimo por hacer) con personas de otras razas y credos; en personas que intentan hacer del comercio algo justo y no solo lucrativo; en aquellos que hacen del culto el centro de su vida espiritual, sin abandonar por ello el compromiso social; en los maestros y profesores que favorecen el desarrollo integral de sus alumnos y no s\u00f3lo sus capacidades intelectuales; en todas las personas que aman a Dios sobre todas las cosas, sin olvidarse del pr\u00f3jimo ni de s\u00ed mismos (aspecto importante que solemos olvidar).<\/p>\n<p>Pero andamos todos, y confieso p\u00fablicamente que yo la primera, tan preocupados y ocupados en las cosas de nuestra vida que seguimos pensando en los grandes acontecimientos pasados, presentes o futuros, y nos olvidamos de los peque\u00f1os que son los que verdaderamente dan sentido a los grandes. De ah\u00ed la recomendaci\u00f3n de Jes\u00fas, la advertencia de tener el coraz\u00f3n preparado y no olvidemos que para los jud\u00edos el coraz\u00f3n era el todo de la persona.<\/p>\n<p>Por eso, para hacer realidad el Reino, no podemos separar lo divino de lo humano, ya que los valores humanos son valores cristianos. Pagaremos caro el vivir en una sociedad sin valores y plana en cuanto a los registros cristianos. Nos cuesta levantar la cabeza y ver que se acerca nuestra liberaci\u00f3n, somos pesimistas por naturaleza.<\/p>\n<p><strong> \u00bfNos podr\u00e1 ver Dios? <\/strong><\/p>\n<p>Afortunadamente a \u00c9l no le afectan los sat\u00e9lites. Nos ver\u00e1 si somos felices haciendo realidad el Reino y no esperando que llegue el Hijo del hombre para resolver los problemas.<\/p>\n<p>Nos ver\u00e1 si vivimos la vida ilusionadamente, no solo con ilusi\u00f3n que puede ser un efecto \u00f3ptico; si todo nuestro ser se pone las pilas para unir lo divino y lo humano.<\/p>\n<p>Nos ver\u00e1, como dice un amigo m\u00edo, si ponemos vida a los a\u00f1os y no a\u00f1os a la vida. Si somos capaces de levantar la cabeza, sonre\u00edr y percibir que la liberaci\u00f3n ya nos la regalaron. Ahora es cuesti\u00f3n nuestra transmitirla a los dem\u00e1s. Y de paso, as\u00ed nosotros podremos ver a Dios.<\/p>\n<hr \/>\n<p><strong> Cristina Inog\u00e9s. Zaragoza. Espa\u00f1a<br \/>\n<a href=\"mailto:crisinog@telefonica.net\">crisinog@telefonica.net<\/a><\/strong><\/p>\n<\/div>\n","protected":false},"excerpt":{"rendered":"<p>1\u00ba Domingo de Adviento, 3-12-06 Texto seg\u00fan LET C: Lc 21,25-36, Cristina Inog\u00e9s Hermanos: \u00a1Que el Se\u00f1or ilumine su rostro sobre nosotros! Habr\u00e1 se\u00f1ales en el sol, en la luna y en las estrellas\u2026 \u2026 que nosotros probablemente no veremos en toda su intensidad porque hay tanta basura espacial que el entorno de nuestro mundo [&hellip;]<\/p>\n","protected":false},"author":1,"featured_media":16248,"comment_status":"closed","ping_status":"closed","sticky":false,"template":"","format":"standard","meta":{"footnotes":""},"categories":[38,727,157,120,853,1183,108,113,116,1386,3,109,126],"tags":[],"beitragende":[],"predigtform":[],"predigtreihe":[],"bibelstelle":[],"class_list":["post-11570","post","type-post","status-publish","format-standard","has-post-thumbnail","hentry","category-lukas","category-archiv","category-beitragende","category-bes_gelegenheiten","category-bibel","category-cristina-inoges","category-current","category-espa","category-kapitel-21-chapter-21","category-let-serie-c","category-nt","category-predigten","category-predigtreihen"],"_links":{"self":[{"href":"https:\/\/www.theologie.uzh.ch\/apps\/gpi\/wp-json\/wp\/v2\/posts\/11570","targetHints":{"allow":["GET"]}}],"collection":[{"href":"https:\/\/www.theologie.uzh.ch\/apps\/gpi\/wp-json\/wp\/v2\/posts"}],"about":[{"href":"https:\/\/www.theologie.uzh.ch\/apps\/gpi\/wp-json\/wp\/v2\/types\/post"}],"author":[{"embeddable":true,"href":"https:\/\/www.theologie.uzh.ch\/apps\/gpi\/wp-json\/wp\/v2\/users\/1"}],"replies":[{"embeddable":true,"href":"https:\/\/www.theologie.uzh.ch\/apps\/gpi\/wp-json\/wp\/v2\/comments?post=11570"}],"version-history":[{"count":1,"href":"https:\/\/www.theologie.uzh.ch\/apps\/gpi\/wp-json\/wp\/v2\/posts\/11570\/revisions"}],"predecessor-version":[{"id":17484,"href":"https:\/\/www.theologie.uzh.ch\/apps\/gpi\/wp-json\/wp\/v2\/posts\/11570\/revisions\/17484"}],"wp:featuredmedia":[{"embeddable":true,"href":"https:\/\/www.theologie.uzh.ch\/apps\/gpi\/wp-json\/wp\/v2\/media\/16248"}],"wp:attachment":[{"href":"https:\/\/www.theologie.uzh.ch\/apps\/gpi\/wp-json\/wp\/v2\/media?parent=11570"}],"wp:term":[{"taxonomy":"category","embeddable":true,"href":"https:\/\/www.theologie.uzh.ch\/apps\/gpi\/wp-json\/wp\/v2\/categories?post=11570"},{"taxonomy":"post_tag","embeddable":true,"href":"https:\/\/www.theologie.uzh.ch\/apps\/gpi\/wp-json\/wp\/v2\/tags?post=11570"},{"taxonomy":"beitragende","embeddable":true,"href":"https:\/\/www.theologie.uzh.ch\/apps\/gpi\/wp-json\/wp\/v2\/beitragende?post=11570"},{"taxonomy":"predigtform","embeddable":true,"href":"https:\/\/www.theologie.uzh.ch\/apps\/gpi\/wp-json\/wp\/v2\/predigtform?post=11570"},{"taxonomy":"predigtreihe","embeddable":true,"href":"https:\/\/www.theologie.uzh.ch\/apps\/gpi\/wp-json\/wp\/v2\/predigtreihe?post=11570"},{"taxonomy":"bibelstelle","embeddable":true,"href":"https:\/\/www.theologie.uzh.ch\/apps\/gpi\/wp-json\/wp\/v2\/bibelstelle?post=11570"}],"curies":[{"name":"wp","href":"https:\/\/api.w.org\/{rel}","templated":true}]}}