{"id":11581,"date":"2021-02-07T19:48:50","date_gmt":"2021-02-07T19:48:50","guid":{"rendered":"https:\/\/theologie.whp.uzh.ch\/apps\/gpi\/?p=11581"},"modified":"2023-03-10T12:28:20","modified_gmt":"2023-03-10T11:28:20","slug":"salmo-119-105-112","status":"publish","type":"post","link":"https:\/\/www.theologie.uzh.ch\/apps\/gpi\/salmo-119-105-112\/","title":{"rendered":"Salmo 119.105-112"},"content":{"rendered":"<div align=\"left\">\n<h3><strong>2\u00ba Domingo de Advento\u2013 10 de dezembro de 2006<\/strong><br \/>\n<strong>Salmo 119.105-112 \u2013 S\u00e9rie Trienal C \u2013 Alex M. Schm\u00f6kel<\/strong><\/h3>\n<hr \/>\n<h3>DIA DA B\u00cdBLIA<\/h3>\n<p><strong>Tema:<\/strong><strong> A Palavra de Deus \u2013 orienta\u00e7\u00e3o para todos os momentos! <\/strong><\/p>\n<p>A gra\u00e7a de nosso Senhor Jesus Cristo, o amor de Deus Pai e a comunh\u00e3o do Esp\u00edrito Santo estejam conosco neste momento em que iremos meditar na Santa Palavra de nosso Deus. Am\u00e9m.<\/p>\n<p><strong> INTRODU\u00c7\u00c3O <\/strong><\/p>\n<p>Ao comprarmos um medicamento veremos as seguintes recomenda\u00e7\u00f5es em sua embalagem: <em>Informa\u00e7\u00f5es ao paciente, indica\u00e7\u00f5es, contra-indica\u00e7\u00f5es e precau\u00e7\u00f5es: vide bula. E se os sintomas continuarem, o m\u00e9dico dever\u00e1 ser consultado.<\/em><\/p>\n<p>Estas informa\u00e7\u00f5es s\u00e3o necess\u00e1rias para que o paciente saiba como usar e proceder com o medicamento para que o mesmo seja eficiente no tratamento da enfermidade.<\/p>\n<p>Mas no dia de hoje queremos lembrar de uma outra \u201cBula\u201d que devemos ler diariamente para combatermos os sintomas da nossa enfermidade maior \u2013 o pecado. E fazendo dela o nosso guia, o nosso consolador, e confiando nas suas promessas eternas para a nossa vida at\u00e9 o fim. E esta \u201cBula\u201d \u00e9 a nossa B\u00edblia Sagrada.<\/p>\n<p>No Segundo Domingo de Dezembro, as Igrejas Evang\u00e9licas, no Brasil, comemoram o Dia da B\u00edblia.<\/p>\n<p><strong> I \u2013 GUIA CERTO PARA O VIVER DI\u00c1RIO<\/strong><\/p>\n<p>As bulas nos informam como fazer o uso correto para que o medicamento tenha maior efic\u00e1cia sobre a nossa enfermidade. O salmista escreve:<em> L\u00e2mpada para os meus p\u00e9s \u00e9 a tua palavra e luz, para os meus caminhos<\/em> (v. 105). Com isso ele diz que a Palavra de Deus d\u00e1 a orienta\u00e7\u00e3o correta para o nosso viver di\u00e1rio, apontando sempre para a eternidade.<\/p>\n<p>E aqui podemos recordar os Mandamentos de Deus que nos orientam em nossa vida, nos apontam o caminho a seguir. E quando nos desviamos dos caminhos de Deus, os Mandamentos tamb\u00e9m nos chamam ao arrependimento de nossos pecados. E Deus est\u00e1 sempre pronto a perdoar um cora\u00e7\u00e3o arrependido que vem a Ele.<\/p>\n<p>Quanto a isto a Palavra de Deus \u00e9 clara, ao dizer: <em>Eu, eu mesmo, sou o que apago as tuas transgress\u00f5es por amor de mim, e dos teus pecados n\u00e3o me lembro<\/em> (Isa\u00edas 43.25). Por isso, a Palavra de Deus \u00e9 orienta\u00e7\u00e3o para todos os momentos da nossa vida. Uma orienta\u00e7\u00e3o dessas n\u00e3o encontraremos em nenhum outro livro.<\/p>\n<p><strong> II \u2013 CONSOLO NA AFLI\u00c7\u00c3O <\/strong><\/p>\n<p>A Palavra de Deus tamb\u00e9m serve de orienta\u00e7\u00e3o para nossos momentos de afli\u00e7\u00e3o, conforme diz o salmista: <em>Estou aflit\u00edssimo; vivifica-me, SENHOR, segundo a tua palavra<\/em> (v. 107).<\/p>\n<p>Para as enfermidades do corpo temos os medicamentos que nos ajudam, mas antes precisamos seguir as indica\u00e7\u00f5es de um m\u00e9dico confi\u00e1vel e ler atenciosamente a bula. E para as enfermidades da alma, temos a Palavra de Deus que nos consola. Foi isto que o salmista disse no vers\u00edculo 107 do texto.<\/p>\n<p>E o pr\u00f3prio Senhor Jesus diz em Mateus 11.28,29: <em>Vinde a mim todos os que estais cansados e sobrecarregados, e eu vos aliviarei &#8230; e achareis descanso para as vossas almas.<\/em><\/p>\n<p>A Palavra de Deus, al\u00e9m de nos consolar em muitos momentos de nossa vida, tamb\u00e9m nos apresenta o verdadeiro Consolador \u2013 Jesus Cristo \u2013 que se compadece de n\u00f3s e de nossas fraquezas e nos trata com amor e miseric\u00f3rdia.<\/p>\n<p>Infelizmente muitas pessoas n\u00e3o buscam, na Palavra de Deus, a orienta\u00e7\u00e3o e o verdadeiro consolo para suas vidas. Muitos se deixam levar por livros de auto-ajuda e outros tipos de pensamentos e est\u00f3rias, que muitas vezes tem uma certa apar\u00eancia crist\u00e3, mas na verdade s\u00e3o filosofias humanas que n\u00e3o nos trazem o verdadeiro conforto em nossas afli\u00e7\u00f5es, que somente a Palavra de Deus nos traz.<\/p>\n<p><strong> III \u2013 A PALAVRA \u00c9 ETERNA<\/strong><\/p>\n<p>Enquanto as filosofias humanas tentam trazer orienta\u00e7\u00f5es moment\u00e2neas, a B\u00edblia traz palavras e orienta\u00e7\u00f5es eternas, pois \u00e9 a Palavra do pr\u00f3prio Deus que tamb\u00e9m \u00e9 eterno e n\u00e3o muda (cf. Malaquias 3.6; Tiago 1.17).<\/p>\n<p>Jesus disse aos l\u00edderes judeus de sua \u00e9poca: <em>Examinais as Escrituras, porque julgais ter nelas a vida eterna, e s\u00e3o elas mesmas que testificam de mim<\/em> (Jo\u00e3o 5.39). Estas palavras tamb\u00e9m valem para n\u00f3s. Vamos examinar, ler e estudar diariamente a nossa B\u00edblia, em casa, na igreja e nos estudos dos departamentos; pois ela testifica de Jesus, o nosso eterno Salvador.<\/p>\n<p>Al\u00e9m de a Palavra de Deus ser eterna, ela aponta tamb\u00e9m para a eternidade, para a salva\u00e7\u00e3o eterna de todo aquele que cr\u00ea em Jesus como seu Senhor e Salvador. Com isso vemos o grande valor que ela tem para n\u00f3s crist\u00e3os.<\/p>\n<p>E a este respeito o ap\u00f3stolo Paulo testifica, dizendo: <em>Tu, por\u00e9m, permanece naquilo que aprendeste e de que foste inteirado, sabendo de quem o aprendeste e que, desde a inf\u00e2ncia, sabes as sagradas letras, que podem tornar-te s\u00e1bio para a salva\u00e7\u00e3o pela f\u00e9 em Cristo Jesus. <strong>Toda a Escritura \u00e9 inspirada por Deus e \u00fatil para o ensino, para a repreens\u00e3o, para a corre\u00e7\u00e3o, para a educa\u00e7\u00e3o na justi\u00e7a, a fim de que o homem de Deus seja perfeito e perfeitamente habilitado para toda boa obra<\/strong><\/em>(2. Tim\u00f3teo 3.14-17).<\/p>\n<p>Estas palavras do ap\u00f3stolo devem nos servir de est\u00edmulo para que a B\u00edblia seja o nosso livro mais precioso, mais lido, mais consultado e mais usado. Vers\u00edculos importantes devem ser sublinhados, memorizados e aplicados em diferentes situa\u00e7\u00f5es da vida. A nossa B\u00edblia precisa estar com as folhas amareladas, n\u00e3o por estar guardada, mas sim pelo uso constante.<\/p>\n<p>Permitam-me contar uma r\u00e1pida est\u00f3ria sobre o uso que muitas pessoas fazem da sua B\u00edblia. Certa vez uma fam\u00edlia convidou o pastor para jantar em sua casa. A m\u00e3e deu ordem aos filhos que ajuntassem seus brinquedos e os guardassem em uma caixa, deixando a casa em condi\u00e7\u00f5es para receber a visita.<\/p>\n<p>A menina lembrou-se que seus pais tinham uma B\u00edblia guardada no arm\u00e1rio do quarto. E l\u00e1 foi ela procurar a B\u00edblia. E ao encontr\u00e1-la a colocou fechada sobre a mesa da sala. E quando o pastor chegou, viu aquela B\u00edblia sobre a mesa, a pegou e disse: <em>\u201cVejo que voc\u00eas t\u00eam o belo h\u00e1bito de ler a B\u00edblia!\u201d<\/em> E quando a abriu caiu uma chave de dentro dela, e o pai disse:<em> \u201cFinalmente achei a chave do cadeado da bicicleta!\u201d<\/em><\/p>\n<p>Quantos entre n\u00f3s n\u00e3o t\u00eam sua B\u00edblia bem guardada no fundo de um arm\u00e1rio e n\u00e3o fazem dela um \u201cguarda-objetos\u201d? N\u00f3s precisamos ter nossa B\u00edblia sempre \u00e0 m\u00e3o para ser lida, estudada, pois assim ela ter\u00e1 o seu real valor. N\u00e3o deixemos para ler a B\u00edblia amanh\u00e3 ou m\u00eas que vem. Mas comecemos hoje mesmo. E, como sugest\u00e3o, comecemos pelos evangelistas Marcos, Jo\u00e3o, Lucas e Mateus. Depois Atos dos Ap\u00f3stolos, Salmos e assim por diante.<\/p>\n<p>E fazendo isto, podemos confessar com o salmista: <em>Os teus testemunhos, recebi-os por legado perp\u00e9tuo, porque me constituem o prazer do cora\u00e7\u00e3o. Induzo o cora\u00e7\u00e3o a guardar os teus decretos para sempre, at\u00e9 o fim<\/em> (vv. 111, 112). Pois assim estaremos sempre em comunh\u00e3o com Deus, deixando que Ele, por meio de Sua Palavra, fale ao nosso cora\u00e7\u00e3o e \u00e0 nossa vida, fortalecendo-nos na f\u00e9 e na certeza do Seu perd\u00e3o e da salva\u00e7\u00e3o que Ele nos d\u00e1 por meio de Jesus Cristo, Seu Amado Filho.<\/p>\n<p><strong> CONCLUS\u00c3O<\/strong><\/p>\n<p>Portanto, meus amados!<\/p>\n<p>Para uma maior efic\u00e1cia dos medicamentos sobre a nossa enfermidade, consultemos sempre a bula que vem junto ao rem\u00e9dio.<\/p>\n<p>E para uma vida crist\u00e3 mais fiel e consagrada ao nosso Senhor e Salvador Jesus, consultemos sempre a Palavra de Deus que nos orienta em todos os momentos de nossa vida e nos prepara para estarmos um dia com Cristo na eternidade. Am\u00e9m.<\/p>\n<p>E a paz de Deus que excede todo o entendimento, guarde o nosso cora\u00e7\u00e3o e a nossa mente em Cristo Jesus. Am\u00e9m.<\/p>\n<p><em> Soli Deo Gloria!<\/em><\/p>\n<hr \/>\n<p><strong>Alex M. Schm\u00f6kel<br \/>\nVera Cruz \u2013 RS \u2013 Brasil<br \/>\nIgreja Evang\u00e9lica Luterana do Brasil<br \/>\n<a href=\"mailto:amschmokel@terra.com.br\">amschmokel@terra.com.br<br \/>\n<\/a><a href=\"http:\/\/www.ielb.org.br\/\" target=\"_blank\" rel=\"noopener\">www.ielb.org.br<\/a><\/strong><\/p>\n<\/div>\n","protected":false},"excerpt":{"rendered":"<p>2\u00ba Domingo de Advento\u2013 10 de dezembro de 2006 Salmo 119.105-112 \u2013 S\u00e9rie Trienal C \u2013 Alex M. Schm\u00f6kel DIA DA B\u00cdBLIA Tema: A Palavra de Deus \u2013 orienta\u00e7\u00e3o para todos os momentos! A gra\u00e7a de nosso Senhor Jesus Cristo, o amor de Deus Pai e a comunh\u00e3o do Esp\u00edrito Santo estejam conosco neste momento [&hellip;]<\/p>\n","protected":false},"author":1,"featured_media":16508,"comment_status":"closed","ping_status":"closed","sticky":false,"template":"","format":"standard","meta":{"footnotes":""},"categories":[18,612,1215,2,727,157,120,853,108,1197,349,112,109,126,1351],"tags":[],"beitragende":[],"predigtform":[],"predigtreihe":[],"bibelstelle":[],"class_list":["post-11581","post","type-post","status-publish","format-standard","has-post-thumbnail","hentry","category-psalmen","category-2-advent","category-alex-mariano-schmoekel","category-at","category-archiv","category-beitragende","category-bes_gelegenheiten","category-bibel","category-current","category-kapitel-119-chapter-119","category-kasus","category-port","category-predigten","category-predigtreihen","category-serie-trienal-c"],"_links":{"self":[{"href":"https:\/\/www.theologie.uzh.ch\/apps\/gpi\/wp-json\/wp\/v2\/posts\/11581","targetHints":{"allow":["GET"]}}],"collection":[{"href":"https:\/\/www.theologie.uzh.ch\/apps\/gpi\/wp-json\/wp\/v2\/posts"}],"about":[{"href":"https:\/\/www.theologie.uzh.ch\/apps\/gpi\/wp-json\/wp\/v2\/types\/post"}],"author":[{"embeddable":true,"href":"https:\/\/www.theologie.uzh.ch\/apps\/gpi\/wp-json\/wp\/v2\/users\/1"}],"replies":[{"embeddable":true,"href":"https:\/\/www.theologie.uzh.ch\/apps\/gpi\/wp-json\/wp\/v2\/comments?post=11581"}],"version-history":[{"count":1,"href":"https:\/\/www.theologie.uzh.ch\/apps\/gpi\/wp-json\/wp\/v2\/posts\/11581\/revisions"}],"predecessor-version":[{"id":17439,"href":"https:\/\/www.theologie.uzh.ch\/apps\/gpi\/wp-json\/wp\/v2\/posts\/11581\/revisions\/17439"}],"wp:featuredmedia":[{"embeddable":true,"href":"https:\/\/www.theologie.uzh.ch\/apps\/gpi\/wp-json\/wp\/v2\/media\/16508"}],"wp:attachment":[{"href":"https:\/\/www.theologie.uzh.ch\/apps\/gpi\/wp-json\/wp\/v2\/media?parent=11581"}],"wp:term":[{"taxonomy":"category","embeddable":true,"href":"https:\/\/www.theologie.uzh.ch\/apps\/gpi\/wp-json\/wp\/v2\/categories?post=11581"},{"taxonomy":"post_tag","embeddable":true,"href":"https:\/\/www.theologie.uzh.ch\/apps\/gpi\/wp-json\/wp\/v2\/tags?post=11581"},{"taxonomy":"beitragende","embeddable":true,"href":"https:\/\/www.theologie.uzh.ch\/apps\/gpi\/wp-json\/wp\/v2\/beitragende?post=11581"},{"taxonomy":"predigtform","embeddable":true,"href":"https:\/\/www.theologie.uzh.ch\/apps\/gpi\/wp-json\/wp\/v2\/predigtform?post=11581"},{"taxonomy":"predigtreihe","embeddable":true,"href":"https:\/\/www.theologie.uzh.ch\/apps\/gpi\/wp-json\/wp\/v2\/predigtreihe?post=11581"},{"taxonomy":"bibelstelle","embeddable":true,"href":"https:\/\/www.theologie.uzh.ch\/apps\/gpi\/wp-json\/wp\/v2\/bibelstelle?post=11581"}],"curies":[{"name":"wp","href":"https:\/\/api.w.org\/{rel}","templated":true}]}}