{"id":11591,"date":"2021-02-07T19:48:50","date_gmt":"2021-02-07T19:48:50","guid":{"rendered":"https:\/\/theologie.whp.uzh.ch\/apps\/gpi\/?p=11591"},"modified":"2023-03-12T11:16:06","modified_gmt":"2023-03-12T10:16:06","slug":"filipenses-4","status":"publish","type":"post","link":"https:\/\/www.theologie.uzh.ch\/apps\/gpi\/filipenses-4\/","title":{"rendered":"Filipenses 4"},"content":{"rendered":"<h3 align=\"left\"><strong>Filipenses 4<\/strong><\/h3>\n<h3 align=\"left\"><strong>Alex Mariano Schm\u00f6kel<\/strong><\/h3>\n<hr \/>\n<div align=\"left\"><strong>TEMA:<\/strong><strong> \u201cAlegrai-vos sempre no Senhor&#8230;\u201d (v. 4) <\/strong>Que Deus nosso Pai nos aben\u00e7oe no ouvir e no meditar de Sua Santa Palavra, em nome de nosso Senhor e Salvador Jesus Cristo. Am\u00e9m.<strong> INTRODU\u00c7\u00c3O<\/strong><\/p>\n<p>Nenhuma \u00e9poca do ano deixa tanta alegria estampada no rosto da maioria das pessoas, como o tempo do Natal.<\/p>\n<p>Vemos esta alegria espalhada em todos os cantos, em todos os lugares: na rua, nas casas comerciais, nas escolas, nas igrejas, nas casas enfeitadas com luzes e assim por diante.<\/p>\n<p>E a express\u00e3o desta alegria, nesta \u00e9poca do ano, recebe as mais variadas formas. E uma delas \u00e9 o canto. E em um de nossos cantos de Natal, n\u00f3s cantamos, que o tempo de Natal tem mensagens lindas e que alegra todas as pessoas (Hin\u00e1rio Luterano 549).<\/p>\n<p><strong> CONTEXTO<\/strong><\/p>\n<p>E nesta ep\u00edstola aos filipenses, a alegria \u00e9 um grande tema de que o ap\u00f3stolo Paulo faz\u00a0 men\u00e7\u00e3o v\u00e1rias vezes. Pois a Igreja de Filipos estava passando por dificuldades. E o ap\u00f3stolo Paulo tamb\u00e9m n\u00e3o podia ir at\u00e9 l\u00e1 para tentar resolver estes problemas, pois ele tamb\u00e9m estava com um problema, que era a sua pris\u00e3o em Roma e tamb\u00e9m de onde ele n\u00e3o mais sairia vivo, conforme Filipenses 1:7.<\/p>\n<p>Mesmo vivendo nesta situa\u00e7\u00e3o, encarcerado, esperando pela sua morte, o ap\u00f3stolo Paulo escreve em sua ep\u00edstola aos filipenses, de forma convicta, da alegria que ele tem dentro de si, mesmo nesta situa\u00e7\u00e3o. E testemunha disso s\u00e3o suas palavras em Filipenses 4:11, onde est\u00e1 escrito: <em>\u201c&#8230;porque aprendi a viver contente em toda e qualquer situa\u00e7\u00e3o\u201d.<\/em><\/p>\n<p>E este encorajamento, o ap\u00f3stolo prescreve para os crist\u00e3os de Filipos, quando diz: <em>\u201cAlegrai-vos sempre no Senhor&#8230;\u201d<\/em> .<\/p>\n<p><strong> I \u2013 PERTO EST\u00c1 O SENHOR<\/strong><\/p>\n<p><em> \u201cAlegrai-vos sempre no Senhor&#8230;!\u201d<\/em> Ser\u00e1 que podemos dizer esta frase com toda a convic\u00e7\u00e3o, \u00e0 semelhan\u00e7a do ap\u00f3stolo Paulo?<\/p>\n<p>Embora estejamos vivendo um per\u00edodo alegre do ano, que \u00e9 o Natal, se f\u00f4ssemos olhar para nossas vidas, nosso dia-a-dia, ser\u00e1 que poder\u00edamos dizer: <em>\u201cAlegrai-vos sempre no Senhor&#8230;?\u201d<\/em><\/p>\n<p>Algumas pessoas poderiam dizer que \u00e9 muito dif\u00edcil afirmar isto, ainda mais se estamos com os ombros carregados de problemas, dificuldades f\u00edsicas, financeiras e familiares, enfermidades, ou em outras palavras, como diz o nosso texto, andando ansiosos ou preocupados pelos cuidados da vida; e tamb\u00e9m com os pecados pesando em nosso cora\u00e7\u00e3o e nossa consci\u00eancia.<\/p>\n<p>Mas mesmo se estas coisas todas est\u00e3o pesando sobre nossos ombros, podemos olhar para o exemplo do ap\u00f3stolo Paulo, que tamb\u00e9m n\u00e3o teve vida f\u00e1cil e tamb\u00e9m passava por dificuldades, mas com convic\u00e7\u00e3o exortou o povo crist\u00e3o de Filipos, dizendo: <em>\u201cAlegrai-vos sempre no Senhor&#8230;\u201d<\/em>.<\/p>\n<p>Quando o ap\u00f3stolo Paulo diz: <em>\u201cAlegrai-vos sempre no Senhor&#8230;\u201d<\/em>, ele n\u00e3o faz este apelo \u00e0 alegria como um mero encorajamento superficial para a vida dos crist\u00e3os de Filipos e para a nossa, mas ele, com estas palavras, nos atira de volta aos bra\u00e7os do Senhor Jesus Cristo.<\/p>\n<p>O ap\u00f3stolo Paulo tamb\u00e9m complementa esta alegria no Senhor, dizendo que <em>\u201cPerto est\u00e1 o Senhor\u201d<\/em>, conforme o vers\u00edculo 5 de nosso texto.<\/p>\n<p>E esta afirma\u00e7\u00e3o de que <em>\u201cPerto est\u00e1 o Senhor\u201d<\/em> pode ser interpretada de duas maneiras. A primeira se refere \u00e0 Sua segunda vinda, a qual os crist\u00e3os de Filipos j\u00e1 aguardavam e a qual n\u00f3s tamb\u00e9m aguardamos, lembrando-nos dela especialmente neste per\u00edodo de Advento.<\/p>\n<p>E a segunda interpreta\u00e7\u00e3o que podemos dar \u00e9 a compara\u00e7\u00e3o que um pastor fez certa vez, em um momento de aconselhamento a pessoas que sofriam por diversos males. Este pastor disse que o \u201cSenhor est\u00e1 mais perto de n\u00f3s do que uma crian\u00e7a ainda no ventre de sua m\u00e3e\u201d.<\/p>\n<p>E como \u00e9 bom sabermos disso neste tempo de Advento em que esperamos pela vinda de nosso Senhor e Salvador Jesus Cristo e ao mesmo tempo ter a certeza de que o Senhor est\u00e1 perto de n\u00f3s, dando-nos for\u00e7as para carregarmos nossa pesada cruz com nossos problemas e nossas dificuldades que enfrentamos muitas vezes em nossa vida di\u00e1ria.<\/p>\n<p>E isto tamb\u00e9m \u00e9 um motivo de alegria, para n\u00f3s crist\u00e3os, podermos ter a certeza de que <em>\u201cPerto est\u00e1 o Senhor\u201d<\/em>.<\/p>\n<p>Portanto, meus amados, <em>\u201calegrai-vos sempre no Senhor&#8230;\u201d<\/em>. Pois Ele vem para congregar os Seus e lev\u00e1-los para junto de Si no c\u00e9u, onde n\u00e3o mais haver\u00e1 a ansiedade pelos cuidados desta vida, onde n\u00e3o mais haver\u00e1 tristeza e dor, sofrimento e morte, pois o Senhor enxugar\u00e1 de nossos olhos toda a l\u00e1grima, conforme Apocalipse 21:4.<\/p>\n<p><strong> II \u2013 PELA PR\u00c1TICA DA F\u00c9 CRIST\u00c3<\/strong><\/p>\n<p><em> \u201cAlegrai-vos sempre no Senhor&#8230;\u201d<\/em> . A alegria do crente se diferencia da alegria dos incr\u00e9dulos. Embora n\u00f3s vejamos a alegria estampada nos rostos de todas as pessoas, nem todas t\u00eam a mesma alegria.<\/p>\n<p>Neste per\u00edodo de Advento e Natal, em que n\u00f3s com tanta clareza lembramos a mensagem de que esperamos pela vinda do Senhor e Salvador Jesus Cristo, nos alegramos, pois temos a certeza de que Ele vir\u00e1 para buscar todos n\u00f3s que Nele cremos e nos levar para junto de Si em Seu Reino.<\/p>\n<p>Mas e as demais pessoas? Ser\u00e1 que elas t\u00eam esta mesma alegria? Ser\u00e1 que elas se alegram neste per\u00edodo de Advento e Natal pela vinda do Salvador Jesus? Ou se alegram unicamente pelas coisas materiais, tais como as festas, os presentes e as visitas que far\u00e3o e receber\u00e3o?<\/p>\n<p>\u00c9 bem poss\u00edvel que muitas pessoas est\u00e3o se preparando para festejar o Natal com esta alegria que n\u00e3o vem do Senhor, mas unicamente do materialismo, das coisas do presente, do momento.<\/p>\n<p>E este tipo de alegria, na verdade, n\u00e3o nos traz nenhuma esperan\u00e7a, mas sim, em rela\u00e7\u00e3o \u00e0 f\u00e9, cria um vazio e nos escraviza nas coisas deste mundo.<\/p>\n<p>Diz Jo\u00e3o em sua primeira carta, para nossa advert\u00eancia e exorta\u00e7\u00e3o: <em>\u201cN\u00e3o ameis o mundo nem as coisas que h\u00e1 no mundo. Se algu\u00e9m amar o mundo, o amor do Pai n\u00e3o est\u00e1 nele; (&#8230;) Ora, o mundo passa, bem como a sua concupisc\u00eancia; aquele por\u00e9m, que faz a vontade de Deus permanece eternamente\u201d<\/em> (1. Jo\u00e3o 2.15.17).<\/p>\n<p>Por isso a alegria do crente \u00e9 diferente da alegria dos incr\u00e9dulos. Pois n\u00f3s crist\u00e3os sabemos que temos um Deus amoroso, que perdoa, no qual n\u00f3s podemos confiar e crer. E esta \u00e9 a nossa alegria.<\/p>\n<p>E como crist\u00e3os n\u00f3s tamb\u00e9m vivemos esta alegria. A praticamos em nossa vida di\u00e1ria. E algumas dicas de colocar esta alegria em pr\u00e1tica n\u00f3s temos em nosso texto.<\/p>\n<p>Fazer nossa modera\u00e7\u00e3o ser conhecida. E isto significa em se ter uma disposi\u00e7\u00e3o am\u00e1vel e honesta para com outras pessoas. A capacidade de suportar injusti\u00e7as sem \u00f3dio ou maldade, confiando no amor e na justi\u00e7a de Deus.<\/p>\n<p>E como crist\u00e3os que se alegram sempre no Senhor, podemos, por meio de nossa modera\u00e7\u00e3o, dar um testemunho de nossa f\u00e9, da nossa alegria, pois sabemos que o Senhor sempre est\u00e1 perto de n\u00f3s. Pois por meio de Jesus Cristo somos Filhos de Deus, por Ele amados e recebendo dele o perd\u00e3o.<\/p>\n<p><strong> CONCLUS\u00c3O <\/strong><\/p>\n<p>Portanto, meus amados!<\/p>\n<p><em> \u201cAlegrai-vos sempre no Senhor&#8230;\u201d<\/em> . Porque o Senhor est\u00e1 vindo. Porque o Senhor est\u00e1 perto de cada um de n\u00f3s, nos auxiliando, amparando e consolando em nossas necessidades.<\/p>\n<p>E que tenhamos muitas alegrias neste Natal que est\u00e1 as portas, mas que sejam realmente alegrias no Senhor, festejando o nascimento, a chegada daquele que nos traz o perd\u00e3o, a vida eterna, a esperan\u00e7a \u2013 Cristo Jesus, que <em>\u201choje vos nasceu na cidade de Davi&#8230;\u201d<\/em>, conforme disseram os anjos aos pastores.<\/p>\n<p>E que esta mesma alegria do Natal encha nossos cora\u00e7\u00f5es a cada dia, a cada momento, para tamb\u00e9m podermos dizer: <em>\u201cAlegrai-vos sempre no Senhor&#8230;\u201d<\/em>.<\/p>\n<p>Que Deus assim o conceda a cada um de n\u00f3s, em nome e por amor de nosso Senhor e Salvador Jesus Cristo, nossa Alegria. Am\u00e9m.<\/p>\n<p>E a paz de Deus que excede todo o entendimento, guardar\u00e1 o vosso cora\u00e7\u00e3o e a vossa mente em Cristo Jesus. Am\u00e9m.<\/p>\n<p><em> Soli Deo Gloria!<\/em><\/p>\n<hr \/>\n<p><strong>Alex Mariano Schm\u00f6kel<br \/>\nVera Cruz \u2013 RS \u2013 Brasil<br \/>\nIgreja Evang\u00e9lica Luterana do Brasil<br \/>\n<\/strong><a href=\"mailto:amschmokel@terra.com.br\"><strong>amschmokel@terra.com.br<br \/>\n<\/strong><\/a><strong><a href=\"http:\/\/www.ielb.org.br\/\" target=\"_blank\" rel=\"noopener\">www.ielb.org.br<\/a><\/strong><\/p>\n<\/div>\n","protected":false},"excerpt":{"rendered":"<p>Filipenses 4 Alex Mariano Schm\u00f6kel TEMA: \u201cAlegrai-vos sempre no Senhor&#8230;\u201d (v. 4) Que Deus nosso Pai nos aben\u00e7oe no ouvir e no meditar de Sua Santa Palavra, em nome de nosso Senhor e Salvador Jesus Cristo. Am\u00e9m. INTRODU\u00c7\u00c3O Nenhuma \u00e9poca do ano deixa tanta alegria estampada no rosto da maioria das pessoas, como o tempo [&hellip;]<\/p>\n","protected":false},"author":1,"featured_media":16794,"comment_status":"closed","ping_status":"closed","sticky":false,"template":"","format":"standard","meta":{"footnotes":""},"categories":[46,1215,727,157,853,108,567,3,112,109],"tags":[],"beitragende":[],"predigtform":[],"predigtreihe":[],"bibelstelle":[],"class_list":["post-11591","post","type-post","status-publish","format-standard","has-post-thumbnail","hentry","category-philipper","category-alex-mariano-schmoekel","category-archiv","category-beitragende","category-bibel","category-current","category-kapitel-04-chapter-04-philipper","category-nt","category-port","category-predigten"],"_links":{"self":[{"href":"https:\/\/www.theologie.uzh.ch\/apps\/gpi\/wp-json\/wp\/v2\/posts\/11591","targetHints":{"allow":["GET"]}}],"collection":[{"href":"https:\/\/www.theologie.uzh.ch\/apps\/gpi\/wp-json\/wp\/v2\/posts"}],"about":[{"href":"https:\/\/www.theologie.uzh.ch\/apps\/gpi\/wp-json\/wp\/v2\/types\/post"}],"author":[{"embeddable":true,"href":"https:\/\/www.theologie.uzh.ch\/apps\/gpi\/wp-json\/wp\/v2\/users\/1"}],"replies":[{"embeddable":true,"href":"https:\/\/www.theologie.uzh.ch\/apps\/gpi\/wp-json\/wp\/v2\/comments?post=11591"}],"version-history":[{"count":1,"href":"https:\/\/www.theologie.uzh.ch\/apps\/gpi\/wp-json\/wp\/v2\/posts\/11591\/revisions"}],"predecessor-version":[{"id":17596,"href":"https:\/\/www.theologie.uzh.ch\/apps\/gpi\/wp-json\/wp\/v2\/posts\/11591\/revisions\/17596"}],"wp:featuredmedia":[{"embeddable":true,"href":"https:\/\/www.theologie.uzh.ch\/apps\/gpi\/wp-json\/wp\/v2\/media\/16794"}],"wp:attachment":[{"href":"https:\/\/www.theologie.uzh.ch\/apps\/gpi\/wp-json\/wp\/v2\/media?parent=11591"}],"wp:term":[{"taxonomy":"category","embeddable":true,"href":"https:\/\/www.theologie.uzh.ch\/apps\/gpi\/wp-json\/wp\/v2\/categories?post=11591"},{"taxonomy":"post_tag","embeddable":true,"href":"https:\/\/www.theologie.uzh.ch\/apps\/gpi\/wp-json\/wp\/v2\/tags?post=11591"},{"taxonomy":"beitragende","embeddable":true,"href":"https:\/\/www.theologie.uzh.ch\/apps\/gpi\/wp-json\/wp\/v2\/beitragende?post=11591"},{"taxonomy":"predigtform","embeddable":true,"href":"https:\/\/www.theologie.uzh.ch\/apps\/gpi\/wp-json\/wp\/v2\/predigtform?post=11591"},{"taxonomy":"predigtreihe","embeddable":true,"href":"https:\/\/www.theologie.uzh.ch\/apps\/gpi\/wp-json\/wp\/v2\/predigtreihe?post=11591"},{"taxonomy":"bibelstelle","embeddable":true,"href":"https:\/\/www.theologie.uzh.ch\/apps\/gpi\/wp-json\/wp\/v2\/bibelstelle?post=11591"}],"curies":[{"name":"wp","href":"https:\/\/api.w.org\/{rel}","templated":true}]}}