{"id":11627,"date":"2006-12-07T19:48:47","date_gmt":"2006-12-07T18:48:47","guid":{"rendered":"https:\/\/theologie.whp.uzh.ch\/apps\/gpi\/?p=11627"},"modified":"2025-04-09T09:14:24","modified_gmt":"2025-04-09T07:14:24","slug":"lucas-2-1-20-3","status":"publish","type":"post","link":"https:\/\/www.theologie.uzh.ch\/apps\/gpi\/lucas-2-1-20-3\/","title":{"rendered":"Lucas 2:1-20"},"content":{"rendered":"<div align=\"left\">\n<h3><strong>Navidad | 25 de diciembre de 2006 |<\/strong><strong> Lucas 2:1-20 | Julio Strauch |<\/strong><\/h3>\n<p>La gracia y la paz que vienen de nuestro Se\u00f1or Jesucristo sean con todos nosotros, ahora y siempre. Am\u00e9n.<\/p>\n<p>\u00a1Expectativa, espera, preparaci\u00f3n&#8230;..! son actitudes que hemos estado predicando y tratando de vivir en este tiempo de Adviento. Decimos:&#8230;. \u00a1Nos tenemos que preparar para recibir al ni\u00f1o del pesebre! \u00a1Esa espera tiene que ser activa! \u00a1Cada a\u00f1o se renueva la Esperanza! \u00a1El nos promete la Salvaci\u00f3n! Pero&#8230;. me pregunto y les pregunto&#8230; si realmente estuvi\u00e9ramos esperando a alguien de carne y hueso, alguien que venga directamente de Dios a nuestro mundo hoy y con el poder de trasformarlo. \u00bfC\u00f3mo nos imaginamos que deber\u00eda ser?<\/p>\n<p>Podr\u00eda imaginarme que esperar\u00edamos un Mes\u00edas que, con un solo movimiento de su mano, limpiara la faz de la tierra de toda injusticia, de toda maldad, de todo odio, de toda corrupci\u00f3n, de toda guerra, de toda destrucci\u00f3n del medio ambiente, de todas los prejuicios, de todas las diferencias, de todos los violentos, de todos los imperios, de toda enfermedad, de toda pobreza, de todo&#8230;&#8230;&#8230;&#8230;. Y me imagino que: pretender\u00edamos que lo haga lo m\u00e1s r\u00e1pidamente posible, antes de que sea demasiado tarde, no vaya a ser que el mundo se acabe. Y si fuera posible&#8230; de una vez y para siempre, para que podamos vivir en paz. \u00bfAcaso no es el hijo de Dios y tiene el poder para hacerlo? \u00a1Que bueno ser\u00eda! \u00a1Que f\u00e1cil para \u00e9l, hacerlo de esta forma! \u00a1Con solo una se\u00f1al de su mano, acabar\u00eda con todo esto que nos est\u00e1 acabando!<\/p>\n<p>Siguiendo con mi hipot\u00e9tico caso, me pregunto: \u00bfno habr\u00e1 sido tambi\u00e9n esa, la expectativa de muchos cuando Jes\u00fas vino al mundo? \u00bfNo se imaginar\u00edan ellos un Mes\u00edas, as\u00ed como lo he descrito antes? Seguramente que la respuesta ser\u00eda afirmativa. Aunque debemos decir que algunos pudieron reconocerlo, como por ejemplo los pastores humildes y los magos de oriente.<\/p>\n<p>Pero, para los que esperaban un poderoso rey, Dios envi\u00f3 a un pobre infeliz que ni siquiera ten\u00eda un lugar digno y apropiado para nacer. Muchos de estos se deben haber preguntado y dicho cosas como las siguientes: &#8230;..al final&#8230; \u00bfes el Mes\u00edas o no? Porqu\u00e9 Dios, siendo todopoderoso envi\u00f3 un pobre ni\u00f1o, fr\u00e1gil, sin poder alguno para revertir semejante situaci\u00f3n en la que se encuentra nuestro mundo. \u00bfQu\u00e9 pretende Dios, que el mundo se siga autodestruyendo? \u00a1Necesitamos una mano fuerte que detenga todo esto! \u00a1As\u00ed va a seguir todo igual, lo que hace falta es un poder para poner fin, de una vez por todas, a todo lo malo que hay en este mundo! Al final.. \u00bfa Dios, le importamos o no? \u00bfNos ha abandonado a nuestra suerte? \u00a1No, no, as\u00ed no hay esperanzas!<\/p>\n<p>Los invito a reflexionar sobre las siguientes preguntas, teniendo en cuenta ese nacimiento humilde y sencillo. \u00bfQu\u00e9 nos habr\u00e1 querido decir Dios, con el env\u00edo de ese ni\u00f1o tan fr\u00e1gil? \u00bfSer\u00e1 que hay esperanza, ser\u00e1 que es posible, ser\u00e1 que nosotros debemos ayudarlo a cambiar todo lo que en este mundo est\u00e1 mal? \u00bfSer\u00e1 que hay otra forma de ver las cosas? \u00bfSer\u00e1 que en lo sencillo, en lo humilde, en lo diferente est\u00e1 la respuesta? \u00bfSer\u00e1 que Dios entiende su poder, as\u00ed como este mundo lo entiende? \u00bfSer\u00e1 que prende que cambiemos nosotros y nos da la libertad de hacerlo?<\/p>\n<p>A pesar de las luces y los brillos de los festejos de navidad, parece que vivimos en un mundo cada vez mas oscuro. Lo que opaca y oscurece este mundo son muchas cosas. <em>(aqu\u00ed el predicador puede dialogar con el auditorio sobre todas las cosas negativas que oscurecen nuestro mundo) <\/em><\/p>\n<p>En este mundo oscuro pretendemos y esperamos un Mes\u00edas que traiga la luz y queremos que esa luz, sea tan fuerte que acabe de una vez con tanta oscuridad. Sin embargo Dios nos env\u00eda una peque\u00f1a luz, una luz tenue, apenas perceptible que no alcanza para iluminar por s\u00ed sola toda esta oscuridad. Ser\u00e1 que debemos ayudar a que esa peque\u00f1a luz, comience a iluminarnos para que podamos tambi\u00e9n iluminar a otros. Navidad nos recuerda la llegada de esa peque\u00f1a luz que se enciende dentro de una gran mundo de oscuridad. Es posible que no llegue a iluminarlo en su totalidad, sin embargo esa peque\u00f1a luz puede encender otras y juntas pueden ir acabando con esa oscuridad. <em>(aqu\u00ed tambi\u00e9n se puede dialogar sobre esos peque\u00f1os gestos y actitudes que contribuyen al cambio, a dar luz)<\/em><\/p>\n<p>El mensaje de navidad es ese: \u00a1existe una esperanza! Dios se ha manifestado en forma humilde y sencilla, sin grandes estruendos y sin grandes luces. Pretende demostrarnos que es posible cambiar las cosas de forma lenta y a trav\u00e9s de nuestra uni\u00f3n con \u00c9l.<\/p>\n<p>\u00a1Juntos, podremos ir iluminando nuestra oscuridad y la de nuestro mundo! Am\u00e9n<\/p>\n<hr \/>\n<p><strong>Julio Strauch<br \/>\npastor de la Iglesia Evang\u00e9lica del R\u00edo de la Plata en Katuet\u00e9 Paraguay.<br \/>\n<a href=\"mailto:juliostrauch@yahoo.com.ar\">juliostrauch@yahoo.com.ar<\/a><\/strong><\/p>\n<\/div>\n","protected":false},"excerpt":{"rendered":"<p>Navidad | 25 de diciembre de 2006 | Lucas 2:1-20 | Julio Strauch | La gracia y la paz que vienen de nuestro Se\u00f1or Jesucristo sean con todos nosotros, ahora y siempre. Am\u00e9n. \u00a1Expectativa, espera, preparaci\u00f3n&#8230;..! son actitudes que hemos estado predicando y tratando de vivir en este tiempo de Adviento. Decimos:&#8230;. \u00a1Nos tenemos que [&hellip;]<\/p>\n","protected":false},"author":1,"featured_media":15635,"comment_status":"closed","ping_status":"closed","sticky":false,"template":"","format":"standard","meta":{"footnotes":""},"categories":[38,727,157,120,853,543,108,113,1213,636,349,1386,3,109,126],"tags":[],"beitragende":[],"predigtform":[],"predigtreihe":[],"bibelstelle":[],"class_list":["post-11627","post","type-post","status-publish","format-standard","has-post-thumbnail","hentry","category-lukas","category-archiv","category-beitragende","category-bes_gelegenheiten","category-bibel","category-christfest-i","category-current","category-espa","category-julio-strauch","category-kapitel-02-chapter-02-lukas","category-kasus","category-let-serie-c","category-nt","category-predigten","category-predigtreihen"],"_links":{"self":[{"href":"https:\/\/www.theologie.uzh.ch\/apps\/gpi\/wp-json\/wp\/v2\/posts\/11627","targetHints":{"allow":["GET"]}}],"collection":[{"href":"https:\/\/www.theologie.uzh.ch\/apps\/gpi\/wp-json\/wp\/v2\/posts"}],"about":[{"href":"https:\/\/www.theologie.uzh.ch\/apps\/gpi\/wp-json\/wp\/v2\/types\/post"}],"author":[{"embeddable":true,"href":"https:\/\/www.theologie.uzh.ch\/apps\/gpi\/wp-json\/wp\/v2\/users\/1"}],"replies":[{"embeddable":true,"href":"https:\/\/www.theologie.uzh.ch\/apps\/gpi\/wp-json\/wp\/v2\/comments?post=11627"}],"version-history":[{"count":2,"href":"https:\/\/www.theologie.uzh.ch\/apps\/gpi\/wp-json\/wp\/v2\/posts\/11627\/revisions"}],"predecessor-version":[{"id":22550,"href":"https:\/\/www.theologie.uzh.ch\/apps\/gpi\/wp-json\/wp\/v2\/posts\/11627\/revisions\/22550"}],"wp:featuredmedia":[{"embeddable":true,"href":"https:\/\/www.theologie.uzh.ch\/apps\/gpi\/wp-json\/wp\/v2\/media\/15635"}],"wp:attachment":[{"href":"https:\/\/www.theologie.uzh.ch\/apps\/gpi\/wp-json\/wp\/v2\/media?parent=11627"}],"wp:term":[{"taxonomy":"category","embeddable":true,"href":"https:\/\/www.theologie.uzh.ch\/apps\/gpi\/wp-json\/wp\/v2\/categories?post=11627"},{"taxonomy":"post_tag","embeddable":true,"href":"https:\/\/www.theologie.uzh.ch\/apps\/gpi\/wp-json\/wp\/v2\/tags?post=11627"},{"taxonomy":"beitragende","embeddable":true,"href":"https:\/\/www.theologie.uzh.ch\/apps\/gpi\/wp-json\/wp\/v2\/beitragende?post=11627"},{"taxonomy":"predigtform","embeddable":true,"href":"https:\/\/www.theologie.uzh.ch\/apps\/gpi\/wp-json\/wp\/v2\/predigtform?post=11627"},{"taxonomy":"predigtreihe","embeddable":true,"href":"https:\/\/www.theologie.uzh.ch\/apps\/gpi\/wp-json\/wp\/v2\/predigtreihe?post=11627"},{"taxonomy":"bibelstelle","embeddable":true,"href":"https:\/\/www.theologie.uzh.ch\/apps\/gpi\/wp-json\/wp\/v2\/bibelstelle?post=11627"}],"curies":[{"name":"wp","href":"https:\/\/api.w.org\/{rel}","templated":true}]}}