{"id":14818,"date":"2022-12-08T09:33:34","date_gmt":"2022-12-08T08:33:34","guid":{"rendered":"https:\/\/theologie.whp.uzh.ch\/apps\/gpi\/?p=14818"},"modified":"2022-11-09T09:35:35","modified_gmt":"2022-11-09T08:35:35","slug":"apocalipsis-3-1-6","status":"publish","type":"post","link":"https:\/\/www.theologie.uzh.ch\/apps\/gpi\/apocalipsis-3-1-6\/","title":{"rendered":"Apocalipsis 3, 1 &#8211;\u00a0 6\u00a0"},"content":{"rendered":"<h3 style=\"font-weight: 400;\">Serm\u00f3n para 3\u00ba domingo de Adviento |\u00a0Apocalipsis 3, 1 &#8211;\u00a0 6\u00a0 (Leccionario de la EKD, Serie VI) | Federico H. Sch\u00e4fer |<\/h3>\n<p style=\"font-weight: 400;\">Estimadas hermanas, estimados hermanos:<\/p>\n<p style=\"font-weight: 400;\">No es frecuente en nuestras iglesias un texto de predicaci\u00f3n tomado del Apocalipsis. De ah\u00ed provenga, quiz\u00e1s, tambi\u00e9n nuestra poca comprensi\u00f3n para este enigm\u00e1tico libro de las Sagradas Escrituras. Qu\u00e9 hoy tengamos que escuchar este severo mensaje, meditar sobre \u00e9l e interpretarlo lo mejor que podamos, tiene sentido, si tenemos en cuenta que nos encontramos en plena estaci\u00f3n de Adviento. No es casual que la tradici\u00f3n eclesial haya previsto este texto para este domingo. El nombre Adviento proviene de una palabra latina que significa venida, venida hacia nosotros. Se entiende que en este caso se refiere a la venida a nosotros de Dios, de Dios en la persona de Jes\u00fas, el Cristo.<\/p>\n<p style=\"font-weight: 400;\">Es habitual entre nosotros, que cuando esperamos a alguien y pretendemos recibirle, nos preparemos convenientemente: ponemos en orden nuestra casa, preparamos una comida especial, nos vestimos adecuadamente, etc.. Del mismo modo nos deber\u00edamos preparar tambi\u00e9n para recibir al Se\u00f1or Jes\u00fas, cuya llegada al mundo festejamos todos los a\u00f1os a fines de este mes. La \u00e9poca de Adviento, que comprende las cuatro semanas anteriores a la Navidad, es, pues, un tiempo destinado propiamente a la preparaci\u00f3n.<\/p>\n<p style=\"font-weight: 400;\">Muchos de Uds. preguntar\u00e1n por qu\u00e9 nos hemos de preparar para un acontecimiento ocurrido hace ya m\u00e1s de dos mil a\u00f1os atr\u00e1s. Y que la Navidad que festejamos anualmente &#8212;obviamente con mucho ruido&#8212;\u00a0 no es m\u00e1s que un aniversario m\u00e1s de una fecha hist\u00f3rica, para algunos apenas legendaria. Claro que la Navidad es hoy por hoy un aniversario m\u00e1s, pero consideremos que nos ayuda a recordar, a no olvidar, el nacimiento de Dios en medio de la humanidad. Y que si bien Jes\u00fas naci\u00f3 hace ya m\u00e1s de dos mil a\u00f1os atr\u00e1s, tambi\u00e9n naci\u00f3 para nosotros. La fiesta de Navidad nos debiera ayudar a meditar, si el Se\u00f1or Jes\u00fas realmente ya naci\u00f3 para nosotros, esto es, si tambi\u00e9n nosotros hombres y mujeres del siglo XXI hemos recibido y aceptado en nuestras vidas, al Hijo de Dios. Es esta la pregunta crucial que debiera mover e inquietar nuestras mentes y corazones en esta celebraci\u00f3n, a fin de que la verdadera Navidad no se produzca solamente fuera de nosotros, en los negocios, en la calle, en las cenas de camarader\u00eda, sino tambi\u00e9n en nosotros mismos, en nuestra consciencia. Y es aqu\u00ed, en este contexto, que cabe aplicar el p\u00e1rrafo b\u00edblico previsto para hoy.<\/p>\n<p style=\"font-weight: 400;\">Para poder recibir dignamente al Se\u00f1or Jes\u00fas, de manera que se haga tambi\u00e9n Navidad en nuestros corazones y mentes, debemos probarnos, analizar nuestra consciencia, verificar la situaci\u00f3n en la que nos encontramos personalmente y como miembros de la comunidad, y como miembros incluso de una sociedad mayor. Un an\u00e1lisis honesto y sincero de nuestra persona y de nuestro entorno va a demostrar posiblemente muchos d\u00e9ficits, culpas por errores cometidos, por omisiones, insensibilidades, indiferencias. Nos mostrar\u00e1 la necesidad de arrepentimiento y de perd\u00f3n, de reconciliaci\u00f3n. S\u00ed, que tenemos necesidad de Jesucristo, que vino a traernos todo ello gratuitamente.<\/p>\n<p style=\"font-weight: 400;\">El texto de hoy nos quiere guiar en nuestra preparaci\u00f3n espiritual, en nuestro autoexamen, tanto como personas individuales como as\u00ed tambi\u00e9n como comunidad de creyentes. El mensaje est\u00e1 dirigido originalmente a una antigua congregaci\u00f3n del Asia Menor, pero bien podr\u00eda estar dirigido a nuestra comunidad. Todos los mensajes de la Sagrada escritura nos interesan a todos y todas. Se habla all\u00ed de una comunidad que tiene fama de ser activa y viviente, pero que en realidad est\u00e1 paralizada, muerta. \u00bfSer\u00e1 que esta acusaci\u00f3n tambi\u00e9n nos podr\u00eda tocar a nosotros? Como no soy pastor titular de esta congregaci\u00f3n a la que estoy dirigiendo este serm\u00f3n, no me atrevo a arriesgar un juicio. Pero seguro que no estar\u00eda dem\u00e1s, que cada miembro de la misma medite sobre esta cuesti\u00f3n, al menos en el camino de regreso a su casa.<\/p>\n<p style=\"font-weight: 400;\">Pues es lamentablemente verdad que hay congregaciones que se van en un mont\u00f3n de actividades, gastando en ellas muchas energ\u00edas como tambi\u00e9n las de sus respectivos pastores, sin que detr\u00e1s de toda esa c\u00e1scara haya una m\u00e9dula de actitud seria y responsable frente a Dios y el mundo. Es aqu\u00ed donde debo mencionar a esas ligas juveniles que no hacen otra cosa que hacer deportes y programar excursiones, a esas sociedades de damas que se re\u00fanen apenas para tomar caf\u00e9 y hablar sobre los \u00faltimos gritos de la moda o aquellos grupos de varones que terminan discutiendo solo sobre f\u00fatbol, mientras afuera hay cientos de ni\u00f1os en la calle, desocupados, solitarios, enfermos o encarcelados que est\u00e1n esperando en vano una ayuda concreta. Podr\u00eda mencionar a\u00fan m\u00e1s actividades que aparentan una floreciente vida congregacional sin ser m\u00e1s que c\u00e1scara: pomposos sepelios, bendiciones nupciales, bautismos, conciertos, etc., donde a nadie de los asistentes le interesa escuchar realmente lo que predica el pastor y donde \u00e9ste no es m\u00e1s que un simple maestro de ceremonias. Pero tambi\u00e9n en nuestras vidas privadas hay muchas actitudes de ese tipo, como cuando damos limosas a los pobres, pero sin cambiar por ello nuestra mentalidad discriminatoria para con estos m\u00e1s peque\u00f1itos hermanos de nuestro Se\u00f1or, para mencionar tan solo un ejemplo.<\/p>\n<p style=\"font-weight: 400;\">Son estos los s\u00edntomas t\u00edpicos de personas y congregaciones que se llaman y dejan llamar cristianos, pero no han internalizado al Se\u00f1or Jes\u00fas en sus fibras m\u00e1s \u00edntimas. A estas gentes el mensaje de hoy aconseja vigilancia, esto es controlar todo lo que hacemos y decimos a los efectos de verificar, si nuestra conducta responde a lo que el Se\u00f1or espera de nosotros. No creamos que Jesucristo subi\u00f3 a los cielos y est\u00e1 sentado a la diestra de Dios y que desde all\u00ed no ve nada y no le interesa lo que nosotros hacemos o deshacemos. \u00c9l est\u00e1 mediante su Esp\u00edritu en medio de nosotros y ve perfectamente por a trav\u00e9s de la c\u00e1scara de nuestras excusas y justificaciones. El que a\u00fan no ha dejado entrar a Jesucristo en su vida, conviene que se prepare y lo reciba mientras todav\u00eda est\u00e9 a tiempo, pues nuestro peregrinar por este mundo es acotado y no sabemos cu\u00e1ndo este periplo puede llegar a terminar. Por otro lado, tambi\u00e9n creemos que Jesucristo vendr\u00e1 una vez m\u00e1s en persona a este mundo y comenzar\u00e1 a juzgar la huella que nosotros dejamos en \u00e9l. Y vendr\u00e1 \u201ccomo ladr\u00f3n en la noche\u201d, esto es en un momento que no podemos predecir, por lo cual es conveniente que nos preparemos debidamente, no sea cosa que nos sorprenda desprevenidos.<\/p>\n<p style=\"font-weight: 400;\">Gracias a Dios, no todo est\u00e1 perdido en este mundo y no por \u00faltimo tambi\u00e9n en nuestras iglesias, si bien lo que a\u00fan no est\u00e1 perdido, corre peligro de perderse y de morir. Se me ocurre que es prudente en este contexto hablar del amor, del amor a Dios y del amor entre los seres humanos. Esta virtud nunca fue la m\u00e1s fuerte entre los hombres, pero creo que el d\u00e9ficit de este art\u00edculo de primera necesidad para nuestras almas, para nuestro ser en mutua convivencia est\u00e1 creciendo enormemente en estos \u00faltimos tiempos. Frente al poder de la tecnolog\u00eda, el amor va perdiendo terreno paso a paso. En el moderno trajinar las relaciones entre los humanos se est\u00e1n tornando cada vez m\u00e1s impersonales. La organizaci\u00f3n hace aparentemente innecesaria la amabilidad y hasta el saludo cordial. Del amor a Dios ni hablemos, pues es considerado una locura, una enfermedad ps\u00edquica de la cual hay que curar al ser humano.<\/p>\n<p style=\"font-weight: 400;\">Estimadas hermanas y hermanos: \u00bfNos acordamos de todo lo que hemos recibido?\u00a0 No fue acaso el amor, el m\u00e1s alto don que nos ha demostrado y legado nuestro Se\u00f1or para que lo \u00a0hagamos prosperar entre nosotros? \u00bfNo fue acaso por el amor a los humanos que Jes\u00fas se sacrific\u00f3 en la cruz? Jes\u00fas nos trajo el amor de Dios para que a nuestra vez podamos amar a Dios de todo coraz\u00f3n, con toda el alma y con toda nuestra mente y a nuestros pr\u00f3jimos como a nosotros mismos, tal como \u00e9l nos lo encomend\u00f3: \u201cAmaos los unos a los otros como yo os he amado\u201d. \u00bfNo deber\u00edamos ser m\u00e1s obedientes y responsables frente a este mandamiento y cuidar y vigilar de que el amor entre nosotros no se pierda totalmente?<\/p>\n<p style=\"font-weight: 400;\">Gracias a Dios, no todo est\u00e1 perdido en este mundo &#8212;repito. Jes\u00fas tiene aqu\u00ed su equipo de seguidores, que le son fieles. Ellos son sus obreros en este planeta, son la sal de la tierra, la levadura que leuda la masa. Este hecho nos da esperanzas y nuevas fuerzas y \u00e1nimo para seguir trabajando. La esperanza no nos falta, pero la seguridad de estar entre los pocos que no han manchado sus vestiduras, solo la obtendremos de la fe en Dios. Jesucristo vive al menos en el coraz\u00f3n de algunos de nosotros y nos llama a todos a recibirlo, aceptarlo y darle lugar en nuestras vidas. Nos llama tambi\u00e9n a mantenernos en estado de alerta, de manera que mantengamos nuestros corazones abiertos y dispuestos a \u00e9l a fin de que \u00e9l pueda quedar en nosotros.<\/p>\n<p style=\"font-weight: 400;\">Pero Jesucristo no solo nos reprende a trav\u00e9s del mensaje de hoy. \u00c9l tambi\u00e9n nos entrega algo, nos da la promesa de defendernos cual abogado frente a Dios, nuestro padre. Al que venciere, esto es al que llegue a vencer sus propios intereses, su orgullo, sus dudas y prejuicios para dar lugar al Salvador y est\u00e1 dispuesto a seguir y luchar por el amor entre los humanos, el Se\u00f1or le pondr\u00e1 un vestido blanco, que es se\u00f1al de pureza y justicia. Como varones y mujeres santos y dignos podr\u00e1n aparecer entonces ante Dios sin temor a ser condenados. Y esto significa mucho, pues significa nada menos que una vida equilibrada en correcta relaci\u00f3n con Dios y toda la creaci\u00f3n. Significa ser verdaderos hijos e hijas de Dios que viven y vivir\u00e1n en compa\u00f1\u00eda del Alt\u00edsimo.<\/p>\n<p style=\"font-weight: 400;\">Vale la pena, pues, arriesgar nuestro amor propio, nuestro orgullo y ego\u00edsmo y toda la inservible c\u00e1scara con la que solemos cubrirnos, para meditar sobre nuestro futuro, sobre nuestra responsabilidad como cristianos individuales y como congregaci\u00f3n de cristianos, sobre nuestras faltas y descubrir finalmente si ya hemos aceptado o no al Se\u00f1or Jesucristo. Estamos en plena \u00e9poca de preparaci\u00f3n de la Navidad y ser\u00eda lindo, si tambi\u00e9n nosotros nos prepar\u00e1semos para recibir dignamente al Se\u00f1or, de manera que tambi\u00e9n en nuestros corazones, en nuestras casas, en nuestras congregaciones se produzca la Navidad, Una Navidad que nos una eternamente con Dios. Am\u00e9n.<\/p>\n","protected":false},"excerpt":{"rendered":"<p>Serm\u00f3n para 3\u00ba domingo de Adviento |\u00a0Apocalipsis 3, 1 &#8211;\u00a0 6\u00a0 (Leccionario de la EKD, Serie VI) | Federico H. Sch\u00e4fer | Estimadas hermanas, estimados hermanos: No es frecuente en nuestras iglesias un texto de predicaci\u00f3n tomado del Apocalipsis. De ah\u00ed provenga, quiz\u00e1s, tambi\u00e9n nuestra poca comprensi\u00f3n para este enigm\u00e1tico libro de las Sagradas Escrituras. [&hellip;]<\/p>\n","protected":false},"author":1,"featured_media":13634,"comment_status":"closed","ping_status":"closed","sticky":false,"template":"","format":"standard","meta":{"footnotes":""},"categories":[62,157,108,113,216,818,3,109],"tags":[],"beitragende":[],"predigtform":[],"predigtreihe":[],"bibelstelle":[],"class_list":["post-14818","post","type-post","status-publish","format-standard","has-post-thumbnail","hentry","category-offenbarung","category-beitragende","category-current","category-espa","category-federico-h-schaefer","category-kapitel-03-chapter-03-offenbarung","category-nt","category-predigten"],"_links":{"self":[{"href":"https:\/\/www.theologie.uzh.ch\/apps\/gpi\/wp-json\/wp\/v2\/posts\/14818","targetHints":{"allow":["GET"]}}],"collection":[{"href":"https:\/\/www.theologie.uzh.ch\/apps\/gpi\/wp-json\/wp\/v2\/posts"}],"about":[{"href":"https:\/\/www.theologie.uzh.ch\/apps\/gpi\/wp-json\/wp\/v2\/types\/post"}],"author":[{"embeddable":true,"href":"https:\/\/www.theologie.uzh.ch\/apps\/gpi\/wp-json\/wp\/v2\/users\/1"}],"replies":[{"embeddable":true,"href":"https:\/\/www.theologie.uzh.ch\/apps\/gpi\/wp-json\/wp\/v2\/comments?post=14818"}],"version-history":[{"count":1,"href":"https:\/\/www.theologie.uzh.ch\/apps\/gpi\/wp-json\/wp\/v2\/posts\/14818\/revisions"}],"predecessor-version":[{"id":14819,"href":"https:\/\/www.theologie.uzh.ch\/apps\/gpi\/wp-json\/wp\/v2\/posts\/14818\/revisions\/14819"}],"wp:featuredmedia":[{"embeddable":true,"href":"https:\/\/www.theologie.uzh.ch\/apps\/gpi\/wp-json\/wp\/v2\/media\/13634"}],"wp:attachment":[{"href":"https:\/\/www.theologie.uzh.ch\/apps\/gpi\/wp-json\/wp\/v2\/media?parent=14818"}],"wp:term":[{"taxonomy":"category","embeddable":true,"href":"https:\/\/www.theologie.uzh.ch\/apps\/gpi\/wp-json\/wp\/v2\/categories?post=14818"},{"taxonomy":"post_tag","embeddable":true,"href":"https:\/\/www.theologie.uzh.ch\/apps\/gpi\/wp-json\/wp\/v2\/tags?post=14818"},{"taxonomy":"beitragende","embeddable":true,"href":"https:\/\/www.theologie.uzh.ch\/apps\/gpi\/wp-json\/wp\/v2\/beitragende?post=14818"},{"taxonomy":"predigtform","embeddable":true,"href":"https:\/\/www.theologie.uzh.ch\/apps\/gpi\/wp-json\/wp\/v2\/predigtform?post=14818"},{"taxonomy":"predigtreihe","embeddable":true,"href":"https:\/\/www.theologie.uzh.ch\/apps\/gpi\/wp-json\/wp\/v2\/predigtreihe?post=14818"},{"taxonomy":"bibelstelle","embeddable":true,"href":"https:\/\/www.theologie.uzh.ch\/apps\/gpi\/wp-json\/wp\/v2\/bibelstelle?post=14818"}],"curies":[{"name":"wp","href":"https:\/\/api.w.org\/{rel}","templated":true}]}}