{"id":15154,"date":"2022-11-22T21:33:44","date_gmt":"2022-11-22T20:33:44","guid":{"rendered":"https:\/\/theologie.whp.uzh.ch\/apps\/gpi\/?p=15154"},"modified":"2022-11-22T22:41:52","modified_gmt":"2022-11-22T21:41:52","slug":"isaias-2-1-5","status":"publish","type":"post","link":"https:\/\/www.theologie.uzh.ch\/apps\/gpi\/isaias-2-1-5\/","title":{"rendered":"Isa\u00edas 2. 1-5"},"content":{"rendered":"<h3 style=\"font-weight: 400;\">Pr\u00e9dica para o 1\u00ba domingo de advento | 27 de novembre de 2022 |\u00a0Texto b\u00edblico Isa\u00edas 2. 1-5 |\u00a0\u00a0Mauri Magedanz |<\/h3>\n<p style=\"font-weight: 400;\">Amada comunidade do menino Deus!<\/p>\n<p style=\"font-weight: 400;\">Eis o Domingo de Advento, a 1\u00aa vela acesa da coroa de Advento nos lembra que iniciou a contagem regressiva para a rememora\u00e7\u00e3o do dia e da hora do nascimento do menino Jesus, \u00a0que veio ao mundo para nos ensinar o que devemos fazer para andar no caminho de Deus. A coroa de Advento a partir de hoje ter\u00e1 acrescida mais luz a cada domingo. Luz \u00e9 preciso quando estamos no escuro, mergulhados nas trevas e distantes do que foi profetizado pelos profetas de Deus para os nossos dias.<\/p>\n<p style=\"font-weight: 400;\">O profeta Isa\u00edas, no seu tempo, identifica uma crise de fidelidade do povo para com as demandas de Deus. As pessoas falam, falam, falam e, Deus est\u00e1 cansado de falas vazias. As pessoas s\u00f3 t\u00eam narrativas, mas faltam as a\u00e7\u00f5es concretas. Est\u00e3o preocupadas, somente, com si mesmas. Se esqueceram que tudo e todas as pessoas forram criadas por Deus. Os mandamentos foram esquecidos e a pr\u00e1tica n\u00e3o correspondia com a alian\u00e7a feita com Deus.<\/p>\n<p style=\"font-weight: 400;\">Quando lemos o capitulo que antecedo o texto da prega\u00e7\u00e3o de hoje fica evidente que Deus est\u00e1 frustrado.\u00a0 E olhando para os nossos dias, sem medo conclu\u00edmos: O tempo passou, mas a crise e a postura das pessoas \u00e9 a mesma. Deus quer paz e, n\u00f3s a guerra. Deus prega a justi\u00e7a e, a gente defende e incentiva a lei do merecimento. Deus pede para destruir as armas e confeccionar instrumentos de trabalho e, a gente incentiva a viol\u00eancia e compra de armas.<\/p>\n<p style=\"font-weight: 400;\">Ainda bem, que outra vez, o Advento come\u00e7ou. E, temos esse tempo especial para clamar a Deus na palavra do salmista; <strong>\u201cMostra-nos, Senhor, a tua miseric\u00f3rdia e concede-nos a tua salva\u00e7\u00e3o\u201d<\/strong> \u2013 Salmo 85.7.\u00a0 E, al\u00e9m de clamar \u00e9 momento oportuno de preparar a chegada de algo maravilhoso para n\u00f3s, o nascimento do Menino Jesus. Ainda n\u00e3o \u00e9 Natal, mas o seu encanto, os sinais s\u00e3o vistos em todos os lugares. \u00c9 tempo de acolher quem veio ao mundo nos ensinar por qual caminho andar e o que fazer.<\/p>\n<p style=\"font-weight: 400;\">Advento \u00e9 tempo de amar ao Deus que vem. Jesus vem para que o amor entre as pessoas cres\u00e7a, uns pelos outros, por todas as pessoas, a tal ponto, que esse amor se torne igual ao amor de Deus pela gente, revelado no menino Jesus. Fr\u00e1gil crian\u00e7a que experimentou a dureza da vida na manjedoura em seu nascimento e na cruz, em sua morte. Tudo por amor!<\/p>\n<p style=\"font-weight: 400;\">Jesus n\u00e3o amou de palavra, nem da boca pra fora, mas de fato e de verdade. Amar a Deus acima de tudo, nunca est\u00e1 desconectado do amor ao pr\u00f3ximo como a n\u00f3s mesmos. O amor a Deus e a Jesus deve orientar meus sentimentos, pensamentos, palavras, gestos, atitudes e a\u00e7\u00f5es. Ou seja, como profetiza o profeta Isa\u00edas, \u00e9 tempo prop\u00edcio para transformar as nossas espadas em arados e as nossas lan\u00e7as, em foces. Em mi\u00fados, os instrumentos de guerra e de morte ser\u00e3o transformados em ferramentas de trabalho.<\/p>\n<p style=\"font-weight: 400;\">Amada comunidade! Somos bons em faxinar a casa, organizar o quarto da bagun\u00e7a, colocar enfeites e luzes. Somos ex\u00edmios confeiteiros para fazer aquela receita impec\u00e1vel de bolacha natalina. Todavia, \u00e9 preciso reconhecer,\u00a0 que temos enormes dificuldades para faxinar a mente e o cora\u00e7\u00e3o. No Advento somos chamados\/as para\u00a0 praticar as pr\u00e1ticas de Jesus. Neste per\u00edodo somos chamados a caminhar na luz que o Senhor Jesus nos d\u00e1. O caminho da solidariedade, da empatia, da inclus\u00e3o, da conviv\u00eancia pac\u00edfica, da justi\u00e7a e da paz. Advento \u00e9 tempo de faxinar a vida e romper com tudo que nos afasta do verdadeiro Jesus Cristo.<\/p>\n<p style=\"font-weight: 400;\">Pessoas reunidas formam a Igreja. E, como Igreja de Jesus Cristo, iniciamos um novo ano que come\u00e7a preparando o nascimento de Jesus e vai terminar no Domingo da Eternidade na esperan\u00e7a de que Jesus vai voltar como Senhor dos senhores. Que desde j\u00e1, possamos ensaiar e experimentar na caminhada vigilante os dons do reinado de Jesus que liberta para servir, incluir, salvar e transformar morte em vida.\u00a0 Vamos caminhar daqui por diante na luz que o Senhor nos d\u00e1. \u00c9 tempo de abandonar os nossos \u00eddolos, deixar para traz nossos desejos e se converter ao Senhor.<\/p>\n<p style=\"font-weight: 400;\">Que Deus conduza, ilumine, d\u00ea sabedoria no tempo presente para que quando o Senhor chegar nos encontre no servi\u00e7o fiel de ser testemunha no falar e no agir. Portanto, vivamos adequadamente, dignamente, aproveitando o tempo presente como d\u00e1diva para nos preparar e assumir a tarefa, di\u00e1ria, de andar no caminho da luz, s\u00f3brios, \u00edntegros, descentes, pac\u00edficos e de vida transparente.<\/p>\n<p style=\"font-weight: 400;\">Querido Deus! Obrigado por este tempo de prepara\u00e7\u00e3o para acolher o teu filho, o nosso Senhor e Salvador. Vem Senhor para o nosso dia-a-dia e acende sinais de Tua luz. Vem e toma morada em nosso cora\u00e7\u00e3o, em nossa vida e em nossas fam\u00edlias. Am\u00e9m.<\/p>\n<hr \/>\n<p style=\"font-weight: 400;\"><strong>Pastor Mauri Magedanz<\/strong><\/p>\n<p style=\"font-weight: 400;\"><strong>S\u00e3o Leopoldo \u2013 Rio Grande do Sul (Brasilien)<\/strong><\/p>\n<p style=\"font-weight: 400;\"><a href=\"mailto:maurimagedanz@gmail.com\"><strong>maurimagedanz@gmail.com<\/strong><\/a><\/p>\n","protected":false},"excerpt":{"rendered":"<p>Pr\u00e9dica para o 1\u00ba domingo de advento | 27 de novembre de 2022 |\u00a0Texto b\u00edblico Isa\u00edas 2. 1-5 |\u00a0\u00a0Mauri Magedanz | Amada comunidade do menino Deus! Eis o Domingo de Advento, a 1\u00aa vela acesa da coroa de Advento nos lembra que iniciou a contagem regressiva para a rememora\u00e7\u00e3o do dia e da hora do [&hellip;]<\/p>\n","protected":false},"author":1,"featured_media":15165,"comment_status":"closed","ping_status":"closed","sticky":false,"template":"","format":"standard","meta":{"footnotes":""},"categories":[22,2,157,853,108,113,1092,956],"tags":[],"beitragende":[],"predigtform":[],"predigtreihe":[],"bibelstelle":[],"class_list":["post-15154","post","type-post","status-publish","format-standard","has-post-thumbnail","hentry","category-jesaja","category-at","category-beitragende","category-bibel","category-current","category-espa","category-kapitel-02-chapter-02-jesaja","category-mauri-magedanz"],"_links":{"self":[{"href":"https:\/\/www.theologie.uzh.ch\/apps\/gpi\/wp-json\/wp\/v2\/posts\/15154","targetHints":{"allow":["GET"]}}],"collection":[{"href":"https:\/\/www.theologie.uzh.ch\/apps\/gpi\/wp-json\/wp\/v2\/posts"}],"about":[{"href":"https:\/\/www.theologie.uzh.ch\/apps\/gpi\/wp-json\/wp\/v2\/types\/post"}],"author":[{"embeddable":true,"href":"https:\/\/www.theologie.uzh.ch\/apps\/gpi\/wp-json\/wp\/v2\/users\/1"}],"replies":[{"embeddable":true,"href":"https:\/\/www.theologie.uzh.ch\/apps\/gpi\/wp-json\/wp\/v2\/comments?post=15154"}],"version-history":[{"count":1,"href":"https:\/\/www.theologie.uzh.ch\/apps\/gpi\/wp-json\/wp\/v2\/posts\/15154\/revisions"}],"predecessor-version":[{"id":15166,"href":"https:\/\/www.theologie.uzh.ch\/apps\/gpi\/wp-json\/wp\/v2\/posts\/15154\/revisions\/15166"}],"wp:featuredmedia":[{"embeddable":true,"href":"https:\/\/www.theologie.uzh.ch\/apps\/gpi\/wp-json\/wp\/v2\/media\/15165"}],"wp:attachment":[{"href":"https:\/\/www.theologie.uzh.ch\/apps\/gpi\/wp-json\/wp\/v2\/media?parent=15154"}],"wp:term":[{"taxonomy":"category","embeddable":true,"href":"https:\/\/www.theologie.uzh.ch\/apps\/gpi\/wp-json\/wp\/v2\/categories?post=15154"},{"taxonomy":"post_tag","embeddable":true,"href":"https:\/\/www.theologie.uzh.ch\/apps\/gpi\/wp-json\/wp\/v2\/tags?post=15154"},{"taxonomy":"beitragende","embeddable":true,"href":"https:\/\/www.theologie.uzh.ch\/apps\/gpi\/wp-json\/wp\/v2\/beitragende?post=15154"},{"taxonomy":"predigtform","embeddable":true,"href":"https:\/\/www.theologie.uzh.ch\/apps\/gpi\/wp-json\/wp\/v2\/predigtform?post=15154"},{"taxonomy":"predigtreihe","embeddable":true,"href":"https:\/\/www.theologie.uzh.ch\/apps\/gpi\/wp-json\/wp\/v2\/predigtreihe?post=15154"},{"taxonomy":"bibelstelle","embeddable":true,"href":"https:\/\/www.theologie.uzh.ch\/apps\/gpi\/wp-json\/wp\/v2\/bibelstelle?post=15154"}],"curies":[{"name":"wp","href":"https:\/\/api.w.org\/{rel}","templated":true}]}}