{"id":15350,"date":"2022-12-18T21:25:14","date_gmt":"2022-12-18T20:25:14","guid":{"rendered":"https:\/\/theologie.whp.uzh.ch\/apps\/gpi\/?p=15350"},"modified":"2022-12-18T21:25:48","modified_gmt":"2022-12-18T20:25:48","slug":"esajas-91-6a-lukasevangeliet-21-14","status":"publish","type":"post","link":"https:\/\/www.theologie.uzh.ch\/apps\/gpi\/esajas-91-6a-lukasevangeliet-21-14\/","title":{"rendered":"Esajas 9,1-6a, Lk 2,1-14"},"content":{"rendered":"<h3 style=\"font-weight: 400;\">Juleaften | 24.12.22 |\u00a0Esajas 9, 1-6a, Lukasevangeliet 2, 1-14 |\u00a0Af Christiane Gammeltoft Hansen |<\/h3>\n<hr \/>\n<p style=\"font-weight: 400;\">Salmer:<\/p>\n<p style=\"font-weight: 400;\">94 Det kimer nu til julefest<\/p>\n<p style=\"font-weight: 400;\">104 Et barn er f\u00f8dt i Betlehem<\/p>\n<p style=\"font-weight: 400;\">119 Julen har bragt velsignet bud<\/p>\n<p style=\"font-weight: 400;\">121 Dejlig er jorden<\/p>\n<hr \/>\n<p style=\"font-weight: 400;\">Og det skete i de dage, hvor de vandrede rundt i m\u00f8rke. Det var m\u00f8rkt, n\u00e5r de tog afsted, og det var m\u00f8rkt, n\u00e5r de kom hjem. Men trods lysets frav\u00e6r, fik de alligevel ordnet deres ting. Det skete nemlig midt i det, de var fortrolige med. D\u00e9r hvor de kendte vejenes navne og sj\u00e6ldent for vild. Dog ikke s\u00e5dan forst\u00e5et, at de havde styr p\u00e5 deres liv. Dertil skete der alt for mange uforudsete ting. Som nu ogs\u00e5 dette, der skete i de dage, hvor det var blevet jul igen.<\/p>\n<p style=\"font-weight: 400;\">Det var den tid p\u00e5 \u00e5ret, hvor b\u00f8rnene h\u00e5bede p\u00e5 sne. Den lod vente p\u00e5 sig, men b\u00f8rnene gav ikke s\u00e5dan op p\u00e5 deres \u00f8nsker. De ventede s\u00e5 l\u00e6nge, det var n\u00f8dvendigt.<\/p>\n<p style=\"font-weight: 400;\">Og s\u00e5 s\u00e5 de tydeligvis ogs\u00e5 mere, end hvad der var synligt for et voksent blik. De gjorde store opdagelser i selv helt almindelige ting. \u201dSe, derner\u201d, r\u00e5bte de og pegede p\u00e5 alt lige fra cykellygter, vinterslatne stauder til appelsinerne nede i Netto. \u201dDet hedder nu stjerner\u201d, sagde de voksne. Men b\u00f8rnene var allerede i gang med at opdage flere sk\u00f8nne ting, som overbeviste dem om, at opfyldelsen af deres \u00f8nsker var t\u00e6ttere p\u00e5, end hvad andre bildte dem ind. \u201dSe ne\u201d, r\u00e5bte de og pegede p\u00e5 vejstriber, vandpytter og hvide hunde der gik forbi. \u201dNej\u201d \u2013 \u201dog det hedder nu\u201d \u2026 skulle de voksne lige til at sige. Men tog s\u00e5 sig selv i det.<\/p>\n<p style=\"font-weight: 400;\">S\u00e5dan skete det i det n\u00e6re, d\u00e9r hvor de havde hjemme og levede deres liv, hvor dagene var korte, og der var \u201dderner\u201d til. Men samtidig skete det ogs\u00e5 i stor stil. Det skete nemlig ogs\u00e5 d\u00e9r, hvor vejene havde andre navne og b\u00f8rnene andre ord for stjerner og sne. Det skete d\u00e9r, hvor der boede mennesker, de slet ikke kendte til.<\/p>\n<p style=\"font-weight: 400;\">Eller det vil sige, det passede ikke helt. For det var det s\u00e6rlige ved de dage, det skete i, at verden for alvor var g\u00e5et hen og blevet til et f\u00e6lles sted. Man talte nu ikke l\u00e6ngere kun med naboen, genboen, og dem der kom forbi. Man talte ogs\u00e5 med dem, der boede langt fra en \u2013 i andre byer, andre lande, og p\u00e5 steder, der l\u00f8d helt fremmede for en.<\/p>\n<p style=\"font-weight: 400;\">Det skete s\u00e5ledes i de dage, hvor et fintmasket net af samtaler havde v\u00e6vet verden sammen til et k\u00e6mpestort broderi. En pige i nord, talte med en dreng i syd. En mand i vest spurgte ind til, hvordan det gik med en kvinde i \u00f8st. Tilsammen udgjorde de mange samtaler det st\u00f8rste f\u00e6llesskab verden nogensinde havde set. Man chattede, skypede, twittede, snappede og skrev ved sj\u00e6ldne lejligheder ogs\u00e5 et brev.<\/p>\n<p style=\"font-weight: 400;\">Stemmer, der aldrig f\u00f8r var kommet til orde, fik nu pludselig taletid. En pakistansk pige fortalte om hendes kamp for retten til uddannelse, en amerikansk pige fortalte om hendes kamp for v\u00e5benkontrol, en svensk pige, fortalte om hendes kamp for den bl\u00e5 planet. Ja, bare det. Tre unge kvinder blev st\u00e6rke stemmer i en verden, der ikke havde v\u00e6ret vant til det.<\/p>\n<p style=\"font-weight: 400;\">Og ikke bare de tre. Enhver havde mulighed for at byde ind med, hvad der l\u00e5 en p\u00e5 hjerte, hvad det var man troede p\u00e5 og h\u00e5bede p\u00e5. Hvad man var bange for, og hvad der kunne give en modet tilbage, hvis man havde tabt det for en tid.<\/p>\n<p style=\"font-weight: 400;\">S\u00e5dan var der blevet mindre afstand mellem centrum og periferi. Og s\u00e5dan fik de en viden som aldrig f\u00f8r. Aldrig havde de vidst s\u00e5 meget om hinandens liv. Og aldrig f\u00f8r havde det v\u00e6ret s\u00e5 tydeligt, at deres dr\u00f8mme var ens. De dr\u00f8mte alle om det gode liv.<\/p>\n<p style=\"font-weight: 400;\">Og da var det s\u00e5, at det skete. Der skete det, at der t\u00e6ndtes et lys. Det lyste p\u00e5 en stald, m\u00e5ske som et tegn p\u00e5, at b\u00f8rnene ikke var langt fra sandheden, n\u00e5r de s\u00e5 noget underfuldt, selv i helt almindelige ting.<\/p>\n<p style=\"font-weight: 400;\">Det var tilv\u00e6relsens skjulte hemmelighed, som stjernen lyste p\u00e5. Indimellem var der godt nok nogen, der sagde, at de havde gennemskuet alt. Men sagen var, at det var der ingen, der havde og ingen der kunne. Ikke til fulde i hvert fald. For der var netop tale om en hemmelighed. Noget de ikke kunne f\u00e5 magt over. Men som netop derfor ogs\u00e5 kunne virke med desto st\u00f8rre styrke ind i deres liv.<\/p>\n<p style=\"font-weight: 400;\">S\u00e5ledes skete det, at budskabet igen n\u00e5ede dem. Budskabet om at k\u00e6rligheden var f\u00f8dt, og h\u00e5bet var levende.<\/p>\n<p style=\"font-weight: 400;\">Hvordan ville verden have set ud, hvis barnet aldrig var blevet f\u00f8dt i verdens f\u00f8rste julenat? Ville de da have vidst det, de vidste nu om barmhjertighed og medmenneskelighed? Ville de have haft de dr\u00f8mme som bandt dem sammen fra nord til syd, fra \u00f8st til vest? Ville de have opdaget, at jorden er dejlig, og derfor ogs\u00e5 v\u00e6rd at bevare gr\u00f8n og beboelig?<\/p>\n<p style=\"font-weight: 400;\">Det er der ingen, der ved. For det skete jo. Gud blev f\u00f8dt. For altid var der nu dette lysende centrum i verden, der p\u00e5 en gang afsl\u00f8rede og opbyggede dem. Det afsl\u00f8rede alt det, de gjorde af \u00f8del\u00e6ggende ting. Afsl\u00f8rede n\u00e5r de hyldede en r\u00e5 magt, og var mere optaget af at sikre sig selv, end at arbejde for andres ve og vel. Og det afsl\u00f8rede, n\u00e5r det blev for sm\u00e5t, for indelukket og upoetisk.<\/p>\n<p style=\"font-weight: 400;\">Men samtidig pegede k\u00e6rlighedens centrum p\u00e5, at der var sk\u00f8nhed og gl\u00e6de til. Nej, de ville nok aldrig p\u00e5 den m\u00e5de f\u00e5 styr p\u00e5 deres liv. Men det var heller ikke meningen, beroligede k\u00e6rligheden dem. Lad jer hellere i stedet rive lidt med, sagde den. Elsk, vov, bed. S\u00f8g, k\u00e6mp, tro. Hj\u00e6lp, lyt, tal.<\/p>\n<p style=\"font-weight: 400;\">Frem og tilbage fra livets centrum vandrede de. Hvis det var m\u00f8rkt, ledte stjernen dem p\u00e5 vej. Br\u00f8d de ned i stedet for at bygge op, afsl\u00f8rede den sv\u00f8bte k\u00e6rlighed dem i det. For i stedet at kalde det bedste frem i dem.<\/p>\n<p style=\"font-weight: 400;\">Hvad ville der v\u00e6re sket, hvis det aldrig var blevet til verdens f\u00f8rste julenat? Hvad ville der v\u00e6re sket for deres samtaler, hvis de ikke havde f\u00e5et frihedens og fredens budskab som klangbund for dem? De ville aldrig f\u00e5 det at vide, for nu var det blevet jul igen.<\/p>\n<p style=\"font-weight: 400;\">Et guddommeligt nedslag havde fundet sted. I verdens centrum l\u00e5 et barn, og der str\u00e5lede lys ud fra det.<\/p>\n<p style=\"font-weight: 400;\">Og da skete det: Julens klokker begyndte at kime, og julelysene blev t\u00e6ndt. B\u00f8rnene r\u00e5bte \u201dderne\u201d og pegede p\u00e5 de tr\u00e6er, de havde plantet i deres hjem. Troens str\u00e6bebuer hv\u00e6lvede sig op over verden, og i det fjerne h\u00f8rtes baskende vinger og stemmer der sang. En digter med englegeh\u00f8r skrev noget af sangen ned. Den l\u00f8d:<\/p>\n<p style=\"font-weight: 400;\">Fred over jorden!<\/p>\n<p style=\"font-weight: 400;\">Menneske, fryd dig,<\/p>\n<p style=\"font-weight: 400;\">os er en evig frelser f\u00f8dt!<\/p>\n<p style=\"font-weight: 400;\">Amen.<\/p>\n<hr \/>\n<p style=\"font-weight: 400;\">Sognepr\u00e6st Christiane Gammeltoft-Hansen<\/p>\n<p style=\"font-weight: 400;\">DK-2000 Frederiksberg<\/p>\n<p style=\"font-weight: 400;\">E-mail: cgh(at)km.dk<\/p>\n","protected":false},"excerpt":{"rendered":"<p>Juleaften | 24.12.22 |\u00a0Esajas 9, 1-6a, Lukasevangeliet 2, 1-14 |\u00a0Af Christiane Gammeltoft Hansen | Salmer: 94 Det kimer nu til julefest 104 Et barn er f\u00f8dt i Betlehem 119 Julen har bragt velsignet bud 121 Dejlig er jorden Og det skete i de dage, hvor de vandrede rundt i m\u00f8rke. Det var m\u00f8rkt, n\u00e5r de [&hellip;]<\/p>\n","protected":false},"author":1,"featured_media":14222,"comment_status":"closed","ping_status":"closed","sticky":false,"template":"","format":"standard","meta":{"footnotes":""},"categories":[38,22,2,157,853,283,108,111,636,638,3,109],"tags":[],"beitragende":[],"predigtform":[],"predigtreihe":[],"bibelstelle":[],"class_list":["post-15350","post","type-post","status-publish","format-standard","has-post-thumbnail","hentry","category-lukas","category-jesaja","category-at","category-beitragende","category-bibel","category-christiane-gammeltoft-hansen","category-current","category-dansk","category-kapitel-02-chapter-02-lukas","category-kapitel-09-chapter-09-jesaja","category-nt","category-predigten"],"_links":{"self":[{"href":"https:\/\/www.theologie.uzh.ch\/apps\/gpi\/wp-json\/wp\/v2\/posts\/15350","targetHints":{"allow":["GET"]}}],"collection":[{"href":"https:\/\/www.theologie.uzh.ch\/apps\/gpi\/wp-json\/wp\/v2\/posts"}],"about":[{"href":"https:\/\/www.theologie.uzh.ch\/apps\/gpi\/wp-json\/wp\/v2\/types\/post"}],"author":[{"embeddable":true,"href":"https:\/\/www.theologie.uzh.ch\/apps\/gpi\/wp-json\/wp\/v2\/users\/1"}],"replies":[{"embeddable":true,"href":"https:\/\/www.theologie.uzh.ch\/apps\/gpi\/wp-json\/wp\/v2\/comments?post=15350"}],"version-history":[{"count":2,"href":"https:\/\/www.theologie.uzh.ch\/apps\/gpi\/wp-json\/wp\/v2\/posts\/15350\/revisions"}],"predecessor-version":[{"id":15352,"href":"https:\/\/www.theologie.uzh.ch\/apps\/gpi\/wp-json\/wp\/v2\/posts\/15350\/revisions\/15352"}],"wp:featuredmedia":[{"embeddable":true,"href":"https:\/\/www.theologie.uzh.ch\/apps\/gpi\/wp-json\/wp\/v2\/media\/14222"}],"wp:attachment":[{"href":"https:\/\/www.theologie.uzh.ch\/apps\/gpi\/wp-json\/wp\/v2\/media?parent=15350"}],"wp:term":[{"taxonomy":"category","embeddable":true,"href":"https:\/\/www.theologie.uzh.ch\/apps\/gpi\/wp-json\/wp\/v2\/categories?post=15350"},{"taxonomy":"post_tag","embeddable":true,"href":"https:\/\/www.theologie.uzh.ch\/apps\/gpi\/wp-json\/wp\/v2\/tags?post=15350"},{"taxonomy":"beitragende","embeddable":true,"href":"https:\/\/www.theologie.uzh.ch\/apps\/gpi\/wp-json\/wp\/v2\/beitragende?post=15350"},{"taxonomy":"predigtform","embeddable":true,"href":"https:\/\/www.theologie.uzh.ch\/apps\/gpi\/wp-json\/wp\/v2\/predigtform?post=15350"},{"taxonomy":"predigtreihe","embeddable":true,"href":"https:\/\/www.theologie.uzh.ch\/apps\/gpi\/wp-json\/wp\/v2\/predigtreihe?post=15350"},{"taxonomy":"bibelstelle","embeddable":true,"href":"https:\/\/www.theologie.uzh.ch\/apps\/gpi\/wp-json\/wp\/v2\/bibelstelle?post=15350"}],"curies":[{"name":"wp","href":"https:\/\/api.w.org\/{rel}","templated":true}]}}