{"id":15386,"date":"2022-12-20T07:41:04","date_gmt":"2022-12-20T06:41:04","guid":{"rendered":"https:\/\/theologie.whp.uzh.ch\/apps\/gpi\/?p=15386"},"modified":"2022-12-20T07:50:00","modified_gmt":"2022-12-20T06:50:00","slug":"isaias-9-2-7","status":"publish","type":"post","link":"https:\/\/www.theologie.uzh.ch\/apps\/gpi\/isaias-9-2-7\/","title":{"rendered":"Isa\u00edas 9.2-7"},"content":{"rendered":"<h3 style=\"font-weight: 400;\">PR\u00c9DICA PARA O DIA DE NATAL | 25 DE DEZEMBTRO DE 2022 | Texto b\u00edblico: Isa\u00edas 9.2-7 | Kurt Rieck |<\/h3>\n<p style=\"font-weight: 400;\"><strong>Santificado seja o teu nome<\/strong><\/p>\n<p style=\"font-weight: 400;\">\u00a0Estimada Comunidade!<\/p>\n<p style=\"font-weight: 400;\">\u201cQue a gra\u00e7a e a paz de Deus, nosso Pai, e do Senhor Jesus Cristo estejam com todos voc\u00eas.\u201d<\/p>\n<p style=\"font-weight: 400;\">\u00a0\u00a0\u00a0\u00a0\u00a0\u00a0\u00a0\u00a0\u00a0\u00a0\u00a0\u00a0\u00a0\u00a0\u00a0 Hoje \u00e9 dia de contempla\u00e7\u00e3o, de adora\u00e7\u00e3o, onde a nossa alma enaltece o que h\u00e1 de mais rico e precioso na vida crist\u00e3: Jesus Cristo, Deus feito gente, demonstrando por inteiro o seu amor pela humanidade.<\/p>\n<p style=\"font-weight: 400;\">\u00a0\u00a0\u00a0\u00a0\u00a0\u00a0\u00a0\u00a0\u00a0\u00a0\u00a0\u00a0\u00a0\u00a0\u00a0 Em Jesus foi concretizado esse an\u00fancio do profeta Isa\u00edas escrito por volta de 740 a 700 anos antes de Cristo.<\/p>\n<p style=\"font-weight: 400;\">\u00a0\u00a0\u00a0\u00a0\u00a0\u00a0\u00a0\u00a0\u00a0\u00a0\u00a0\u00a0\u00a0\u00a0\u00a0 Na condi\u00e7\u00e3o humana, as trevas existem e se acentuam sempre que a humanidade se deixa entorpecer pela gan\u00e2ncia, injusti\u00e7a, aus\u00eancia de amor, radicalismos, guerras, drogas, destrui\u00e7\u00e3o da fam\u00edlia, jogos de poder, aus\u00eancia de Deus.<\/p>\n<p style=\"font-weight: 400;\">\u00a0\u00a0\u00a0\u00a0\u00a0\u00a0\u00a0\u00a0\u00a0\u00a0\u00a0\u00a0\u00a0\u00a0\u00a0 No dia de hoje lembramos do contraponto das trevas, que \u00e9 a luz. Hoje comemoramos que a luz de Cristo brilha e que essa luz ningu\u00e9m poder\u00e1 apagar. Ela existe e est\u00e1 no meio de n\u00f3s para ser vista e servir de orienta\u00e7\u00e3o.<\/p>\n<p style=\"font-weight: 400;\">\u00a0\u00a0\u00a0\u00a0\u00a0\u00a0\u00a0\u00a0\u00a0\u00a0\u00a0\u00a0\u00a0\u00a0\u00a0 Hoje \u00e9 dia de santificar o nome de Deus que se fez carne na pessoa de Jesus Cristo. Ele \u00e9 o Messias. Ele \u00e9 aquele que chamamos de nosso Senhor. Isa\u00edas afirma que \u201cum menino nos nasceu, um filho se nos deu. O governo est\u00e1 sobre os seus ombros, o seu nome ser\u00e1: \u201d (v.6)<\/p>\n<p style=\"font-weight: 400;\">\u00a0\u00a0\u00a0\u00a0\u00a0\u00a0\u00a0\u00a0\u00a0\u00a0\u00a0\u00a0\u00a0\u00a0\u00a0 \u00a0<strong>Maravilhoso Conselheiro<\/strong>. O ser humano carece de conselhos. M\u00e3e e pai s\u00e3o os primeiros conselheiros. Buscamos para os filhos a melhor educa\u00e7\u00e3o, pois sabemos que ela muito lhes influenciar\u00e1. Toda uma gera\u00e7\u00e3o ser\u00e1 influenciada pelo esp\u00edrito da sua \u00e9poca (Zeitgeist). O papel de influenciador que a Igreja exerce, lamentavelmente est\u00e1 sendo substitu\u00eddo por influenciadores digitais (digital influencers) que interferem no comportamento e nas decis\u00f5es de seus seguidores. Quem est\u00e1 aconselhando a nossa gera\u00e7\u00e3o?<\/p>\n<p style=\"font-weight: 400;\">\u00a0\u00a0\u00a0\u00a0\u00a0\u00a0\u00a0\u00a0\u00a0\u00a0\u00a0\u00a0\u00a0\u00a0\u00a0 Jesus \u00e9 o nosso Maravilhoso Conselheiro. Seguir a Cristo \u00e9 seguir as orienta\u00e7\u00f5es que Ele deu aos seus disc\u00edpulos e disc\u00edpulas. Quanto mais permitirmos que as boas novas por Ele vividas e anunciadas nos influenciarem, tanto mais andaremos numa luz inconfund\u00edvel. Todos os conselhos de Jesus visam o bem da humanidade. Na fragilidade humana as trevas sempre voltam \u00e0 tona, mas a luz n\u00e3o se deixa apagar. Trevas s\u00e3o trevas. Luz \u00e9 luz. Trata-se de uma l\u00f3gica que faz parte da cria\u00e7\u00e3o. \u00c9 para o nosso bem que Cristo veio nos orientar. Permita Jesus ser o seu influenciador! Santificado seja o teu nome!<\/p>\n<p style=\"font-weight: 400;\">\u00a0\u00a0\u00a0\u00a0\u00a0\u00a0\u00a0\u00a0\u00a0\u00a0\u00a0\u00a0\u00a0\u00a0\u00a0 <strong>Deus Forte<\/strong>. Olhamos para os que exercem poder no mundo. Lendo a respeito de guerras ocorridas no Antigo Testamento, capitaneadas, entre outros tantos, por Davi e Salom\u00e3o, constatamos que seus governos tiveram in\u00edcio com humildade e devo\u00e7\u00e3o a Deus. O poder humano lhes subiu \u00e0 cabe\u00e7a e gostaram da ostenta\u00e7\u00e3o que a sua capacidade de governar lhes concedeu. Pal\u00e1cios, promiscuidade e riquezas lhes dominaram. Assim seus governos foram \u00e0 ru\u00edna.<\/p>\n<p style=\"font-weight: 400;\">\u00a0\u00a0\u00a0\u00a0\u00a0\u00a0\u00a0\u00a0\u00a0\u00a0\u00a0\u00a0\u00a0\u00a0\u00a0 Jesus \u00e9 o Deus Forte. \u00a0A f\u00e9 crist\u00e3 se mostra de forma contr\u00e1ria ao que o ser humano constr\u00f3i. Pensavam que Jesus faria o mesmo, mobilizando o povo para correr com os romanos. Ele optou por um outro caminho. Vi templos \u201ccrist\u00e3os\u201d cobertos de ouro. N\u00e3o \u00e9 esse o Deus da manjedoura. O Deus Forte feito gente tomou o caminho contr\u00e1rio das lideran\u00e7as que se deixam mover pelo instinto do poder econ\u00f4mico e b\u00e9lico. O poder de Jesus \u00e9 o poder do Esp\u00edrito Santo. O nome por si s\u00f3 diz tudo: ele \u00e9 santo. A santidade est\u00e1 no valor das coisas simples. O seu poder se mostra no servir e n\u00e3o no ser servido. Santificado seja o teu nome!<\/p>\n<p style=\"font-weight: 400;\">\u00a0\u00a0\u00a0\u00a0\u00a0\u00a0\u00a0\u00a0\u00a0\u00a0\u00a0\u00a0\u00a0\u00a0\u00a0 <strong>Pai da Eternidade<\/strong>. Precisamos compreender dois termos: transcendente e imanente. Imanente \u00e9 aquilo \u201cque permanece no \u00e2mbito da experi\u00eancia poss\u00edvel, agindo na capta\u00e7\u00e3o da realidade atrav\u00e9s dos sentidos\u201d. Quando limitamos Deus ao nosso mundo, \u00e0 nossa exist\u00eancia, apequenamos Deus. Deus extrapola o nosso imanente. Em contraponto surge a palavra transcendente que expressa aquilo que \u201cexcede os limites normais, transcende a natureza f\u00edsica das coisas\u201d (Oxford Languages). Deus em muito transcende a nossa capacidade de pensar. Em 1990 foi lan\u00e7ado o Telesc\u00f3pio Espacial Hubble, nos trazendo dimens\u00f5es imensur\u00e1veis do universo. O universo \u00e9 muito maior do que podemos imaginar. Cremos que o Pai da Eternidade \u00e9 uma intelig\u00eancia criadora inesgot\u00e1vel. Em suas m\u00e3os se encontra a l\u00f3gica de tudo. O eterno n\u00e3o est\u00e1 limitado ao nosso rel\u00f3gio. Ele gira em torno de uma grandeza maior. Ele existe fora do tempo, sem in\u00edcio ou fim.<\/p>\n<p style=\"font-weight: 400;\">\u00a0\u00a0\u00a0\u00a0\u00a0\u00a0\u00a0\u00a0\u00a0\u00a0\u00a0\u00a0\u00a0\u00a0\u00a0 Jesus \u00e9 o Pai Eterno feito gente. Vamos comparar os seres humanos a uma formiga. E imaginemos que Deus seja um ser humano. Vejam a diferen\u00e7a do tamanho do c\u00e9rebro de um e de outro. As formigas n\u00e3o t\u00eam a menor condi\u00e7\u00e3o de entender um c\u00e9rebro humano. Da mesma forma, o ser humano n\u00e3o tem condi\u00e7\u00f5es de entender a intelig\u00eancia de Deus. Podemos fazer uma analogia com o que aconteceu no Natal. O Pai Eterno se coloca na condi\u00e7\u00e3o humana com o prop\u00f3sito de se fazer entender. O transcendente se faz imanente para que possa ser compreendido. Sendo Deus muito mais do que podemos imaginar, n\u00e3o h\u00e1 d\u00favidas de que Ele tem poder para que uma jovem, de nome Maria, pudesse conceber sem ter tido um ato sexual. Nasceu o Emanuel, Deus conosco, que viveu, foi crucificado e ressuscitou, mostrando que h\u00e1 algo al\u00e9m da morte: a vida eterna. Santificado seja o teu nome!<\/p>\n<p style=\"font-weight: 400;\">\u00a0\u00a0\u00a0\u00a0\u00a0\u00a0\u00a0\u00a0\u00a0\u00a0\u00a0\u00a0\u00a0\u00a0\u00a0 <strong>Pr\u00edncipe da Paz.<\/strong> Pr\u00edncipe \u00e9 o filho do rei. A fonte geradora da paz \u00e9 a obra divina de reconciliar, miss\u00e3o essa concedida ao filho do rei. O perd\u00e3o dado por Deus, gera perd\u00e3o. D\u00e1-se um novo curso na vida. A reconcilia\u00e7\u00e3o acontece em tr\u00eas \u00e2mbitos. Deus nos estende a m\u00e3o dando seu perd\u00e3o, o que permite que tenhamos paz com Ele. N\u00f3s nos reconciliamos conosco, com a nossa hist\u00f3ria, com a nossa pessoa. N\u00f3s nos reconciliamos com o nosso pr\u00f3ximo. Esse ensinamento est\u00e1 expresso por Jesus no duplo mandamento do amor, que se encontra em Mateus 22.34 a 40, onde se resume todos os demais mandamentos dados por Deus.<\/p>\n<p style=\"font-weight: 400;\">\u00a0\u00a0\u00a0\u00a0\u00a0\u00a0\u00a0\u00a0\u00a0\u00a0\u00a0\u00a0\u00a0\u00a0\u00a0 Jesus \u00e9 o Pr\u00edncipe da Paz. No Natal cria-se uma atmosfera em busca de paz. A paz com Deus. A paz consigo mesmo. A paz na fam\u00edlia. A paz na sociedade. A f\u00f3rmula para que isso aconte\u00e7a est\u00e1 no amor incondicional revelado por Deus em Jesus Cristo. Santificado seja o teu nome!<\/p>\n<p style=\"font-weight: 400;\">\u00a0\u00a0\u00a0\u00a0\u00a0\u00a0\u00a0\u00a0\u00a0\u00a0\u00a0\u00a0\u00a0\u00a0\u00a0 Assim se d\u00e1 o Reino de Deus. Surge um governo que rege as pessoas, o qual n\u00e3o se limita a uma etnia, nem a um espa\u00e7o geogr\u00e1fico, nem a uma tend\u00eancia pol\u00edtica, seja de direita, de esquerda ou de centro. Esse governo age nas pessoas e forma uma comunidade, uma sociedade, um povo que se identifica com seus princ\u00edpios e que re\u00fane todos os que confessam a Trindade. Esse reino seguir\u00e1 estabelecido e firmado com ju\u00edzo e justi\u00e7a. Lemos no Catecismo Maior que o Reino de Deus \u201coutra coisa n\u00e3o \u00e9 sen\u00e3o &#8230; que Deus enviou ao mundo a Cristo, seu Filho, nosso Senhor, para que nos redimisse e libertasse do poder do diabo e nos levasse a ele e nos governasse como rei da justi\u00e7a, da vida e da bem-aventuran\u00e7a, contra o pecado, a morte e m\u00e1 consci\u00eancia\u201d.<\/p>\n<p style=\"font-weight: 400;\">\u00a0\u00a0\u00a0\u00a0\u00a0\u00a0\u00a0\u00a0\u00a0\u00a0\u00a0\u00a0\u00a0\u00a0\u00a0Santificado seja o teu nome! Isso se sucede, conforme escrito no Catecismo Menor, \u201cquando a palavra de Deus \u00e9 ensinada genu\u00edna e puramente, e n\u00f3s, como filhos de Deus, tamb\u00e9m vivemos uma vida santa, em conformidade com ela; para isso nos ajuda, querido Pai do c\u00e9u. \u201d<\/p>\n<p style=\"font-weight: 400;\">\u00a0\u00a0\u00a0\u00a0\u00a0\u00a0\u00a0\u00a0\u00a0\u00a0\u00a0 Que o Pr\u00edncipe da Paz lhes conceda um feliz e aben\u00e7oado Natal.<\/p>\n<p style=\"font-weight: 400;\">\u00a0\u00a0\u00a0\u00a0\u00a0\u00a0\u00a0\u00a0\u00a0\u00a0\u00a0\u00a0\u00a0\u00a0\u00a0 Am\u00e9m.<\/p>\n<hr \/>\n<p style=\"font-weight: 400;\">P.em. Kurt Rieck<\/p>\n<p style=\"font-weight: 400;\">Porto Alegre \u2013 Rio Grande do Sul (Brasilien)<\/p>\n<p style=\"font-weight: 400;\"><a href=\"mailto:kurtrieck@gmail.com\">kurtrieck@gmail.com<\/a><\/p>\n","protected":false},"excerpt":{"rendered":"<p>PR\u00c9DICA PARA O DIA DE NATAL | 25 DE DEZEMBTRO DE 2022 | Texto b\u00edblico: Isa\u00edas 9.2-7 | Kurt Rieck | Santificado seja o teu nome \u00a0Estimada Comunidade! \u201cQue a gra\u00e7a e a paz de Deus, nosso Pai, e do Senhor Jesus Cristo estejam com todos voc\u00eas.\u201d \u00a0\u00a0\u00a0\u00a0\u00a0\u00a0\u00a0\u00a0\u00a0\u00a0\u00a0\u00a0\u00a0\u00a0\u00a0 Hoje \u00e9 dia de contempla\u00e7\u00e3o, de adora\u00e7\u00e3o, [&hellip;]<\/p>\n","protected":false},"author":1,"featured_media":13050,"comment_status":"closed","ping_status":"closed","sticky":false,"template":"","format":"standard","meta":{"footnotes":""},"categories":[22,2,157,853,108,638,768,112,109],"tags":[],"beitragende":[],"predigtform":[],"predigtreihe":[],"bibelstelle":[],"class_list":["post-15386","post","type-post","status-publish","format-standard","has-post-thumbnail","hentry","category-jesaja","category-at","category-beitragende","category-bibel","category-current","category-kapitel-09-chapter-09-jesaja","category-kurt-rieck","category-port","category-predigten"],"_links":{"self":[{"href":"https:\/\/www.theologie.uzh.ch\/apps\/gpi\/wp-json\/wp\/v2\/posts\/15386","targetHints":{"allow":["GET"]}}],"collection":[{"href":"https:\/\/www.theologie.uzh.ch\/apps\/gpi\/wp-json\/wp\/v2\/posts"}],"about":[{"href":"https:\/\/www.theologie.uzh.ch\/apps\/gpi\/wp-json\/wp\/v2\/types\/post"}],"author":[{"embeddable":true,"href":"https:\/\/www.theologie.uzh.ch\/apps\/gpi\/wp-json\/wp\/v2\/users\/1"}],"replies":[{"embeddable":true,"href":"https:\/\/www.theologie.uzh.ch\/apps\/gpi\/wp-json\/wp\/v2\/comments?post=15386"}],"version-history":[{"count":1,"href":"https:\/\/www.theologie.uzh.ch\/apps\/gpi\/wp-json\/wp\/v2\/posts\/15386\/revisions"}],"predecessor-version":[{"id":15387,"href":"https:\/\/www.theologie.uzh.ch\/apps\/gpi\/wp-json\/wp\/v2\/posts\/15386\/revisions\/15387"}],"wp:featuredmedia":[{"embeddable":true,"href":"https:\/\/www.theologie.uzh.ch\/apps\/gpi\/wp-json\/wp\/v2\/media\/13050"}],"wp:attachment":[{"href":"https:\/\/www.theologie.uzh.ch\/apps\/gpi\/wp-json\/wp\/v2\/media?parent=15386"}],"wp:term":[{"taxonomy":"category","embeddable":true,"href":"https:\/\/www.theologie.uzh.ch\/apps\/gpi\/wp-json\/wp\/v2\/categories?post=15386"},{"taxonomy":"post_tag","embeddable":true,"href":"https:\/\/www.theologie.uzh.ch\/apps\/gpi\/wp-json\/wp\/v2\/tags?post=15386"},{"taxonomy":"beitragende","embeddable":true,"href":"https:\/\/www.theologie.uzh.ch\/apps\/gpi\/wp-json\/wp\/v2\/beitragende?post=15386"},{"taxonomy":"predigtform","embeddable":true,"href":"https:\/\/www.theologie.uzh.ch\/apps\/gpi\/wp-json\/wp\/v2\/predigtform?post=15386"},{"taxonomy":"predigtreihe","embeddable":true,"href":"https:\/\/www.theologie.uzh.ch\/apps\/gpi\/wp-json\/wp\/v2\/predigtreihe?post=15386"},{"taxonomy":"bibelstelle","embeddable":true,"href":"https:\/\/www.theologie.uzh.ch\/apps\/gpi\/wp-json\/wp\/v2\/bibelstelle?post=15386"}],"curies":[{"name":"wp","href":"https:\/\/api.w.org\/{rel}","templated":true}]}}