{"id":16980,"date":"2023-02-15T17:01:54","date_gmt":"2023-02-15T16:01:54","guid":{"rendered":"https:\/\/theologie.whp.uzh.ch\/apps\/gpi\/?p=16980"},"modified":"2023-03-12T13:27:29","modified_gmt":"2023-03-12T12:27:29","slug":"matthaeus-73-4","status":"publish","type":"post","link":"https:\/\/www.theologie.uzh.ch\/apps\/gpi\/matthaeus-73-4\/","title":{"rendered":"Matth\u00e4us 7,3-4"},"content":{"rendered":"<p style=\"font-weight: 400;\">Von Schneidern und Maurermeistern | Faschingssonntag (Sonntag Estomihi) | 19.02.2022 | Gen 11, 1-1 und Mt 7, 3-4 | Uland Spahlinger |<\/p>\n<p style=\"font-weight: 400;\">Gr\u00fcezi und Servus, liebe Leute,<\/p>\n<p style=\"font-weight: 400;\">auch gerne moin oder hallo,<\/p>\n<p style=\"font-weight: 400;\">oder auch \u201eguten Morgen heute\u201c &#8211;<\/p>\n<p style=\"font-weight: 400;\">und Gott zum Gru\u00dfe sowieso!<\/p>\n<p style=\"font-weight: 400;\">Ja, es ist wieder Zeit zum Reimen,<\/p>\n<p style=\"font-weight: 400;\">die Welt, sie rast irrsinnig schnell.<\/p>\n<p style=\"font-weight: 400;\">Drum ha\u2019m wir keine Zeit zum Schleimen,<\/p>\n<p style=\"font-weight: 400;\">wir machen es wie Wilhelm Tell,<\/p>\n<p style=\"font-weight: 400;\">der anlegt\u2018, schoss, den Apfel traf,<\/p>\n<p style=\"font-weight: 400;\">und meinte eigentlich den Graf \u2013<\/p>\n<p style=\"font-weight: 400;\">den Landvogt Gessler, der \u2013 sonderbar \u2013<\/p>\n<p style=\"font-weight: 400;\">auch damals schon ein Diktator war.<\/p>\n<p style=\"font-weight: 400;\">Zum Vorbild nehmen wir den Telle,<\/p>\n<p style=\"font-weight: 400;\">der mit der Armbrust ziemlich helle<\/p>\n<p style=\"font-weight: 400;\">dem \u00c4pfelchen ein Loch verpasst,<\/p>\n<p style=\"font-weight: 400;\">das auf des Sohnes K\u00f6pfchen last\u2018.<\/p>\n<p style=\"font-weight: 400;\">Was ihm der Pfeil, ist mir der Reim,<\/p>\n<p style=\"font-weight: 400;\">ja, so in etwa k\u00f6nnt es sein.<\/p>\n<p style=\"font-weight: 400;\">Drum, liebe Frau und guter Mann,<\/p>\n<p style=\"font-weight: 400;\">genug geschw\u00e4tzt \u2013 wir fangen an.<\/p>\n<p style=\"font-weight: 400;\">Beginnen tun wir heute, liebes Kind,<\/p>\n<p style=\"font-weight: 400;\">mit einem M\u00e4rchen von den Br\u00fcdern Grind, &#8211; \u00e4h: Grimm<a href=\"applewebdata:\/\/FE4D6259-AECD-451D-B1D1-BF54855165E3#_ftn1\" name=\"_ftnref1\">[1]<\/a>.<\/p>\n<p style=\"font-weight: 400;\">Ein Schneiderlein, so wird erz\u00e4hlt,<\/p>\n<p style=\"font-weight: 400;\">als seine Tage war\u2019n gez\u00e4hlt,<\/p>\n<p style=\"font-weight: 400;\">klopft vorsichtig bei Petrus an,<\/p>\n<p style=\"font-weight: 400;\">ob er wohl in den Himmel kann<\/p>\n<p style=\"font-weight: 400;\">und leben dort in Saus und Braus.<\/p>\n<p style=\"font-weight: 400;\">Der Petrus schaut zur T\u00fcr heraus:<\/p>\n<p style=\"font-weight: 400;\">\u201eDer liebe Gott ist nicht zu Haus,<\/p>\n<p style=\"font-weight: 400;\">und du sieht nicht ganz sauber aus,<\/p>\n<p style=\"font-weight: 400;\">bist ganz bestimmt ein Galgenstrick,<\/p>\n<p style=\"font-weight: 400;\">der seinen Kunden Stoff abzwickt.<\/p>\n<p style=\"font-weight: 400;\">Nee, nee, ich kann das nicht entscheiden,<\/p>\n<p style=\"font-weight: 400;\">mein Freund, du musst noch drau\u00dfen bleiben,<\/p>\n<p style=\"font-weight: 400;\">bis denn der Chef nach Hause reitet<\/p>\n<p style=\"font-weight: 400;\">und deine Sache dann entscheidet.\u201c<\/p>\n<p style=\"font-weight: 400;\">Drum wird der Petrus so verehrt:<\/p>\n<p style=\"font-weight: 400;\">Als T\u00fcrh\u00fcter ist er bew\u00e4hrt.<\/p>\n<p style=\"font-weight: 400;\">Der Schneider aber ist nicht froh,<\/p>\n<p style=\"font-weight: 400;\">er jammert, zetert, heult und so,<\/p>\n<p style=\"font-weight: 400;\">macht Angebote ohne Ende,<\/p>\n<p style=\"font-weight: 400;\">wo \u00fcberall er helfen k\u00f6nnte.<\/p>\n<p style=\"font-weight: 400;\">Und redet unsern Petrus platt \u2013<\/p>\n<p style=\"font-weight: 400;\">Der arme Kerl ist bald schachmatt<\/p>\n<p style=\"font-weight: 400;\">Und l\u00e4sst mit Warnungen und Regeln<\/p>\n<p style=\"font-weight: 400;\">Den Schneider in den Himmel segeln.<\/p>\n<p style=\"font-weight: 400;\">\u201eAber dass klar ist \u2013 f\u00fcr alle F\u00e4lle,<\/p>\n<p style=\"font-weight: 400;\">du h\u00e4ltst dich still, sonst ab zur H\u00f6lle!\u201c<\/p>\n<p style=\"font-weight: 400;\">\u201eJa, ja, gewiss \u2013 und vielen Dank \u2013<\/p>\n<p style=\"font-weight: 400;\">ich setz mich hier auf diese Bank!\u201c<\/p>\n<p style=\"font-weight: 400;\">Ja denkste \u2013 kaum war Petrus abgezogen,<\/p>\n<p style=\"font-weight: 400;\">hat\u2019s Schneiderlein den langen Hals verbogen.<\/p>\n<p style=\"font-weight: 400;\">Die Neugier hat ihn v\u00f6llig \u00fcberwunden,<\/p>\n<p style=\"font-weight: 400;\">den Himmel wollt\u2018 er auf der Stell\u2018 erkunden.<\/p>\n<p style=\"font-weight: 400;\">So schlich er los, der d\u00fcrre Wicht,<\/p>\n<p style=\"font-weight: 400;\">Und bald schon kam ihm zu Gesicht<\/p>\n<p style=\"font-weight: 400;\">Der gro\u00dfe sch\u00f6ne Himmelssaal,<\/p>\n<p style=\"font-weight: 400;\">da standen Sessel ohne Zahl<\/p>\n<p style=\"font-weight: 400;\">und einer war \u2013 Ihr ahnt es schon<\/p>\n<p style=\"font-weight: 400;\">dem lieben Gott sein K\u00f6nigsthron.<\/p>\n<p style=\"font-weight: 400;\">Und auch das n\u00e4chste ist nicht schwer zu raten,<\/p>\n<p style=\"font-weight: 400;\">der Schneider ist dabei nicht gut beraten<\/p>\n<p style=\"font-weight: 400;\">und rutscht mit seinem Popo schon<\/p>\n<p style=\"font-weight: 400;\">auf Gottes Weltenherrscherthron.<\/p>\n<p style=\"font-weight: 400;\">Dort sa\u00df er nicht nur sehr bequem,<\/p>\n<p style=\"font-weight: 400;\">er konnt\u2018 auch wirklich alles sehn,<\/p>\n<p style=\"font-weight: 400;\">was auf der Erde an Taten dabei,<\/p>\n<p style=\"font-weight: 400;\">das Gute und auch jede Schweinerei!<\/p>\n<p style=\"font-weight: 400;\">So sah er eine W\u00e4scherin,<\/p>\n<p style=\"font-weight: 400;\">tja, was die tat, war m\u00e4\u00dfig schlimm.<\/p>\n<p style=\"font-weight: 400;\">Mit List und auch mit sehr viel T\u00fccke<\/p>\n<p style=\"font-weight: 400;\">Klaute sie ein paar W\u00e4schest\u00fccke.<\/p>\n<p style=\"font-weight: 400;\">Der Scheider droben auf dem Thron<\/p>\n<p style=\"font-weight: 400;\">Geriet in Rage, ja, mein Sohn:<\/p>\n<p style=\"font-weight: 400;\">\u00a0\u201eJa Dreistigkeit \u2013 die klaut zumal<\/p>\n<p style=\"font-weight: 400;\">Den sch\u00f6nen wei\u00dfen Leinenschal!\u201c<\/p>\n<p style=\"font-weight: 400;\">Der Zorn, der hat ihn \u00fcbermannt<\/p>\n<p style=\"font-weight: 400;\">Die Allmacht raubt ihm den Verstand.<\/p>\n<p style=\"font-weight: 400;\">Und toll vor Wut greift er sich schon<\/p>\n<p style=\"font-weight: 400;\">Den Goldschemel vor Gottes Thron<\/p>\n<p style=\"font-weight: 400;\">Und schmei\u00dft ihn, ohne nachzudenken,<\/p>\n<p style=\"font-weight: 400;\">Der Diebin einen einzuschenken.<\/p>\n<p style=\"font-weight: 400;\">Ob er getroffen hat, wird nicht erz\u00e4hlt,<\/p>\n<p style=\"font-weight: 400;\">jedoch der Schemel \u2013 bl\u00f6de, gell \u2013 der fehlt.<\/p>\n<p style=\"font-weight: 400;\">Der kommt von selber nicht retour \u2013<\/p>\n<p style=\"font-weight: 400;\">Der Schneider denkt: Was mach ich nur?<\/p>\n<p style=\"font-weight: 400;\">Um die Geschichte kurz zu machen:<\/p>\n<p style=\"font-weight: 400;\">Gott kommt zur\u00fcck, der Schemel fehlt.<\/p>\n<p style=\"font-weight: 400;\">Petrus ahnt was von all den Sachen.<\/p>\n<p style=\"font-weight: 400;\">So wird der Schneider einbestellt.<\/p>\n<p style=\"font-weight: 400;\">Und der erz\u00e4hlt ganz heiter<\/p>\n<p style=\"font-weight: 400;\">Vom Unrecht und so weiter.<\/p>\n<p style=\"font-weight: 400;\">\u201eIch hab die Alte gleich bestraft,<\/p>\n<p style=\"font-weight: 400;\">wei\u00df nur nicht, ob ich sie auch traf.\u201c<\/p>\n<p style=\"font-weight: 400;\">\u201eSag mal, du Clown\u201c, sagt drauf der Herr,<\/p>\n<p style=\"font-weight: 400;\">\u201ebist du im Kopf denn v\u00f6llig leer?<\/p>\n<p style=\"font-weight: 400;\">Erstens: Hielt ich wie du Gericht,<\/p>\n<p style=\"font-weight: 400;\">was h\u00e4ttest du schon abgekriegt?<\/p>\n<p style=\"font-weight: 400;\">Und zweitens, gell, das stimmt doch, alter Peter,<\/p>\n<p style=\"font-weight: 400;\">T\u00e4t ich im Zorn nach jedem \u00dcbelt\u00e4ter<\/p>\n<p style=\"font-weight: 400;\">Mit M\u00f6beln schmei\u00dfen, ja dann w\u00e4r<\/p>\n<p style=\"font-weight: 400;\">Mein Himmel wohl bald restlos leer.<\/p>\n<p style=\"font-weight: 400;\">Drum lass das Richten meine Sorge sein.<\/p>\n<p style=\"font-weight: 400;\">Und dich, dich schick ich deshalb unterdrein<\/p>\n<p style=\"font-weight: 400;\">Zum Lernen und zum Denken ohne Eil\u2018<\/p>\n<p style=\"font-weight: 400;\">Ins h\u00fcbsche kleine \u00d6rtchen Wart-ein-Weil\u201c.<\/p>\n<p style=\"font-weight: 400;\">So weit das M\u00e4rchen der Gebr\u00fcder Grimm.<\/p>\n<p style=\"font-weight: 400;\">Es lehrt uns nicht nur ord\u2019ntlichen Benimm,<\/p>\n<p style=\"font-weight: 400;\">viel mehr k\u00f6nnen wir daran sehen,<\/p>\n<p style=\"font-weight: 400;\">wie es wahrscheinlich w\u00fcrd\u2019 zugehen,<\/p>\n<p style=\"font-weight: 400;\">wenn Menschen meinen: Wir habens drauf,<\/p>\n<p style=\"font-weight: 400;\">beherrschen wir doch den Weltenlauf,<\/p>\n<p style=\"font-weight: 400;\">k\u00f6nnen Probleme l\u00f6sen chic,<\/p>\n<p style=\"font-weight: 400;\">haben alle Details im Blick:<\/p>\n<p style=\"font-weight: 400;\">Ob Gletscher oder Wirbelsturm,<\/p>\n<p style=\"font-weight: 400;\">Atomkraft oder Borkenwurm.<\/p>\n<p style=\"font-weight: 400;\">Daheim die Heizung herunterdrehen,<\/p>\n<p style=\"font-weight: 400;\">am Highway nur auf 130 gehen?<\/p>\n<p style=\"font-weight: 400;\">Autobahn statt Eisenbahn \u2013<\/p>\n<p style=\"font-weight: 400;\">Bei uns regiert der Tempowahn.<\/p>\n<p style=\"font-weight: 400;\">Unterm Popo den Jaguar,<\/p>\n<p style=\"font-weight: 400;\">Zu jeder Zeit den Kaviar,<\/p>\n<p style=\"font-weight: 400;\">der Urlaubstrip nach Sansibar<\/p>\n<p style=\"font-weight: 400;\">und Erdbeeren im Januar!<\/p>\n<p style=\"font-weight: 400;\">Ob Kriegeslust, ob Co2,<\/p>\n<p style=\"font-weight: 400;\">im Grund ist alles einerlei.<\/p>\n<p style=\"font-weight: 400;\">Denn erster Ma\u00dfstab, liebe Leut,<\/p>\n<p style=\"font-weight: 400;\">ist doch wohl die Bequemlichkeit.<\/p>\n<p style=\"font-weight: 400;\">Ja, sagen sie, das sind so Sachen,<\/p>\n<p style=\"font-weight: 400;\">Die Politik, die soll das machen,<\/p>\n<p style=\"font-weight: 400;\">doch nur, wenn ICH nichts \u00e4ndern muss,<\/p>\n<p style=\"font-weight: 400;\">kommt\u2018s anders, ja dann gibt\u2019s Verdruss.<\/p>\n<p style=\"font-weight: 400;\">Dann werden sie zum Schneiderlein<\/p>\n<p style=\"font-weight: 400;\">Und schmei\u00dfen M\u00f6bel hinterdrein.<\/p>\n<p style=\"font-weight: 400;\">Geh\u2018n montags gern einmal spazieren<\/p>\n<p style=\"font-weight: 400;\">Tun ihren \u00c4rger publizieren<\/p>\n<p style=\"font-weight: 400;\">Im Internet. Da hau\u2019n sie drauf,<\/p>\n<p style=\"font-weight: 400;\">lassen der Wut dort freien Lauf.<\/p>\n<p style=\"font-weight: 400;\">Und behaupten vehement:<\/p>\n<p style=\"font-weight: 400;\">Schuld sind die anderen, bestemmt.<\/p>\n<p style=\"font-weight: 400;\">In Wirklichkeit, Erwachs\u2019ne, Kinder,<\/p>\n<p style=\"font-weight: 400;\">steht Schneiders Sehnsucht wohl dahinter:<\/p>\n<p style=\"font-weight: 400;\">Nicht streiten oder diskutieren,<\/p>\n<p style=\"font-weight: 400;\">befehlen lieber, dekretieren<\/p>\n<p style=\"font-weight: 400;\">woll\u2019n die, die immer unzufrieden jaulen<\/p>\n<p style=\"font-weight: 400;\">und wirklich \u00fcber alles, alles maulen:<\/p>\n<p style=\"font-weight: 400;\">Um Kompromiss und Ausgleich ringen<\/p>\n<p style=\"font-weight: 400;\">Das kann \u2013 so wei\u00df man doch \u2013 gelingen.<\/p>\n<p style=\"font-weight: 400;\">Doch das ist ihre Sache nicht<\/p>\n<p style=\"font-weight: 400;\">Sie setzen auf ihr Selbst-Gewicht.<\/p>\n<p style=\"font-weight: 400;\">Sie wissen, wie es gehen muss.<\/p>\n<p style=\"font-weight: 400;\">Punkt. Schluss!<\/p>\n<p style=\"font-weight: 400;\">Das hei\u00dft, in Wahrheit ist\u2019s ganz toll:<\/p>\n<p style=\"font-weight: 400;\">Sie wissen nur, was nicht sein soll.<\/p>\n<p style=\"font-weight: 400;\">Und doch spiel\u2019n sie in vollem Lauf<\/p>\n<p style=\"font-weight: 400;\">Sich so wie Kleine G\u00f6tter auf.<\/p>\n<p style=\"font-weight: 400;\">Die Bibel, dieses alte Buch,<\/p>\n<p style=\"font-weight: 400;\">kennt daf\u00fcr Beispiele genug.<\/p>\n<p style=\"font-weight: 400;\">Am meisten kann mich da begeistern<\/p>\n<p style=\"font-weight: 400;\">Die Story von den Maurermeistern.<\/p>\n<p style=\"font-weight: 400;\">In Babel war\u2019s, der hyperreichen Stadt,<\/p>\n<p style=\"font-weight: 400;\">die eine Unmenge Ressourcen hatt\u2018.<\/p>\n<p style=\"font-weight: 400;\">Da fiel man vor Gott nicht mehr auf die Knie,<\/p>\n<p style=\"font-weight: 400;\">man \u00fcbte stattdessen Gigantomanie:<\/p>\n<p style=\"font-weight: 400;\">\u201eKommt, lasst uns bauen einen Turm,<\/p>\n<p style=\"font-weight: 400;\">gleich \u00fcber Wolken, Wind und Sturm,<\/p>\n<p style=\"font-weight: 400;\">dann wollen wir es doch mal seh\u2018n<\/p>\n<p style=\"font-weight: 400;\">und droben Gott besuchen geh\u2019n.\u201c<\/p>\n<p style=\"font-weight: 400;\">Und vielleicht \u2013 dachten sie geheim \u2013<\/p>\n<p style=\"font-weight: 400;\">Wird unser Platz dort droben sein.<\/p>\n<p style=\"font-weight: 400;\">Das Unheil nahm dann seinen Lauf.<\/p>\n<p style=\"font-weight: 400;\">Die Stadt rollte die \u00c4rmel auf,<\/p>\n<p style=\"font-weight: 400;\">\u2018nen monstergro\u00dfen Turm, den baut se<\/p>\n<p style=\"font-weight: 400;\">Und fiel dann m\u00e4chtig auf die Schnauze.<\/p>\n<p style=\"font-weight: 400;\">Bei Gott sind sie nie angekommen,<\/p>\n<p style=\"font-weight: 400;\">der Bau wurd\u2018 auch nicht abgenommen<\/p>\n<p style=\"font-weight: 400;\">vom Sicherheitsbeauftragten.<\/p>\n<p style=\"font-weight: 400;\">Und dann kann es nur niedergehn.<\/p>\n<p style=\"font-weight: 400;\">Die Katastroph\u2018 war keine kleine,<\/p>\n<p style=\"font-weight: 400;\">\u00fcbrig blieb nur ein Haufen Steine.<a href=\"applewebdata:\/\/FE4D6259-AECD-451D-B1D1-BF54855165E3#_ftn2\" name=\"_ftnref2\">[2]<\/a><\/p>\n<p style=\"font-weight: 400;\">So ist das selbst bei gr\u00f6\u00dfter Macht:<\/p>\n<p style=\"font-weight: 400;\">Was Menschenk\u00f6pfe sich erdacht,<\/p>\n<p style=\"font-weight: 400;\">ist niemals f\u00fcr die Ewigkeit,<\/p>\n<p style=\"font-weight: 400;\">es nagt daran der Zahn der Zeit.<\/p>\n<p style=\"font-weight: 400;\">Das ist so \u2013 wei\u00df doch jedes Kind -,<\/p>\n<p style=\"font-weight: 400;\">weil wir halt keine G\u00f6tter sind,<\/p>\n<p style=\"font-weight: 400;\">sondern nur Menschen, eloquent,<\/p>\n<p style=\"font-weight: 400;\">aber nicht sonderlich potent.<\/p>\n<p style=\"font-weight: 400;\">Wir herrschen nicht in Ewigkeit,<\/p>\n<p style=\"font-weight: 400;\">nee, nee \u2013 wir wurschteln in der Zeit.<\/p>\n<p style=\"font-weight: 400;\">Und unsre Zeit ist immer JETZT:<\/p>\n<p style=\"font-weight: 400;\">Die Regel, die wird oft verletzt.<\/p>\n<p style=\"font-weight: 400;\">Wir haben n\u00e4mlich einen Hang,<\/p>\n<p style=\"font-weight: 400;\">Um nicht zu sagen einen Drang,<\/p>\n<p style=\"font-weight: 400;\">uns nicht im \u201eHeute\u201c aufzuhalten,<\/p>\n<p style=\"font-weight: 400;\">sondern das \u201eGestern\u201c zu verwalten.<\/p>\n<p style=\"font-weight: 400;\">Doch wehe, wenn dann welche kommen<\/p>\n<p style=\"font-weight: 400;\">Und wollen, was wir angenommen<\/p>\n<p style=\"font-weight: 400;\">als g\u00fcltig, fest und unumst\u00f6\u00dflich,<\/p>\n<p style=\"font-weight: 400;\">eherne Regel, unaufl\u00f6slich,<\/p>\n<p style=\"font-weight: 400;\">in Frage stellen, kritisieren \u2013<\/p>\n<p style=\"font-weight: 400;\">dann aber bebt\u2019s in den Scharnieren:<\/p>\n<p style=\"font-weight: 400;\">dann k\u00f6nnen wir gegen die Erben<\/p>\n<p style=\"font-weight: 400;\">so was von ungem\u00fctlich werden.<\/p>\n<p style=\"font-weight: 400;\">Es ist inzwischen kaum mehr bestritten,<\/p>\n<p style=\"font-weight: 400;\">das Klima ist uns ziemlich entglitten.<\/p>\n<p style=\"font-weight: 400;\">Wir haben es schlicht \u00fcbertrieben<\/p>\n<p style=\"font-weight: 400;\">Mit unsrem Wohlstand und Konsum.<\/p>\n<p style=\"font-weight: 400;\">Das einzige, das uns geblieben,<\/p>\n<p style=\"font-weight: 400;\">ist breites Ignorantentum.<\/p>\n<p style=\"font-weight: 400;\">Wir Alten werden\u2019s nicht erleben,<\/p>\n<p style=\"font-weight: 400;\">aber unsere Jungen eben.<\/p>\n<p style=\"font-weight: 400;\">Und vielen von denen wird es zu dumm \u2013<\/p>\n<p style=\"font-weight: 400;\">Es geht so ne Torschlusspanik um:<\/p>\n<p style=\"font-weight: 400;\">wie wird\u2019s mit unserem Planeten,<\/p>\n<p style=\"font-weight: 400;\">wenn wir die Erde weiter treten?<\/p>\n<p style=\"font-weight: 400;\">Und mancher greift \u2013 na, ihr wisst schon \u2013<\/p>\n<p style=\"font-weight: 400;\">Zu radikaler Aktion.<\/p>\n<p style=\"font-weight: 400;\">Macht auf der Stra\u00dfe Sitzprotest,<\/p>\n<p style=\"font-weight: 400;\">klebt sich vielleicht am Asphalt fest.<\/p>\n<p style=\"font-weight: 400;\">Man kann dar\u00fcber trefflich streiten,<\/p>\n<p style=\"font-weight: 400;\">ob solche Aktionen Erkenntnis verbreiten.<\/p>\n<p style=\"font-weight: 400;\">Bei Autofahrern nicht wohlgelitten,<\/p>\n<p style=\"font-weight: 400;\">werden gleich die Motive bestritten:<\/p>\n<p style=\"font-weight: 400;\">\u201eWas sind denn das f\u00fcr Kindersachen?<\/p>\n<p style=\"font-weight: 400;\">Die wollen sich nur wichtig machen.<\/p>\n<p style=\"font-weight: 400;\">Das sind doch asoziale Kr\u00e4fte,<\/p>\n<p style=\"font-weight: 400;\">behindern unsere Gesch\u00e4fte!<\/p>\n<p style=\"font-weight: 400;\">Und fahren selbst zu guter Letzt<\/p>\n<p style=\"font-weight: 400;\">Mit Papas Auto zum Protest!\u201c<\/p>\n<p style=\"font-weight: 400;\">Von sowas bin ich schier verst\u00f6rt.<\/p>\n<p style=\"font-weight: 400;\">Denn, liebe Leute, denkt und \u00a0h\u00f6rt:<\/p>\n<p style=\"font-weight: 400;\">K\u00f6nnte es denn nicht wirklich sein,<\/p>\n<p style=\"font-weight: 400;\">dass die, die da Protestruf schrei\u2019n,<\/p>\n<p style=\"font-weight: 400;\">tats\u00e4chlich gro\u00dfe \u00c4ngste dr\u00fccken,<\/p>\n<p style=\"font-weight: 400;\">sie deshalb auf die Stra\u00dfen r\u00fccken?<\/p>\n<p style=\"font-weight: 400;\">S\u2019ist ihre Zukunft, Klima, Frieden,<\/p>\n<p style=\"font-weight: 400;\">f\u00fcr sie selbst und f\u00fcr ihre Lieben!<\/p>\n<p style=\"font-weight: 400;\">Eines sei dabei zugegeben,<\/p>\n<p style=\"font-weight: 400;\">Es sind meist junge Leute eben:<\/p>\n<p style=\"font-weight: 400;\">Nicht jeder Plan, den sie erk\u00fcrt<\/p>\n<p style=\"font-weight: 400;\">Tats\u00e4chlich auch zum Ziele f\u00fchrt.<\/p>\n<p style=\"font-weight: 400;\">Aber \u2013 und das ist Niedertracht \u2013<\/p>\n<p style=\"font-weight: 400;\">Das alles wird zu Fall gebracht,<\/p>\n<p style=\"font-weight: 400;\">weil viele den Protest verfluchen,<\/p>\n<p style=\"font-weight: 400;\">anstatt nach L\u00f6sungen zu suchen,<\/p>\n<p style=\"font-weight: 400;\">um hier und dort, da, wo wir walten,<\/p>\n<p style=\"font-weight: 400;\">die Katastrophe aufzuhalten,<\/p>\n<p style=\"font-weight: 400;\">die nun mal droht in allen Sachen,<\/p>\n<p style=\"font-weight: 400;\">wenn wir wie bisher weitermachen.<\/p>\n<p style=\"font-weight: 400;\">Zu diesem Thema \u2013 ungebeten \u2013<\/p>\n<p style=\"font-weight: 400;\">Sind meine Enkel die Propheten.<\/p>\n<p style=\"font-weight: 400;\">Proteste sind nicht angenehm.<\/p>\n<p style=\"font-weight: 400;\">Doch der Reflex ist sehr bequem.<\/p>\n<p style=\"font-weight: 400;\">Wenn wir \u00fcber die das Urteil f\u00e4llen,<\/p>\n<p style=\"font-weight: 400;\">m\u00fcssen wir uns dem Problem nicht stellen.<\/p>\n<p style=\"font-weight: 400;\">Die Frage kommt nat\u00fcrlich quer:<\/p>\n<p style=\"font-weight: 400;\">Machen wir weiter wie bisher?<\/p>\n<p style=\"font-weight: 400;\">Doch da wird sich lieber fortgeschlichen,<\/p>\n<p style=\"font-weight: 400;\">dem Zukunftsthema ausgewichen.<\/p>\n<p style=\"font-weight: 400;\">Und das hei\u00dft doch: ob klein, ob gro\u00df<\/p>\n<p style=\"font-weight: 400;\">Ob Rentner oder Firmenboss:<\/p>\n<p style=\"font-weight: 400;\">Beitragen m\u00fcssen wir doch alle \u2013<\/p>\n<p style=\"font-weight: 400;\">Nur so entkommen wir der Falle.<\/p>\n<p style=\"font-weight: 400;\">Ganz \u00e4hnlich mutet mich sodann<\/p>\n<p style=\"font-weight: 400;\">Die Diskussion ums Gendern an,<\/p>\n<p style=\"font-weight: 400;\">die Sache mit dem Sternchen und<\/p>\n<p style=\"font-weight: 400;\">Ersatzweise dem Doppelpunkt.<\/p>\n<p style=\"font-weight: 400;\">Die Diskussionen geh\u2019n hoch her,<\/p>\n<p style=\"font-weight: 400;\">verstehen will sich keiner mehr<\/p>\n<p style=\"font-weight: 400;\">mit der anderen Partei,<\/p>\n<p style=\"font-weight: 400;\">wer auch immer die dann sei.<\/p>\n<p style=\"font-weight: 400;\">Man ist daf\u00fcr \u2013 man ist dagegen,<\/p>\n<p style=\"font-weight: 400;\">Man schreibt Protestbriefe deswegen.<\/p>\n<p style=\"font-weight: 400;\">Man h\u00f6rt \u201eZuh\u00f6rer : innen\u201c und unkt:<\/p>\n<p style=\"font-weight: 400;\">\u201eUnd wer ist gemeint mit dem Doppelpunkt?\u201c<\/p>\n<p style=\"font-weight: 400;\">Ihr Lieben, es ist die gleiche Sach,<\/p>\n<p style=\"font-weight: 400;\">das gleiche fiese Ungemach:<\/p>\n<p style=\"font-weight: 400;\">es wird vermieden, sauber zu kl\u00e4ren &#8211;<\/p>\n<p style=\"font-weight: 400;\">und das geht leider an uns, die Herren -,<\/p>\n<p style=\"font-weight: 400;\">dass Arbeit guter Lohn geb\u00fchrt,<\/p>\n<p style=\"font-weight: 400;\">egal, wer einen Job ausf\u00fchrt.<\/p>\n<p style=\"font-weight: 400;\">Gleicher Lohn f\u00fcr gleiche Fron,<\/p>\n<p style=\"font-weight: 400;\">alles and\u2019re ist doch Hohn!<\/p>\n<p style=\"font-weight: 400;\">Gleichbehandlung, sagt das Gesetz.<\/p>\n<p style=\"font-weight: 400;\">Doch sagt mal, seid Ihr nicht entsetzt,<\/p>\n<p style=\"font-weight: 400;\">dass immer noch in unserem Land<\/p>\n<p style=\"font-weight: 400;\">der gender pay gap hat Bestand?<\/p>\n<p style=\"font-weight: 400;\">(Bei meinem Freund \u201eStatistisches Bundesamt\u201c hei\u00dft das so: \u201eDer Gender Pay Gap beschreibt den Verdienstabstand pro Stunde zwischen Frauen und M\u00e4nnern.\u201c<a href=\"applewebdata:\/\/FE4D6259-AECD-451D-B1D1-BF54855165E3#_ftn3\" name=\"_ftnref3\">[3]<\/a>)<\/p>\n<p style=\"font-weight: 400;\">Vor diesem dauernden Skandal<\/p>\n<p style=\"font-weight: 400;\">Sind Gendersternchen fast egal.<\/p>\n<p style=\"font-weight: 400;\">Ich glaub\u2018 ja, dieser Sternchenstreit<\/p>\n<p style=\"font-weight: 400;\">Verstellt nur Partnerschaftlichkeit<\/p>\n<p style=\"font-weight: 400;\">Und Lohngerechtigkeit<\/p>\n<p style=\"font-weight: 400;\">Und Angemessenheit<\/p>\n<p style=\"font-weight: 400;\">Und faire Arbeitszeit<\/p>\n<p style=\"font-weight: 400;\">Wir treten andere Themen breit.<\/p>\n<p style=\"font-weight: 400;\">Und lenken behende, klipp und klapp<\/p>\n<p style=\"font-weight: 400;\">Von dem Skandal, dem gro\u00dfen, ab.<\/p>\n<p style=\"font-weight: 400;\">Fangt an, dies Unrecht auszugleichen \u2013<\/p>\n<p style=\"font-weight: 400;\">Danach k\u00f6nnt Ihr um\u2019s Gendern streiten.<\/p>\n<p style=\"font-weight: 400;\">Ob Last Generation, ob Genderstern,<\/p>\n<p style=\"font-weight: 400;\">wir haben Meta-Eb\u2019nen gern.<\/p>\n<p style=\"font-weight: 400;\">Man kann sich sicher drauf verlassen,<\/p>\n<p style=\"font-weight: 400;\">die Leute springen darauf an,<\/p>\n<p style=\"font-weight: 400;\">erregen sich \u00fcber die Ma\u00dfen<\/p>\n<p style=\"font-weight: 400;\">doch damit ist noch NULL getan.<\/p>\n<p style=\"font-weight: 400;\">Und dann rei\u00dft schnell uns die Geduld,<\/p>\n<p style=\"font-weight: 400;\">denn meistens ist der and\u2019re Schuld:<\/p>\n<p style=\"font-weight: 400;\">\u201eDer hat doch, schau nur richtig hin,<\/p>\n<p style=\"font-weight: 400;\">in seinem Aug nen Splitter drin.\u201c \u2013<\/p>\n<p style=\"font-weight: 400;\">\u201eIch seh den gar nicht, diesen Wicht,<\/p>\n<p style=\"font-weight: 400;\">ich hab was Dickes vor\u2019m Gesicht!\u201c<\/p>\n<p style=\"font-weight: 400;\">Was das bedeutet, liebes Wesen,<\/p>\n<p style=\"font-weight: 400;\">das kannst du bei Matth\u00e4us lesen<a href=\"applewebdata:\/\/FE4D6259-AECD-451D-B1D1-BF54855165E3#_ftn4\" name=\"_ftnref4\">[4]<\/a>.<\/p>\n<p style=\"font-weight: 400;\">Und so verlier\u2019n wir schlicht<\/p>\n<p style=\"font-weight: 400;\">Die \u00dcbersicht.<\/p>\n<p style=\"font-weight: 400;\">Wir sind halt gerne mal emp\u00f6rt<\/p>\n<p style=\"font-weight: 400;\">Aber ansonsten ungest\u00f6rt.<\/p>\n<p style=\"font-weight: 400;\">Wie es auch von dem Schneider hie\u00df,<\/p>\n<p style=\"font-weight: 400;\">der andrer Leute Hocker schmiss.<\/p>\n<p style=\"font-weight: 400;\">Wir sind halt nicht der Heil\u2019ge Geist, yeah,<\/p>\n<p style=\"font-weight: 400;\">nur Schneider oder Maurermeister.<\/p>\n<p style=\"font-weight: 400;\">Noch reichlich g\u00e4b es zu berichten<\/p>\n<p style=\"font-weight: 400;\">Von Possen, Scherzen und von Wichten,<\/p>\n<p style=\"font-weight: 400;\">es g\u00e4b noch Aufreger zu schildern,<\/p>\n<p style=\"font-weight: 400;\">Realsatire abzubildern.<\/p>\n<p style=\"font-weight: 400;\">Heute nix zu Urlaubsg\u00e4sten,<\/p>\n<p style=\"font-weight: 400;\">nix auch zum Coronatesten.<\/p>\n<p style=\"font-weight: 400;\">Fremdenfeinde (Xenophobe) sind ein Graus,<\/p>\n<p style=\"font-weight: 400;\">doch auch die lass ich heut aus.<\/p>\n<p style=\"font-weight: 400;\">Heizkosten und Wohnungsnot<\/p>\n<p style=\"font-weight: 400;\">schlag ich diesmal auch nicht tot.<\/p>\n<p style=\"font-weight: 400;\">(Und hier ein Einschub mit Dinkelsb\u00fchler Lokalkolorit:<\/p>\n<p style=\"font-weight: 400;\">Seit Anfang Januar gibt es f\u00fcr die Altstadt ein durchaus nicht unumstrittenes Parkgeb\u00fchrensystem mit ein paar Erheiterungen.)<\/p>\n<p style=\"font-weight: 400;\">Nur eins noch \u2013 ha\u2019m ja viele satt:<\/p>\n<p style=\"font-weight: 400;\">Die Autos in der alten Stadt.<\/p>\n<p style=\"font-weight: 400;\">Es gehet ein Ger\u00fccht herum:<\/p>\n<p style=\"font-weight: 400;\">Das ausw\u00e4rtige Publikum<\/p>\n<p style=\"font-weight: 400;\">Liebt es nicht, so weit zu gehen,<\/p>\n<p style=\"font-weight: 400;\">um die Bauten anzusehen,<\/p>\n<p style=\"font-weight: 400;\">fahr\u2019n also in die Altstadt rin,<\/p>\n<p style=\"font-weight: 400;\">\u00a0&#8212; geht bei McDonalds auch: Drive in!<\/p>\n<p style=\"font-weight: 400;\">Der Stadtrat hat sich umgeschaut<\/p>\n<p style=\"font-weight: 400;\">und kleine Wehrt\u00fcrme gebaut,<\/p>\n<p style=\"font-weight: 400;\">so Parkscheins\u00e4ulen \u2013 m\u00fcssen sein, denn<\/p>\n<p style=\"font-weight: 400;\">das ist Technologie vom Feinsten.<\/p>\n<p style=\"font-weight: 400;\">Ich war, na ja, das ist doch klar,<\/p>\n<p style=\"font-weight: 400;\">gespannt am 9. Januar.<\/p>\n<p style=\"font-weight: 400;\">Der Plan, der war ja k\u00fchn und smart:<\/p>\n<p style=\"font-weight: 400;\">Das Parksystem geht an den Start.<\/p>\n<p style=\"font-weight: 400;\">Bei so neuen Techniksachen<\/p>\n<p style=\"font-weight: 400;\">Will ich mich gern kundig machen.<\/p>\n<p style=\"font-weight: 400;\">Gehe also hin, hab den Hals weit gereckt:<br \/>\n\u201eAu\u00dfer Betrieb wegen technischem Defekt.\u201c<\/p>\n<p style=\"font-weight: 400;\">Liebe Eltern, wir bleiben gelassen,<\/p>\n<p style=\"font-weight: 400;\">Kinderkrankheiten m\u00fcssen nicht passen.<\/p>\n<p style=\"font-weight: 400;\">Es dauerte ne kleine Weile,<\/p>\n<p style=\"font-weight: 400;\">dann leuchtete sie auf, die S\u00e4ule.<\/p>\n<p style=\"font-weight: 400;\">Und dann \u2013 ich war ja weg und hin,<\/p>\n<p style=\"font-weight: 400;\">ist da ne Semmeltaste drin.<\/p>\n<p style=\"font-weight: 400;\">Was h\u00e4tt\u2018 der Sperreuth wohl gedacht,<\/p>\n<p style=\"font-weight: 400;\">was eine Semmeltaste macht?<\/p>\n<p style=\"font-weight: 400;\">(Der Obrist Sperreuth ist eine zentrale Figur in dem Dinkelsb\u00fchler Traditionsschauspiel \u201eKinderzeche\u201c: als Oberst der schwedischen Angreifer im Jahr 1632, so wird erz\u00e4hlt, verschont er die Stadt infolge eines sehr anr\u00fchrenden Ereignisses, bei dem die Dinkelsb\u00fchler Kinder eine Hauptrolle spielen. Die Kinderzeche findet j\u00e4hrlich statt und hat eine enorm identit\u00e4tsstiftende Bedeutung.<a href=\"applewebdata:\/\/FE4D6259-AECD-451D-B1D1-BF54855165E3#_ftn5\" name=\"_ftnref5\">[5]<\/a>)<\/p>\n<p style=\"font-weight: 400;\">Ich f\u00fcr mein Teil, ich dachte: toll!<\/p>\n<p style=\"font-weight: 400;\">Jetzt wei\u00df ich, wo ich <u>Semmeln<\/u> hol.<\/p>\n<p style=\"font-weight: 400;\">(Je nach Gegend auch Br\u00f6tchen, Schrippen, Weckla oder noch anders genannt)<\/p>\n<p style=\"font-weight: 400;\">Zum Wei\u00dfwurschtfr\u00fchst\u00fcck obendrein<\/p>\n<p style=\"font-weight: 400;\">W\u00e4r\u2018 dann die Brezentaste fein.<\/p>\n<p style=\"font-weight: 400;\">Oder zum Fasching, bittesch\u00f6n,<\/p>\n<p style=\"font-weight: 400;\">w\u00e4r doch ne <u>Krapfen<\/u>taste sch\u00f6n.<\/p>\n<p style=\"font-weight: 400;\">(Krapfen sind im Norddeutschen Berliner oder Berliner Ballen, in Hessen Kreppel, in Berlin aber Pfannkuchen.)<\/p>\n<p style=\"font-weight: 400;\">Und mit solchen Phantasien<\/p>\n<p style=\"font-weight: 400;\">Steh\u2018 ich dann vor der Maschin\u2018.<\/p>\n<p style=\"font-weight: 400;\">Und suche wie ein Detektiv.<\/p>\n<p style=\"font-weight: 400;\">&#8212;- Die Suche ist nicht effektiv.<\/p>\n<p style=\"font-weight: 400;\">Ich steh davor und werd schier wild,<\/p>\n<p style=\"font-weight: 400;\">der Automat zeigt nur ein Bild.<\/p>\n<p style=\"font-weight: 400;\">Und das ist grade<\/p>\n<p style=\"font-weight: 400;\">Schade.<\/p>\n<p style=\"font-weight: 400;\">Auch daran sieht ein jedes Kind,<\/p>\n<p style=\"font-weight: 400;\">dass wir halt keine G\u00f6tter sind.<\/p>\n<p style=\"font-weight: 400;\">Wir m\u00fcssen Brot und Kuchen<\/p>\n<p style=\"font-weight: 400;\">Bei einem B\u00e4cker suchen.<\/p>\n<p style=\"font-weight: 400;\">Am besten mit Genuss<\/p>\n<p style=\"font-weight: 400;\">Zu Fu\u00df.<\/p>\n<p style=\"font-weight: 400;\">Semmeln und Krapfen sind sehr lecker,<\/p>\n<p style=\"font-weight: 400;\">und Gott sei Dank <u>gibt\u2019s<\/u> bei uns B\u00e4cker.<\/p>\n<p style=\"font-weight: 400;\">Vergesst also nicht in Land und Stadt,<\/p>\n<p style=\"font-weight: 400;\">dass Handwerk goldenen Boden hat<\/p>\n<p style=\"font-weight: 400;\">und dass wir alle einander brauchen.<\/p>\n<p style=\"font-weight: 400;\">Darum: statt uns die K\u00f6pf\u2018 zu stauchen,<\/p>\n<p style=\"font-weight: 400;\">lasst uns gemeinsam meditieren<\/p>\n<p style=\"font-weight: 400;\">nachhaltig Wege ausprobieren<\/p>\n<p style=\"font-weight: 400;\">und offen, ohne Retuschieren<\/p>\n<p style=\"font-weight: 400;\">uns alle zukunftsw\u00e4rts marschieren<\/p>\n<p style=\"font-weight: 400;\">(aber nicht im Gleichschritt, das muss wirklich nicht sein).<\/p>\n<p style=\"font-weight: 400;\">Und gut ist es manchmal \u2013 ohne Eil\u2018 \u2013<\/p>\n<p style=\"font-weight: 400;\">Zu rasten im D\u00f6rfchen Wart-ein-Weil.<\/p>\n<p style=\"font-weight: 400;\">Zukunft hei\u00dft heut\u2018 in jedem Fall:<\/p>\n<p style=\"font-weight: 400;\">Nachher folgt gleich das Mittagsmahl.<\/p>\n<p style=\"font-weight: 400;\">Dass das nicht zu lang warten muss,<\/p>\n<p style=\"font-weight: 400;\">mach ich jetzt Schluss.<\/p>\n<p style=\"font-weight: 400;\">Werte Herren, liebe Damen:<\/p>\n<p style=\"font-weight: 400;\">Amen.<\/p>\n<p style=\"font-weight: 400;\">&#8212;<\/p>\n<p style=\"font-weight: 400;\">Dekan Uland Spahlinger, Dinkelsb\u00fchl<\/p>\n<p style=\"font-weight: 400;\"><a href=\"mailto:uland.spahlinger@elkb.de\">uland.spahlinger@elkb.de<\/a><\/p>\n<p style=\"font-weight: 400;\">&#8212;<\/p>\n<p style=\"font-weight: 400;\">Nachdem ich im vergangenen Jahr die Reimpredigt wegen Putins \u00dcberfall auf die Ukraine liegengelassen habe, gibt es heuer wieder einen Versuch. Ein Hinweis: die einger\u00fcckten Prosast\u00fccke sind Infoteile f\u00fcr die Predigerin und k\u00f6nnen mit vorgelesen oder auch weggelassen werden.<\/p>\n<p><a href=\"applewebdata:\/\/FE4D6259-AECD-451D-B1D1-BF54855165E3#_ftnref1\" name=\"_ftn1\">[1]<\/a> Nachzulesen beispielsweise unter <a href=\"https:\/\/www.grimmstories.com\/de\/grimm_maerchen\/der_schneider_im_himmel\">https:\/\/www.grimmstories.com\/de\/grimm_maerchen\/der_schneider_im_himmel<\/a><\/p>\n<p><a href=\"applewebdata:\/\/FE4D6259-AECD-451D-B1D1-BF54855165E3#_ftnref2\" name=\"_ftn2\">[2]<\/a> Vgl. Gen. 11, 1-11<\/p>\n<p><a href=\"applewebdata:\/\/FE4D6259-AECD-451D-B1D1-BF54855165E3#_ftnref3\" name=\"_ftn3\">[3]<\/a> <a href=\"https:\/\/www.destatis.de\/DE\/Themen\/Arbeit\/Verdienste\/Verdienste-GenderPayGap\/_inhalt.html\">https:\/\/www.destatis.de\/DE\/Themen\/Arbeit\/Verdienste\/Verdienste-GenderPayGap\/_inhalt.html<\/a><\/p>\n<p><a href=\"applewebdata:\/\/FE4D6259-AECD-451D-B1D1-BF54855165E3#_ftnref4\" name=\"_ftn4\">[4]<\/a> Matth. 7, 3-4<\/p>\n<p><a href=\"applewebdata:\/\/FE4D6259-AECD-451D-B1D1-BF54855165E3#_ftnref5\" name=\"_ftn5\">[5]<\/a> Vgl: <a href=\"https:\/\/www.kinderzeche.de\/historie\/\">https:\/\/www.kinderzeche.de\/historie\/<\/a><\/p>\n","protected":false},"excerpt":{"rendered":"<p>Von Schneidern und Maurermeistern | Faschingssonntag (Sonntag Estomihi) | 19.02.2022 | Gen 11, 1-1 und Mt 7, 3-4 | Uland Spahlinger | Gr\u00fcezi und Servus, liebe Leute, auch gerne moin oder hallo, oder auch \u201eguten Morgen heute\u201c &#8211; und Gott zum Gru\u00dfe sowieso! Ja, es ist wieder Zeit zum Reimen, die Welt, sie rast irrsinnig [&hellip;]<\/p>\n","protected":false},"author":1,"featured_media":16972,"comment_status":"closed","ping_status":"closed","sticky":false,"template":"","format":"standard","meta":{"footnotes":""},"categories":[36,1,157,120,114,674,153,349,1138,3,109,1116,163],"tags":[],"beitragende":[],"predigtform":[],"predigtreihe":[],"bibelstelle":[],"class_list":["post-16980","post","type-post","status-publish","format-standard","has-post-thumbnail","hentry","category-matthaeus","category-aktuelle","category-beitragende","category-bes_gelegenheiten","category-deut","category-estomihi","category-kapitel-7-chapter-7","category-kasus","category-lyrik","category-nt","category-predigten","category-predigtformen","category-uland-spahlinger"],"_links":{"self":[{"href":"https:\/\/www.theologie.uzh.ch\/apps\/gpi\/wp-json\/wp\/v2\/posts\/16980","targetHints":{"allow":["GET"]}}],"collection":[{"href":"https:\/\/www.theologie.uzh.ch\/apps\/gpi\/wp-json\/wp\/v2\/posts"}],"about":[{"href":"https:\/\/www.theologie.uzh.ch\/apps\/gpi\/wp-json\/wp\/v2\/types\/post"}],"author":[{"embeddable":true,"href":"https:\/\/www.theologie.uzh.ch\/apps\/gpi\/wp-json\/wp\/v2\/users\/1"}],"replies":[{"embeddable":true,"href":"https:\/\/www.theologie.uzh.ch\/apps\/gpi\/wp-json\/wp\/v2\/comments?post=16980"}],"version-history":[{"count":1,"href":"https:\/\/www.theologie.uzh.ch\/apps\/gpi\/wp-json\/wp\/v2\/posts\/16980\/revisions"}],"predecessor-version":[{"id":16981,"href":"https:\/\/www.theologie.uzh.ch\/apps\/gpi\/wp-json\/wp\/v2\/posts\/16980\/revisions\/16981"}],"wp:featuredmedia":[{"embeddable":true,"href":"https:\/\/www.theologie.uzh.ch\/apps\/gpi\/wp-json\/wp\/v2\/media\/16972"}],"wp:attachment":[{"href":"https:\/\/www.theologie.uzh.ch\/apps\/gpi\/wp-json\/wp\/v2\/media?parent=16980"}],"wp:term":[{"taxonomy":"category","embeddable":true,"href":"https:\/\/www.theologie.uzh.ch\/apps\/gpi\/wp-json\/wp\/v2\/categories?post=16980"},{"taxonomy":"post_tag","embeddable":true,"href":"https:\/\/www.theologie.uzh.ch\/apps\/gpi\/wp-json\/wp\/v2\/tags?post=16980"},{"taxonomy":"beitragende","embeddable":true,"href":"https:\/\/www.theologie.uzh.ch\/apps\/gpi\/wp-json\/wp\/v2\/beitragende?post=16980"},{"taxonomy":"predigtform","embeddable":true,"href":"https:\/\/www.theologie.uzh.ch\/apps\/gpi\/wp-json\/wp\/v2\/predigtform?post=16980"},{"taxonomy":"predigtreihe","embeddable":true,"href":"https:\/\/www.theologie.uzh.ch\/apps\/gpi\/wp-json\/wp\/v2\/predigtreihe?post=16980"},{"taxonomy":"bibelstelle","embeddable":true,"href":"https:\/\/www.theologie.uzh.ch\/apps\/gpi\/wp-json\/wp\/v2\/bibelstelle?post=16980"}],"curies":[{"name":"wp","href":"https:\/\/api.w.org\/{rel}","templated":true}]}}