{"id":17053,"date":"2023-02-21T08:54:48","date_gmt":"2023-02-21T07:54:48","guid":{"rendered":"https:\/\/theologie.whp.uzh.ch\/apps\/gpi\/?p=17053"},"modified":"2023-05-03T08:47:26","modified_gmt":"2023-05-03T06:47:26","slug":"mehr-zum-evensong","status":"publish","type":"post","link":"https:\/\/www.theologie.uzh.ch\/apps\/gpi\/mehr-zum-evensong\/","title":{"rendered":"Mehr zum Evensong"},"content":{"rendered":"<p style=\"font-weight: 400;\">Der \u00abEvensong\u00bb ist ein Gottesdienst, der mittwochabends\u00a0von\u00a0der Theologischen Fakult\u00e4t der UZH organisiert und verantwortet wird. Er findet in der Regel um 18 Uhr im Fraum\u00fcnster stattfindet.<br aria-hidden=\"true\" \/>Es ist ein \u00f6ffentlicher Abendgottesdienst und zugleich eine \u00dcbung f\u00fcr Theologiestudent*innen in den Bereichen Homiletik und Liturgik. <br aria-hidden=\"true\" \/>Auf dieser Seite k\u00f6nnen Sie einige der im Rahmen dieses Gottesdienstes gehaltenen Predigten lesen. Es sind Auslegungen der Tageslosung (oder des Lehrtextes) <br aria-hidden=\"true\" \/>Verfasst wurden die Predigten haupts\u00e4chlich von Studierenden, teilweise\u00a0von Professoren der Fakult\u00e4t. Weitere Infos erhalten Sie\u00a0<a href=\"https:\/\/www.agenda.uzh.ch\/index.php?reihe=1736\" target=\"_blank\" rel=\"noopener noreferrer\" data-auth=\"NotApplicable\" data-safelink=\"true\" data-linkindex=\"0\">hier<\/a>.<\/p>\n","protected":false},"excerpt":{"rendered":"<p>Der \u00abEvensong\u00bb ist ein Gottesdienst, der mittwochabends\u00a0von\u00a0der Theologischen Fakult\u00e4t der UZH organisiert und verantwortet wird. Er findet in der Regel um 18 Uhr im Fraum\u00fcnster stattfindet.Es ist ein \u00f6ffentlicher Abendgottesdienst und zugleich eine \u00dcbung f\u00fcr Theologiestudent*innen in den Bereichen Homiletik und Liturgik. Auf dieser Seite k\u00f6nnen Sie einige der im Rahmen dieses Gottesdienstes gehaltenen Predigten [&hellip;]<\/p>\n","protected":false},"author":1,"featured_media":17019,"comment_status":"closed","ping_status":"closed","sticky":false,"template":"","format":"standard","meta":{"footnotes":""},"categories":[120,1278,1117,1040],"tags":[],"beitragende":[],"predigtform":[],"predigtreihe":[],"bibelstelle":[],"class_list":["post-17053","post","type-post","status-publish","format-standard","has-post-thumbnail","hentry","category-bes_gelegenheiten","category-evensong","category-predigten-in-besonderem-kontext","category-universitaetsgottesdienst"],"_links":{"self":[{"href":"https:\/\/www.theologie.uzh.ch\/apps\/gpi\/wp-json\/wp\/v2\/posts\/17053","targetHints":{"allow":["GET"]}}],"collection":[{"href":"https:\/\/www.theologie.uzh.ch\/apps\/gpi\/wp-json\/wp\/v2\/posts"}],"about":[{"href":"https:\/\/www.theologie.uzh.ch\/apps\/gpi\/wp-json\/wp\/v2\/types\/post"}],"author":[{"embeddable":true,"href":"https:\/\/www.theologie.uzh.ch\/apps\/gpi\/wp-json\/wp\/v2\/users\/1"}],"replies":[{"embeddable":true,"href":"https:\/\/www.theologie.uzh.ch\/apps\/gpi\/wp-json\/wp\/v2\/comments?post=17053"}],"version-history":[{"count":3,"href":"https:\/\/www.theologie.uzh.ch\/apps\/gpi\/wp-json\/wp\/v2\/posts\/17053\/revisions"}],"predecessor-version":[{"id":18125,"href":"https:\/\/www.theologie.uzh.ch\/apps\/gpi\/wp-json\/wp\/v2\/posts\/17053\/revisions\/18125"}],"wp:featuredmedia":[{"embeddable":true,"href":"https:\/\/www.theologie.uzh.ch\/apps\/gpi\/wp-json\/wp\/v2\/media\/17019"}],"wp:attachment":[{"href":"https:\/\/www.theologie.uzh.ch\/apps\/gpi\/wp-json\/wp\/v2\/media?parent=17053"}],"wp:term":[{"taxonomy":"category","embeddable":true,"href":"https:\/\/www.theologie.uzh.ch\/apps\/gpi\/wp-json\/wp\/v2\/categories?post=17053"},{"taxonomy":"post_tag","embeddable":true,"href":"https:\/\/www.theologie.uzh.ch\/apps\/gpi\/wp-json\/wp\/v2\/tags?post=17053"},{"taxonomy":"beitragende","embeddable":true,"href":"https:\/\/www.theologie.uzh.ch\/apps\/gpi\/wp-json\/wp\/v2\/beitragende?post=17053"},{"taxonomy":"predigtform","embeddable":true,"href":"https:\/\/www.theologie.uzh.ch\/apps\/gpi\/wp-json\/wp\/v2\/predigtform?post=17053"},{"taxonomy":"predigtreihe","embeddable":true,"href":"https:\/\/www.theologie.uzh.ch\/apps\/gpi\/wp-json\/wp\/v2\/predigtreihe?post=17053"},{"taxonomy":"bibelstelle","embeddable":true,"href":"https:\/\/www.theologie.uzh.ch\/apps\/gpi\/wp-json\/wp\/v2\/bibelstelle?post=17053"}],"curies":[{"name":"wp","href":"https:\/\/api.w.org\/{rel}","templated":true}]}}