{"id":18136,"date":"2023-05-09T14:10:09","date_gmt":"2023-05-09T12:10:09","guid":{"rendered":"https:\/\/theologie.whp.uzh.ch\/apps\/gpi\/?p=18136"},"modified":"2023-05-09T14:10:09","modified_gmt":"2023-05-09T12:10:09","slug":"1-timotheus-21-6a","status":"publish","type":"post","link":"https:\/\/www.theologie.uzh.ch\/apps\/gpi\/1-timotheus-21-6a\/","title":{"rendered":"1. Timotheus 2,1-6a"},"content":{"rendered":"<p style=\"font-weight: 400;\">Und wenn wir nicht beteten? | Rogate | 14.05.2023| 1 Tim 2,1-6a | Katharina Wiefel-Jenner |<\/p>\n<p style=\"font-weight: 400;\">So ermahne ich nun, dass man vor allen Dingen tue Bitte, Gebet, F\u00fcrbitte und Danksagung f\u00fcr alle Menschen, f\u00fcr die K\u00f6nige und f\u00fcr alle Obrigkeit, damit wir ein ruhiges und stilles Leben f\u00fchren k\u00f6nnen in aller Fr\u00f6mmigkeit und Ehrbarkeit. Dies ist gut und wohlgef\u00e4llig vor Gott, unserm Heiland, welcher will, dass alle Menschen gerettet werden und sie zur Erkenntnis der Wahrheit kommen. Denn es ist ein Gott und ein Mittler zwischen Gott und den Menschen, n\u00e4mlich der Mensch Christus Jesus, der sich selbst gegeben hat als L\u00f6segeld f\u00fcr alle.<\/p>\n<p style=\"font-weight: 400;\">Der Apostel fordert: Betet!<\/p>\n<p style=\"font-weight: 400;\">Bitte, Gebet, F\u00fcrbitte und Dank sind unsere wichtigste Aufgabe. Betet!<\/p>\n<p style=\"font-weight: 400;\">Und wenn wir nun nicht beten?<\/p>\n<p style=\"font-weight: 400;\">W\u00fcrde es jemand bemerken, wenn wir nicht beteten? Wir k\u00f6nnten die Forderung des Apostels einfach in den Wind schlagen. Wo macht unser Beten einen Unterschied? Wer braucht unser Gebet? Niemand w\u00fcrde es merken. Die Welt w\u00fcrde sich wie gewohnt weiterdrehen. Der Nachrichtenstrom w\u00fcrde weiterflie\u00dfen, die Kriege weitergehen, die Verzweifelten weinen, die L\u00fcgner die Wahrheit verachten. Wir w\u00fcrden trotzdem \u00fcber den Regenbogen staunen und die Neugeborenen auf den Arm wiegen. Was w\u00fcrde sich \u00e4ndern, wenn wir nicht beteten?<\/p>\n<p style=\"font-weight: 400;\">Halt! Stopp! So geht das nicht. Betet! Bitte, Gebet, F\u00fcrbitte und Dank sind eure wichtigste Aufgabe. Fangt noch einmal an! Dieses Mal mit weniger Bitterkeit und mit mehr Zuversicht.<\/p>\n<p style=\"font-weight: 400;\">Also gut: Wir werden Folge leisten. Wir werden einfach beten. Dann beten wir, w\u00e4hrend die B\u00e4ume bl\u00fchen und wir den Kindern beim Spielen zuschauen. Dann beten wir, w\u00e4hrend der Nachrichtenstrom flie\u00dft, Tyrannen ihre Feinde ins Lager schicken. Dann beten wir, w\u00e4hrend Kranke weinen und die Schlaflosen auf die Morgensonne warten.<\/p>\n<p style=\"font-weight: 400;\">Ja! Genauso! So ist es richtig. So macht weiter. Betet!<\/p>\n<p style=\"font-weight: 400;\">Gut, dann beten wir am besten f\u00fcr alle Menschen und f\u00fcr alle Welt. Das meinst du Apostel doch?<\/p>\n<p style=\"font-weight: 400;\">Ja, das ist dir richtige Spur. Betet, alle Menschen und alle Welt brauchen eure Gebete.<\/p>\n<p style=\"font-weight: 400;\">Der Nachrichtenstrom flie\u00dft. Unaufh\u00f6rlich str\u00f6men die Meldungen \u00fcber die M\u00e4chtigen an unser Ohr, bedr\u00e4ngen unsere Seelen und belagern unsere Gedanken. Wir brauchen gerechtere M\u00e4chtige. Beten wir um gerechte Herrscher.<\/p>\n<p style=\"font-weight: 400;\">\u00a0\u00a0\u00a0\u00a0\u00a0\u00a0\u00a0\u00a0\u00a0\u00a0\u00a0 Und der Apostel sagt dazu: ja, alle Menschen brauchen euer Beten.<\/p>\n<p style=\"font-weight: 400;\">Das Elend derer, die zwischen die M\u00fchlsteine der Geschichte geraten, zerrei\u00dft uns das Herz und wir wissen nicht, wie wir denen beistehen k\u00f6nnen, die zwischen Bombenalarmen ihre Kinder versorgen und vor Festungsmauern scheitern. Beten wir um Frieden.<\/p>\n<p style=\"font-weight: 400;\">\u00a0\u00a0\u00a0\u00a0\u00a0\u00a0\u00a0\u00a0\u00a0\u00a0\u00a0 Und der Apostel sagt dazu: ja, alle Menschen brauchen euer Beten.<\/p>\n<p style=\"font-weight: 400;\">Die Sch\u00f6pfung seufzt. Die Gletscher schmelzen, die Wale verirren sich, die W\u00fcste lebt nicht mehr. Wir geben uns M\u00fche und drehen an kleinsten Stellschrauben, ohne zu wissen, ob irgendetwas hilft. Beten wir um Sonne und Regen zur rechten Zeit.<\/p>\n<p style=\"font-weight: 400;\">\u00a0\u00a0\u00a0\u00a0\u00a0\u00a0\u00a0\u00a0\u00a0\u00a0\u00a0 Und der Apostel sagt dazu: ja, alle Welt braucht euer Beten.<\/p>\n<p style=\"font-weight: 400;\">Die Natur bricht auf. Die Astronauten zeigen uns Bilder von unserem Planeten mitten in den unendlichen Weiten des Weltraums. Die Liebe findet ihren Weg und \u00fcberwindet Grenzen. Unsere Herzen sind voll Dank und Staunen.<\/p>\n<p style=\"font-weight: 400;\">Und der Apostel sagt dazu: Ja, es gibt jeden Tag einen Grund zum Dank.<\/p>\n<p style=\"font-weight: 400;\">Dann beten wir also f\u00fcr alle Menschen und alle Welt. Das f\u00fchlt sich sogar gut an. Aber gen\u00fcgt dir das, Apostel? Und warum? Was bewahrt unser Beten davor, dass wir nur leere Worte in die Welt hinein atmen? Es geht doch um mehr als nur um unsere Pflichterf\u00fcllung oder ein gutes Gef\u00fchl.<\/p>\n<p style=\"font-weight: 400;\">Du, Apostel, sag was!<\/p>\n<p style=\"font-weight: 400;\">Und der Apostel schreibt uns: \u201eBetet, denn das ist gut vor Gott, der alle Welt retten will.\u201c F\u00fcnf Worte reichen. Gott will alle Menschen retten. F\u00fcnf Worte. Beten ist die Chance f\u00fcr das Leben. Die sollte man nicht verspielen.<\/p>\n<p style=\"font-weight: 400;\">Die Gebete und die Rettung der Welt geh\u00f6ren zusammen. Gebete sind \u00fcberlebenswichtig. Sie werden gebraucht. Es gibt einen unmittelbaren Zusammenhang zwischen Gottes Wunsch, dass alle Welt gerettet wird und der Bitte an uns, dass wir beten. Beten und Rettung geh\u00f6ren zusammen.<\/p>\n<p style=\"font-weight: 400;\">Betet, denn Gott will alle Menschen retten \u2013 vor der Macht der Gewaltherrscher.<\/p>\n<p style=\"font-weight: 400;\">Betet, denn Gott will alle Menschen retten \u2013 die Verletzten, Traumatisierten und Hungernden, die Versklavten und Verschleppten.<\/p>\n<p style=\"font-weight: 400;\">Betet, denn Gott will die Welt retten und die seufzende Sch\u00f6pfung erl\u00f6sen.<\/p>\n<p style=\"font-weight: 400;\">Betet, denn das Gebet macht den Unterschied.<\/p>\n<p style=\"font-weight: 400;\">Aber wie? Apostel, sag was! Wahrscheinlich wirst du jetzt von Jesus Christus sprechen. Anderes w\u00fcrde uns jedenfalls \u00fcberraschen. Aber bitte antworte so, dass es nicht wie eine allgemeine Formel klingt. Sag uns nichts, was sowieso immer stimmt.<\/p>\n<p style=\"font-weight: 400;\">Du, Apostel!<\/p>\n<p style=\"font-weight: 400;\">Ja, es liegt an Jesus Christus. Gott will alle Menschen retten und diese Rettung geht durch Jesus Christus. Jesus macht f\u00fcr das Gebet den Unterschied. Gott hat mit Jesu die Welt nicht sich selbst \u00fcberlassen hat. Gott hat den Kr\u00e4ften von Chaos und Dunkelheit Jesu Liebe und das Licht der Welt entgegengesetzt. Gott hat mit Jesus das wahre Leben gezeigt. Mit Jesus Christus rettet Gott alle Welt und das macht den Unterschied f\u00fcr unser Gebet aus. Mit den Gebeten tauchen wir in Gottes Liebe ein. Im Beten schauen wir auf Christus und halten Gott die Welt hin. So stellen wir uns an die Seite Gottes, verbinden uns mit Jesus und \u00fcberlassen die Welt nicht den Kr\u00e4ften von Chaos und Dunkelheit. Wir beten und kapitulieren nicht vor den Verh\u00e4ltnissen.<\/p>\n<p style=\"font-weight: 400;\">Meinst du das so, du Apostel?<\/p>\n<p style=\"font-weight: 400;\">Wenn wir beten, bestreiten wir den Anspruch der M\u00e4chtigen auf die Welt.<\/p>\n<p style=\"font-weight: 400;\">Wenn wir beten, resignieren wir nicht vor den M\u00e4chten, die die Schwachen opfern und dem Hass huldigen?<\/p>\n<p style=\"font-weight: 400;\">Wenn wir beten, vertrauen wir unsere Freunde und Kinder Gott an und sie m\u00fcssen ihr Schicksal nicht allein aus der eigenen Kraft meistern?<\/p>\n<p style=\"font-weight: 400;\">Wenn wir beten, gewinnen Vers\u00f6hnung und Frieden in dieser Welt Raum.<\/p>\n<p style=\"font-weight: 400;\">Allm\u00e4hlich versteht ihr es. Sprecht weiter:<\/p>\n<p style=\"font-weight: 400;\">Wenn wir beten, halten wir daran fest: Eine andere Welt ist m\u00f6glich.<\/p>\n<p style=\"font-weight: 400;\">Wenn wir beten, stimmen wir Gott zu. Wir geben Gott recht und wir halten mit Gott zusammen. Wir beharren darauf, dass andere Verh\u00e4ltnisse in dieser Welt n\u00f6tig sind, dass Rettung n\u00f6tig ist. Mit jedem Gebet trauen wir Gott zu, dass sich Frieden und Gerechtigkeit k\u00fcssen werden, die Vers\u00f6hnung wirklich wird und die seufzende Sch\u00f6pfung erl\u00f6st werden wird. Mit jedem Gebet stimmen wir ein in Gottes Willen. Mit jedem Gebet gewinnt Gott Raum in dieser Welt, in uns und durch uns. So ver\u00e4ndert unser Beten die Welt.<\/p>\n<p style=\"font-weight: 400;\">Und wenn wir nun nicht beteten?<\/p>\n<p style=\"font-weight: 400;\">Fangt ihr schon wieder an?<\/p>\n<p style=\"font-weight: 400;\">Wollt ihr alle Chancen auf Rettung und Leben verspielen? Betet!<\/p>\n<p style=\"font-weight: 400;\">&#8212;<\/p>\n<p style=\"font-weight: 400;\">Dr. Katharina Wiefel-Jenner<\/p>\n<p style=\"font-weight: 400;\">Berlin<\/p>\n<p style=\"font-weight: 400;\"><a href=\"mailto:wiefel_jenner@hotmail.com\">wiefel_jenner@hotmail.com<\/a><\/p>\n<p style=\"font-weight: 400;\">&#8212;<\/p>\n<p style=\"font-weight: 400;\">Katharina Wiefel-Jenner, geb.1958, Pfarrerin i.R., bildet als Dozentin f\u00fcr Liturgik und Homiletik Ehrenamtliche f\u00fcr den Verk\u00fcndigungsdienst aus.<\/p>\n","protected":false},"excerpt":{"rendered":"<p>Und wenn wir nicht beteten? | Rogate | 14.05.2023| 1 Tim 2,1-6a | Katharina Wiefel-Jenner | So ermahne ich nun, dass man vor allen Dingen tue Bitte, Gebet, F\u00fcrbitte und Danksagung f\u00fcr alle Menschen, f\u00fcr die K\u00f6nige und f\u00fcr alle Obrigkeit, damit wir ein ruhiges und stilles Leben f\u00fchren k\u00f6nnen in aller Fr\u00f6mmigkeit und Ehrbarkeit. [&hellip;]<\/p>\n","protected":false},"author":1,"featured_media":18133,"comment_status":"closed","ping_status":"closed","sticky":false,"template":"","format":"standard","meta":{"footnotes":""},"categories":[50,1,157,114,926,349,373,3,109,361],"tags":[],"beitragende":[],"predigtform":[],"predigtreihe":[],"bibelstelle":[],"class_list":["post-18136","post","type-post","status-publish","format-standard","has-post-thumbnail","hentry","category-1-timotheus","category-aktuelle","category-beitragende","category-deut","category-kapitel-02-chapter-02-1-timotheus","category-kasus","category-katharina-wiefel-jenner","category-nt","category-predigten","category-rogate"],"_links":{"self":[{"href":"https:\/\/www.theologie.uzh.ch\/apps\/gpi\/wp-json\/wp\/v2\/posts\/18136","targetHints":{"allow":["GET"]}}],"collection":[{"href":"https:\/\/www.theologie.uzh.ch\/apps\/gpi\/wp-json\/wp\/v2\/posts"}],"about":[{"href":"https:\/\/www.theologie.uzh.ch\/apps\/gpi\/wp-json\/wp\/v2\/types\/post"}],"author":[{"embeddable":true,"href":"https:\/\/www.theologie.uzh.ch\/apps\/gpi\/wp-json\/wp\/v2\/users\/1"}],"replies":[{"embeddable":true,"href":"https:\/\/www.theologie.uzh.ch\/apps\/gpi\/wp-json\/wp\/v2\/comments?post=18136"}],"version-history":[{"count":1,"href":"https:\/\/www.theologie.uzh.ch\/apps\/gpi\/wp-json\/wp\/v2\/posts\/18136\/revisions"}],"predecessor-version":[{"id":18137,"href":"https:\/\/www.theologie.uzh.ch\/apps\/gpi\/wp-json\/wp\/v2\/posts\/18136\/revisions\/18137"}],"wp:featuredmedia":[{"embeddable":true,"href":"https:\/\/www.theologie.uzh.ch\/apps\/gpi\/wp-json\/wp\/v2\/media\/18133"}],"wp:attachment":[{"href":"https:\/\/www.theologie.uzh.ch\/apps\/gpi\/wp-json\/wp\/v2\/media?parent=18136"}],"wp:term":[{"taxonomy":"category","embeddable":true,"href":"https:\/\/www.theologie.uzh.ch\/apps\/gpi\/wp-json\/wp\/v2\/categories?post=18136"},{"taxonomy":"post_tag","embeddable":true,"href":"https:\/\/www.theologie.uzh.ch\/apps\/gpi\/wp-json\/wp\/v2\/tags?post=18136"},{"taxonomy":"beitragende","embeddable":true,"href":"https:\/\/www.theologie.uzh.ch\/apps\/gpi\/wp-json\/wp\/v2\/beitragende?post=18136"},{"taxonomy":"predigtform","embeddable":true,"href":"https:\/\/www.theologie.uzh.ch\/apps\/gpi\/wp-json\/wp\/v2\/predigtform?post=18136"},{"taxonomy":"predigtreihe","embeddable":true,"href":"https:\/\/www.theologie.uzh.ch\/apps\/gpi\/wp-json\/wp\/v2\/predigtreihe?post=18136"},{"taxonomy":"bibelstelle","embeddable":true,"href":"https:\/\/www.theologie.uzh.ch\/apps\/gpi\/wp-json\/wp\/v2\/bibelstelle?post=18136"}],"curies":[{"name":"wp","href":"https:\/\/api.w.org\/{rel}","templated":true}]}}