{"id":18620,"date":"2022-07-21T11:52:50","date_gmt":"2022-07-21T09:52:50","guid":{"rendered":"https:\/\/theologie.whp.uzh.ch\/apps\/gpi\/?p=18620"},"modified":"2023-07-21T12:01:07","modified_gmt":"2023-07-21T10:01:07","slug":"curriculum-vitae-prof-dr-eberhard-harbsmeier","status":"publish","type":"post","link":"https:\/\/www.theologie.uzh.ch\/apps\/gpi\/curriculum-vitae-prof-dr-eberhard-harbsmeier\/","title":{"rendered":"Curriculum Vitae Prof. Dr. Eberhard Harbsmeier"},"content":{"rendered":"<h1>Prof. Dr. Eberhard Harbsmeier<\/h1>\n<p>&#8211; geb. 20.12.1943 in G\u00f6ttingen<\/p>\n<p>&#8211; 1963-1969: Theologiestudium in T\u00fcbingen, Berlin, Kopenhagen, Aarhus und G\u00f6ttingen<\/p>\n<p>&#8211; 1969: Theologisches Examen in G\u00f6ttingen<\/p>\n<p>&#8211; 1970-1972: Forschungsstipendiat in Aarhus<\/p>\n<p>&#8211; 1972-85: Pfarrer in Varde und Esbjerg (D\u00e4nemark)<\/p>\n<p>&#8211; 1986-1996: Dozent f\u00fcr Praktische Theologie an der Universit\u00e4t Kopenhagen Leiter der Abteilung f\u00fcr S\u00f8ren Kierkegaard Forschung an der Universit\u00e4t Kopenhagen.<\/p>\n<p>&#8211; Seit 1996: Rektor des P\u00e4dagogischen Instituts der d\u00e4nischen Volkskirche in L\u00f8gumkloster, seit 2000 auch Rektor des Pastoralkollegs i L\u00f8gumkloster<\/p>\n<p>&#8211; 2001: Rektor des Theologisch P\u00e4dagogischen Zentrum L\u00f8gumkloste<\/p>\n<p>&#8211; 2001: Honorarprofessor f\u00fcr Praktische Theologie an der Universit\u00e4t Aarhus.<\/p>\n","protected":false},"excerpt":{"rendered":"<p>Prof. Dr. Eberhard Harbsmeier &#8211; geb. 20.12.1943 in G\u00f6ttingen &#8211; 1963-1969: Theologiestudium in T\u00fcbingen, Berlin, Kopenhagen, Aarhus und G\u00f6ttingen &#8211; 1969: Theologisches Examen in G\u00f6ttingen &#8211; 1970-1972: Forschungsstipendiat in Aarhus &#8211; 1972-85: Pfarrer in Varde und Esbjerg (D\u00e4nemark) &#8211; 1986-1996: Dozent f\u00fcr Praktische Theologie an der Universit\u00e4t Kopenhagen Leiter der Abteilung f\u00fcr S\u00f8ren Kierkegaard Forschung [&hellip;]<\/p>\n","protected":false},"author":1,"featured_media":1530,"comment_status":"closed","ping_status":"closed","sticky":false,"template":"","format":"standard","meta":{"footnotes":""},"categories":[157,948],"tags":[],"beitragende":[],"predigtform":[],"predigtreihe":[],"bibelstelle":[],"class_list":["post-18620","post","type-post","status-publish","format-standard","has-post-thumbnail","hentry","category-beitragende","category-eberhard-harbsmeier"],"_links":{"self":[{"href":"https:\/\/www.theologie.uzh.ch\/apps\/gpi\/wp-json\/wp\/v2\/posts\/18620","targetHints":{"allow":["GET"]}}],"collection":[{"href":"https:\/\/www.theologie.uzh.ch\/apps\/gpi\/wp-json\/wp\/v2\/posts"}],"about":[{"href":"https:\/\/www.theologie.uzh.ch\/apps\/gpi\/wp-json\/wp\/v2\/types\/post"}],"author":[{"embeddable":true,"href":"https:\/\/www.theologie.uzh.ch\/apps\/gpi\/wp-json\/wp\/v2\/users\/1"}],"replies":[{"embeddable":true,"href":"https:\/\/www.theologie.uzh.ch\/apps\/gpi\/wp-json\/wp\/v2\/comments?post=18620"}],"version-history":[{"count":6,"href":"https:\/\/www.theologie.uzh.ch\/apps\/gpi\/wp-json\/wp\/v2\/posts\/18620\/revisions"}],"predecessor-version":[{"id":18628,"href":"https:\/\/www.theologie.uzh.ch\/apps\/gpi\/wp-json\/wp\/v2\/posts\/18620\/revisions\/18628"}],"wp:featuredmedia":[{"embeddable":true,"href":"https:\/\/www.theologie.uzh.ch\/apps\/gpi\/wp-json\/wp\/v2\/media\/1530"}],"wp:attachment":[{"href":"https:\/\/www.theologie.uzh.ch\/apps\/gpi\/wp-json\/wp\/v2\/media?parent=18620"}],"wp:term":[{"taxonomy":"category","embeddable":true,"href":"https:\/\/www.theologie.uzh.ch\/apps\/gpi\/wp-json\/wp\/v2\/categories?post=18620"},{"taxonomy":"post_tag","embeddable":true,"href":"https:\/\/www.theologie.uzh.ch\/apps\/gpi\/wp-json\/wp\/v2\/tags?post=18620"},{"taxonomy":"beitragende","embeddable":true,"href":"https:\/\/www.theologie.uzh.ch\/apps\/gpi\/wp-json\/wp\/v2\/beitragende?post=18620"},{"taxonomy":"predigtform","embeddable":true,"href":"https:\/\/www.theologie.uzh.ch\/apps\/gpi\/wp-json\/wp\/v2\/predigtform?post=18620"},{"taxonomy":"predigtreihe","embeddable":true,"href":"https:\/\/www.theologie.uzh.ch\/apps\/gpi\/wp-json\/wp\/v2\/predigtreihe?post=18620"},{"taxonomy":"bibelstelle","embeddable":true,"href":"https:\/\/www.theologie.uzh.ch\/apps\/gpi\/wp-json\/wp\/v2\/bibelstelle?post=18620"}],"curies":[{"name":"wp","href":"https:\/\/api.w.org\/{rel}","templated":true}]}}