{"id":19018,"date":"2023-11-01T18:16:25","date_gmt":"2023-11-01T17:16:25","guid":{"rendered":"https:\/\/theologie.whp.uzh.ch\/apps\/gpi\/?p=19018"},"modified":"2023-11-01T18:17:05","modified_gmt":"2023-11-01T17:17:05","slug":"monatsspruch-november-2023","status":"publish","type":"post","link":"https:\/\/www.theologie.uzh.ch\/apps\/gpi\/monatsspruch-november-2023\/","title":{"rendered":"Monatsspruch November 2023"},"content":{"rendered":"<h3>Monatsspruch November 2023<\/h3>\n<p><img loading=\"lazy\" decoding=\"async\" class=\"alignnone size-medium wp-image-19019\" src=\"https:\/\/theologie.whp.uzh.ch\/apps\/gpi\/wp-content\/uploads\/2023\/11\/Kirchenfenster_AltnauJesusKinder95-227x300.jpg\" alt=\"\" width=\"227\" height=\"300\" srcset=\"https:\/\/www.theologie.uzh.ch\/apps\/gpi\/wp-content\/uploads\/2023\/11\/Kirchenfenster_AltnauJesusKinder95-227x300.jpg 227w, https:\/\/www.theologie.uzh.ch\/apps\/gpi\/wp-content\/uploads\/2023\/11\/Kirchenfenster_AltnauJesusKinder95-774x1024.jpg 774w, https:\/\/www.theologie.uzh.ch\/apps\/gpi\/wp-content\/uploads\/2023\/11\/Kirchenfenster_AltnauJesusKinder95-768x1016.jpg 768w, https:\/\/www.theologie.uzh.ch\/apps\/gpi\/wp-content\/uploads\/2023\/11\/Kirchenfenster_AltnauJesusKinder95-9x12.jpg 9w, https:\/\/www.theologie.uzh.ch\/apps\/gpi\/wp-content\/uploads\/2023\/11\/Kirchenfenster_AltnauJesusKinder95.jpg 1134w\" sizes=\"auto, (max-width: 227px) 100vw, 227px\" \/><\/p>\n<p style=\"font-weight: 400;\">Bild: https:\/\/de.wikipedia.org\/wiki\/Plejaden#\/media\/Datei:Pleiades_large.jpg (2004 NASA, laut Wikipedia gemeinfrei)<\/p>\n<p style=\"font-weight: 400;\">Haben Sie schon einmal in einer sternenklaren Nacht in den Himmel geschaut und die Sterne bewundert? Dann sind Sie nicht allein.<\/p>\n<p style=\"font-weight: 400;\">Das Siebengestirn (wissenschaftlich M45 Plejaden) ist eine Sternengruppe, die schon lange vor dem Teleskop von den Menschen am Himmel entdeckt wurde. 1999 fand man die Himmelsscheibe von Nebra, deren Alter auf mehr als 3500 Jahre gesch\u00e4tzt wird. Sie gilt als die \u00e4lteste Darstellung einer bestimmten Sternenkonstellation und zeigt &#8211; die Plejaden.<\/p>\n<p style=\"font-weight: 400;\">Haben Sie schon einmal in einer sternenklaren Nacht in den Himmel geschaut und sind ins Staunen gekommen? Dann sind Sie nicht allein. In der Bibel hat man dieses ehrf\u00fcrchtige Staunen mit Gott verbunden:<\/p>\n<p style=\"font-weight: 400;\">\u201eEr allein breitet den Himmel aus und geht auf den Wogen des Meers.<\/p>\n<p style=\"font-weight: 400;\">Er macht den Gro\u00dfen Wagen am Himmel und den Orion und das Siebengestirn und die Sterne des S\u00fcdens.\u201c (Hiob 9,8-9)<\/p>\n<p>&#8212;<\/p>\n<p style=\"font-weight: 400;\">(Dr. Hansj\u00f6rg Biener, N\u00fcrnberg)<\/p>\n<p style=\"font-weight: 400;\">&#8212;<\/p>\n<p style=\"font-weight: 400;\">Wer mehr wissen will: Die US-amerikanische Raumfahrtagentur NASA hat bei https:\/\/apod.nasa.gov\/apod ein t\u00e4glich wechselndes Weltallbild. Die Erkl\u00e4rungen sind allerdings in englischer Sprache. Bilder zu den Plejaden findet man unter https:\/\/apod.nasa.gov\/apod\/ap221205.html Pleiades: The Seven Sisters Star Cluster und https:\/\/apod.nasa.gov\/apod\/ap220405.html Seven Sisters versus California.<\/p>\n<p style=\"font-weight: 400;\">&#8212;<\/p>\n<p style=\"font-weight: 400;\">Dr. Hansj\u00f6rg Biener (*1961) ist Pfarrer der Evangelisch-Lutherischen Kirche in Bayern und derzeit als Religionslehrer an N\u00fcrnberger Gymnasien t\u00e4tig. Au\u00dferdem ist er au\u00dferplanm\u00e4\u00dfiger Professor f\u00fcr Religionsp\u00e4dagogik und Didaktik des evangelischen Religionsunterrichts an der Friedrich-Alexander-Universit\u00e4t Erlangen-N\u00fcrnberg.<\/p>\n","protected":false},"excerpt":{"rendered":"<p>Monatsspruch November 2023 Bild: https:\/\/de.wikipedia.org\/wiki\/Plejaden#\/media\/Datei:Pleiades_large.jpg (2004 NASA, laut Wikipedia gemeinfrei) Haben Sie schon einmal in einer sternenklaren Nacht in den Himmel geschaut und die Sterne bewundert? Dann sind Sie nicht allein. Das Siebengestirn (wissenschaftlich M45 Plejaden) ist eine Sternengruppe, die schon lange vor dem Teleskop von den Menschen am Himmel entdeckt wurde. 1999 fand man [&hellip;]<\/p>\n","protected":false},"author":1,"featured_media":19019,"comment_status":"closed","ping_status":"closed","sticky":false,"template":"","format":"standard","meta":{"footnotes":""},"categories":[17,2,255,157,120,853,271,1467,349],"tags":[],"beitragende":[],"predigtform":[],"predigtreihe":[],"bibelstelle":[],"class_list":["post-19018","post","type-post","status-publish","format-standard","has-post-thumbnail","hentry","category-hiob","category-at","category-andachten-und-kurzpredigten","category-beitragende","category-bes_gelegenheiten","category-bibel","category-hansjoerg-biener","category-kapitel-09-chapter-09-hiob","category-kasus"],"_links":{"self":[{"href":"https:\/\/www.theologie.uzh.ch\/apps\/gpi\/wp-json\/wp\/v2\/posts\/19018","targetHints":{"allow":["GET"]}}],"collection":[{"href":"https:\/\/www.theologie.uzh.ch\/apps\/gpi\/wp-json\/wp\/v2\/posts"}],"about":[{"href":"https:\/\/www.theologie.uzh.ch\/apps\/gpi\/wp-json\/wp\/v2\/types\/post"}],"author":[{"embeddable":true,"href":"https:\/\/www.theologie.uzh.ch\/apps\/gpi\/wp-json\/wp\/v2\/users\/1"}],"replies":[{"embeddable":true,"href":"https:\/\/www.theologie.uzh.ch\/apps\/gpi\/wp-json\/wp\/v2\/comments?post=19018"}],"version-history":[{"count":1,"href":"https:\/\/www.theologie.uzh.ch\/apps\/gpi\/wp-json\/wp\/v2\/posts\/19018\/revisions"}],"predecessor-version":[{"id":19020,"href":"https:\/\/www.theologie.uzh.ch\/apps\/gpi\/wp-json\/wp\/v2\/posts\/19018\/revisions\/19020"}],"wp:featuredmedia":[{"embeddable":true,"href":"https:\/\/www.theologie.uzh.ch\/apps\/gpi\/wp-json\/wp\/v2\/media\/19019"}],"wp:attachment":[{"href":"https:\/\/www.theologie.uzh.ch\/apps\/gpi\/wp-json\/wp\/v2\/media?parent=19018"}],"wp:term":[{"taxonomy":"category","embeddable":true,"href":"https:\/\/www.theologie.uzh.ch\/apps\/gpi\/wp-json\/wp\/v2\/categories?post=19018"},{"taxonomy":"post_tag","embeddable":true,"href":"https:\/\/www.theologie.uzh.ch\/apps\/gpi\/wp-json\/wp\/v2\/tags?post=19018"},{"taxonomy":"beitragende","embeddable":true,"href":"https:\/\/www.theologie.uzh.ch\/apps\/gpi\/wp-json\/wp\/v2\/beitragende?post=19018"},{"taxonomy":"predigtform","embeddable":true,"href":"https:\/\/www.theologie.uzh.ch\/apps\/gpi\/wp-json\/wp\/v2\/predigtform?post=19018"},{"taxonomy":"predigtreihe","embeddable":true,"href":"https:\/\/www.theologie.uzh.ch\/apps\/gpi\/wp-json\/wp\/v2\/predigtreihe?post=19018"},{"taxonomy":"bibelstelle","embeddable":true,"href":"https:\/\/www.theologie.uzh.ch\/apps\/gpi\/wp-json\/wp\/v2\/bibelstelle?post=19018"}],"curies":[{"name":"wp","href":"https:\/\/api.w.org\/{rel}","templated":true}]}}