{"id":19184,"date":"2023-12-13T11:03:32","date_gmt":"2023-12-13T10:03:32","guid":{"rendered":"https:\/\/theologie.whp.uzh.ch\/apps\/gpi\/?p=19184"},"modified":"2023-12-13T11:03:32","modified_gmt":"2023-12-13T10:03:32","slug":"matthaeus-112-6-7-10","status":"publish","type":"post","link":"https:\/\/www.theologie.uzh.ch\/apps\/gpi\/matthaeus-112-6-7-10\/","title":{"rendered":"Matth\u00e4us 11,2-6 (7-10)"},"content":{"rendered":"<h3 style=\"font-weight: 400;\">Influencer | 3. Adventssonntag | 17. Dezember 2023 | Mt 11,2-6 (7-10) | Kira Busch-Wagner |<\/h3>\n<p style=\"font-weight: 400;\">Heute im Gottesdienst begegnen uns <em>einige<\/em> Influencer. Leute, die ganz gro\u00dfen Einfluss genommen haben. Aber manchmal auch dachten: Jetzt bin am Ende. Gescheitert. Aus und vorbei. \u2013 Dass wir heute \u00fcber sie reden, uns mit ihnen besch\u00e4ftigen, zeigt, wie wichtig sie geblieben sind.<\/p>\n<p style=\"font-weight: 400;\">Einen Influencer aus der Zeit, als das Radio solch eine Rolle spielte wie heute Tiktok, haben wir mit dem ersten Lied kennengelernt. Jochen Klepper. Einer, der nicht Pfarrer werden wollte wie sein Vater, eher Schauspieler, oder Schriftsteller, irgendwas Aufregendes in der Weltstadt Berlin. Er wurde ein Radiostar, und dann geriet er unter den Druck der Nationalsozialisten. Wurde gek\u00fcndigt. Schrieb einen Roman. Bekam f\u00fcr den Druck Papier genehmigt. Dann wieder nicht. Doch Lieder, die er dichtete, wurden in den Gottesdiensten gesungen. So wie bei uns. Insofern war er erfolgreich. Er war nicht erfolgreich, seiner Frau und seiner Stieftochter zu helfen. Als die beiden, weil sie als J\u00fcdinnen galten, in Lager gebracht werden sollten, wollte er lieber mit ihnen sterben, als sie aufzugeben.<\/p>\n<p style=\"font-weight: 400;\">Jochen Klepper war vor 100, vor 90, vor 80 Jahren ein christlicher Influencer, der seine Kirche ver\u00e4ndert hat. Er hat ganz fest vertraut: Jesus Christus kommt mir, kommt uns entgegen. Wir gehen auf Weihnachten zu. \u00a0Immer wieder. Und am Ende gibt es Weihnachten f\u00fcr immer. Zusammensein mit Gott. Das hat Klepper weitergegeben. Bisher erfolgreich.<\/p>\n<p style=\"font-weight: 400;\">Auch der biblische Abschnitt von heute berichtet von zwei Influencern, von denen der eine eine erfolgreiche Zeit hinter sich hat und der andere gerade beginnt, Leute zu sammeln. Follower. Sch\u00fcler. Luther hat das \u00fcbersetzt mit \u201eJ\u00fcnger\u201c.<\/p>\n<p style=\"font-weight: 400;\">Das eine in unserem Bibelabschnitt ist Johannes und das andere ist Jesus. Johannes hat seinen ganzen Einfluss genutzt, um zu sagen: da kommt noch was. Da kommt noch einer. Da kommt Gro\u00dfes auf uns zu. Bereitet euch vor! Eine neue Zeit bricht an.<\/p>\n<p style=\"font-weight: 400;\">In unserem Bibelabschnitt sitzt Johannes im Gef\u00e4ngnis. Er ist dem K\u00f6nig Herodes oder jemandem aus dessen Familie auf die F\u00fc\u00dfe getreten. Hat jemanden ver\u00e4rgert. Deshalb ist Johannes im Gef\u00e4ngnis und ausgeschaltet. Ein Influencer, dem man den Kanal gesperrt hat. Ein Prediger, dessen Stimme verhallt. Vorher hat Johannes in der W\u00fcste gepredigt und die Leute sind zu ihm in die W\u00fcste gekommen. Jetzt sitzt er im Gef\u00e4ngnis. Er wird langsam vergessen. Man kann sich gut vorstellen, wie Johannes verzweifelt. Hat sein Leben noch Sinn? \u00dcber seine Sch\u00fcler h\u00f6rt er von Jesus. Und erkundigt sich: Ist das der, der meine Sendung fortsetzt? Ist das der, bei dem die Sache Gottes aufgehoben ist? Ist das der Messias? Beginnt jetzt die neue Zeit?<\/p>\n<p style=\"font-weight: 400;\">Und Jesus antwortet nicht mit dem, was er will oder tut oder plant. Jesus antwortet mit dem, was Menschen in seiner Umgebung passiert. Blinde sehen. Menschen, die gel\u00e4hmt waren, stehen auf und gehen. Auss\u00e4tzige werden gesund. Lauter Codew\u00f6rter sind das. Codew\u00f6rter aus der Bibel. Zitate aus der Bibel. Beispiele f\u00fcr eine neue, messianische Zeit. Die Antwort von Jesus: eine gute Botschaft f\u00fcr Johannes.<\/p>\n<p style=\"font-weight: 400;\">Die Codew\u00f6rter haben die Sch\u00fcler von Jesus auch anderswo weitergegeben. Menschen werden geheilt. \u00a0Den Mutlosen wird frohe Botschaft verk\u00fcndet. Tod wird \u00fcberwunden.<\/p>\n<p style=\"font-weight: 400;\">Die Sch\u00fclerinnen und Sch\u00fcler von Jesus finden Geh\u00f6r. Haben Einfluss. Sonst g\u00e4be es heute keine Kirche, keine Gemeinde, keinen Konfi-Unterricht. Jetzt ist es an uns, weiterzugeben. Jetzt ist es an uns, von Weihnachten zu erz\u00e4hlen. Dass einer von Gott gekommen ist. Und dass das der Welt guttut. Jetzt ist es an uns, etwas zu ver\u00e4ndern. Mutlosen Mut zu machen. Schwachen beim Aufstehen zu helfen. Verstummten die Stimme leihen. So, wie ihr Konfis eure Stimme erhoben habt f\u00fcr die Jugendlichen in der Republik Kongo, dass sie zur Schule gehen k\u00f6nnen. Oder f\u00fcr die Leute in Bangladesch und Bolivien. Als Konfis stellt ihr euch an die Seite der Jesussch\u00fcler. Der J\u00fcnger. Der Follower.\u00a0 Hungernde werden satt. Kranke gesund. Mutlose bekommen Mut. Wenn Johannes euch h\u00f6rte, warum sollte er euch nicht vertrauen? Euch in der Nachfolge von Jesus. \u2013<\/p>\n<p style=\"font-weight: 400;\">Zum Psalm:<\/p>\n<p style=\"font-weight: 400;\">Der 3. Adventssonntag ist jedes Jahr in besonderer Weise Johannes, dem T\u00e4ufer und Prediger gewidmet. Diesem Rufer in der W\u00fcste. Man kann sich gut vorstellen, dass er Worte des 90. Psalms betet, als er im Gef\u00e4ngnis sitzt und mit dem Tod rechnen muss.<\/p>\n<p style=\"font-weight: 400;\">12\u00a0Lehre uns bedenken, dass wir sterben m\u00fcssen, auf dass wir klug werden.<\/p>\n<p style=\"font-weight: 400;\">13\u00a0HERR, kehre dich doch endlich wieder zu uns und sei deinen Knechten gn\u00e4dig!<\/p>\n<p style=\"font-weight: 400;\">14\u00a0F\u00fclle uns fr\u00fche mit deiner Gnade, so wollen wir r\u00fchmen und fr\u00f6hlich sein unser Leben lang.<\/p>\n<p style=\"font-weight: 400;\">15\u00a0Erfreue uns nun wieder, nachdem du uns so lange plagest, nachdem wir so lange Ungl\u00fcck leiden.<\/p>\n<p style=\"font-weight: 400;\">16\u00a0Zeige deinen Knechten deine Werke und deine Herrlichkeit ihren Kindern.<\/p>\n<p style=\"font-weight: 400;\">17\u00a0Und der Herr, unser Gott, sei uns freundlich und f\u00f6rdere das Werk unsrer H\u00e4nde bei uns.<\/p>\n<p style=\"font-weight: 400;\">Ja, das Werk unsrer H\u00e4nde wollest du f\u00f6rdern!<\/p>\n<p style=\"font-weight: 400;\">\n<p style=\"font-weight: 400;\">Lieder am 3. Sonntag der Adventszeit 2023:<\/p>\n<p style=\"font-weight: 400;\">EG 16, 1-3 Die Nacht ist vorgedrungen \u2026.<\/p>\n<p style=\"font-weight: 400;\">Neue Lieder 11 Christus, dein Licht, verkl\u00e4rt unsre Schatten, lasse nicht zu, dass das Dunkel zu uns spricht \u2026<\/p>\n<p style=\"font-weight: 400;\">EG 67, 1-3 Herr Christ, der einig Gotts Sohn \u2026.<\/p>\n<p style=\"font-weight: 400;\">Neue Lieder 30, 1-3 Durch das Dunkel hindurch scheint der Himmel hell \u2026<\/p>\n<p style=\"font-weight: 400;\">EG 65. 1+7 von guten M\u00e4chten \u2013<\/p>\n<p style=\"font-weight: 400;\">&#8212;<\/p>\n<p style=\"font-weight: 400;\">Kira Busch-Wagner, geb. 1961, Pfarrerin der evangelischen Landeskirche in Baden. Seit 2017 t\u00e4tig als Gemeindepfarrerin an der Trinitatiskirche in Karlsruhe-Durlach-Aue.<\/p>\n<p style=\"font-weight: 400;\">Vorsitzende der ACK-Karlsruhe, gepr\u00e4gt durch den christlich-j\u00fcdischen Dialog.<\/p>\n","protected":false},"excerpt":{"rendered":"<p>Influencer | 3. Adventssonntag | 17. Dezember 2023 | Mt 11,2-6 (7-10) | Kira Busch-Wagner | Heute im Gottesdienst begegnen uns einige Influencer. Leute, die ganz gro\u00dfen Einfluss genommen haben. Aber manchmal auch dachten: Jetzt bin am Ende. Gescheitert. Aus und vorbei. \u2013 Dass wir heute \u00fcber sie reden, uns mit ihnen besch\u00e4ftigen, zeigt, wie [&hellip;]<\/p>\n","protected":false},"author":1,"featured_media":19176,"comment_status":"closed","ping_status":"closed","sticky":false,"template":"","format":"standard","meta":{"footnotes":""},"categories":[36,616,1,157,853,114,408,349,455,3,109],"tags":[],"beitragende":[],"predigtform":[],"predigtreihe":[],"bibelstelle":[],"class_list":["post-19184","post","type-post","status-publish","format-standard","has-post-thumbnail","hentry","category-matthaeus","category-3-advent","category-aktuelle","category-beitragende","category-bibel","category-deut","category-kapitel-11-chapter-11-matthaeus","category-kasus","category-kira-busch-wagner","category-nt","category-predigten"],"_links":{"self":[{"href":"https:\/\/www.theologie.uzh.ch\/apps\/gpi\/wp-json\/wp\/v2\/posts\/19184","targetHints":{"allow":["GET"]}}],"collection":[{"href":"https:\/\/www.theologie.uzh.ch\/apps\/gpi\/wp-json\/wp\/v2\/posts"}],"about":[{"href":"https:\/\/www.theologie.uzh.ch\/apps\/gpi\/wp-json\/wp\/v2\/types\/post"}],"author":[{"embeddable":true,"href":"https:\/\/www.theologie.uzh.ch\/apps\/gpi\/wp-json\/wp\/v2\/users\/1"}],"replies":[{"embeddable":true,"href":"https:\/\/www.theologie.uzh.ch\/apps\/gpi\/wp-json\/wp\/v2\/comments?post=19184"}],"version-history":[{"count":1,"href":"https:\/\/www.theologie.uzh.ch\/apps\/gpi\/wp-json\/wp\/v2\/posts\/19184\/revisions"}],"predecessor-version":[{"id":19185,"href":"https:\/\/www.theologie.uzh.ch\/apps\/gpi\/wp-json\/wp\/v2\/posts\/19184\/revisions\/19185"}],"wp:featuredmedia":[{"embeddable":true,"href":"https:\/\/www.theologie.uzh.ch\/apps\/gpi\/wp-json\/wp\/v2\/media\/19176"}],"wp:attachment":[{"href":"https:\/\/www.theologie.uzh.ch\/apps\/gpi\/wp-json\/wp\/v2\/media?parent=19184"}],"wp:term":[{"taxonomy":"category","embeddable":true,"href":"https:\/\/www.theologie.uzh.ch\/apps\/gpi\/wp-json\/wp\/v2\/categories?post=19184"},{"taxonomy":"post_tag","embeddable":true,"href":"https:\/\/www.theologie.uzh.ch\/apps\/gpi\/wp-json\/wp\/v2\/tags?post=19184"},{"taxonomy":"beitragende","embeddable":true,"href":"https:\/\/www.theologie.uzh.ch\/apps\/gpi\/wp-json\/wp\/v2\/beitragende?post=19184"},{"taxonomy":"predigtform","embeddable":true,"href":"https:\/\/www.theologie.uzh.ch\/apps\/gpi\/wp-json\/wp\/v2\/predigtform?post=19184"},{"taxonomy":"predigtreihe","embeddable":true,"href":"https:\/\/www.theologie.uzh.ch\/apps\/gpi\/wp-json\/wp\/v2\/predigtreihe?post=19184"},{"taxonomy":"bibelstelle","embeddable":true,"href":"https:\/\/www.theologie.uzh.ch\/apps\/gpi\/wp-json\/wp\/v2\/bibelstelle?post=19184"}],"curies":[{"name":"wp","href":"https:\/\/api.w.org\/{rel}","templated":true}]}}