{"id":19489,"date":"2024-02-07T12:27:53","date_gmt":"2024-02-07T11:27:53","guid":{"rendered":"https:\/\/theologie.whp.uzh.ch\/apps\/gpi\/?p=19489"},"modified":"2024-02-07T12:27:53","modified_gmt":"2024-02-07T11:27:53","slug":"2o-reis-2-1-12","status":"publish","type":"post","link":"https:\/\/www.theologie.uzh.ch\/apps\/gpi\/2o-reis-2-1-12\/","title":{"rendered":"2\u00ba Reis 2.1-12"},"content":{"rendered":"<h3 style=\"font-weight: 400;\">PR\u00c9DICA PARAO \u00daLTIMO DOMINGO AP\u00d3S EPIFANIA | 11.02.2023 | Texto da pr\u00e9dica: : 2\u00ba Reis 2.1-12, Evangelho: Marcos 9.2-9 | Vera L\u00facia Engelhardt |<\/h3>\n<p style=\"font-weight: 400;\">A gra\u00e7a e a paz de Deus estejam com voc\u00ea!<\/p>\n<p style=\"font-weight: 400;\">\u00c9 bom estarmos aqui! Vamos ficar por aqui mesmo? Quando nos acontecem bons e alegres tempos, quando estamos em lugares belos e agrad\u00e1veis temos desejo de ficar por ali mesmo, que este tempo durasse para sempre.<\/p>\n<p style=\"font-weight: 400;\">Era muito bom ficar com Jesus, Mois\u00e9s e Elias sobre o alto monte, longe de tudo e de todos, sem desafios a enfrentar, sem caminhos a percorrer! Assim pensaram Pedro, Tiago e Jo\u00e3o. Pedro diz que \u00e9 muito bom estar ali! Vamos fazer uma tenda e ficar por aqui mesmo! Neste m\u00eas muitas pessoas ainda est\u00e3o em tempo de descanso, passeando em lugares bonitos, visitando familiares: Voc\u00ea j\u00e1 teve vontade de ficar por onde est\u00e1 agora ou um lugar onde j\u00e1 esteve?<\/p>\n<p style=\"font-weight: 400;\">Mas&#8230;. aqueles tr\u00eas no alto do monte e n\u00f3s hoje aqui ouvimos a voz do Senhor que diz: \u201cEste \u00e9 meu filho amado, escutem o que ele diz\u201d! \u00c9 tempo de escutar, ouvir e acolher. \u00c9 preciso descer do monte de corpo, alma e mente, sabendo da salva\u00e7\u00e3o em Cristo e <strong>caminhar no mundo com seus desafios<\/strong>, pois \u00e9 neste mundo, nesta cidade, neste bairro, nas ruas e nas casas, na vida nossa de cada dia que a Palavra que se tornou ser humano encontra lugar de acolhida e germina e produz os frutos do amor, da paz e da esperan\u00e7a.<\/p>\n<p style=\"font-weight: 400;\"><strong>Hoje n\u00f3s caminhamos com o profeta Elias e o profeta Eliseu<\/strong>. Os dois profetas empreenderam uma viagem, a derradeira viagem de Elias. Profetas falam em nome de Deus. Sua miss\u00e3o \u00e9 proclamar aos governadores e ao povo a Palavra de Deus que eles, os profetas, receberam. Em outras palavras, eles precisam anunciar qual \u00e9 a vontade de Deus \u00e0s pessoas. Isso envolve momentos bons e momentos de tens\u00e3o quando verdadeiramente \u00e9 preciso dizer do mal que \u00e9 praticado.<\/p>\n<p style=\"font-weight: 400;\"><strong>A caminhada prof\u00e9tica n\u00e3o acontece na solid\u00e3o. <\/strong>Elias pede que Eliseu n\u00e3o o acompanhe. Insistiu por tr\u00eas vezes. Tr\u00eas vezes Eliseu responde: \u201cT\u00e3o certo como vive o Senhor, e como voc\u00ea vive, n\u00e3o o deixarei ir sozinho\u201d. H\u00e1 que se compartilhar a vida e os caminhos podem ser percorridos juntos. Torna-se mais f\u00e1cil e mais leve a caminhada. Experimenta-se o apoio e o cuidado m\u00fatuo.<\/p>\n<p style=\"font-weight: 400;\">Eliseu \u00e9 persistente em n\u00e3o deixar Elias sozinho nesta \u00faltima viagem que far\u00e1. E Eliseu sabe o que ir\u00e1 acontecer a Elias ao final da estrada percorrida: \u201cO Senhor o levar\u00e1\u201d. A fidelidade e parceria s\u00e3o fortalecidas. Eliseu reafirma: T\u00e3o certo como vive o Senhor, n\u00e3o o deixarei. E realmente cumpre isso.<\/p>\n<p style=\"font-weight: 400;\">Hoje nos dispomos a permanecer juntos e juntas, unidos e unidas pela f\u00e9 em Cristo Jesus? Nos tempos dif\u00edceis, de crises, a perseveran\u00e7a de n\u00e3o deixar uma pessoa sozinha, ao contr\u00e1rio, fazer-se presente e caminhar junto \u00e9 o que podemos fazer, a exemplo de Eliseu e Elias. Experimente a gra\u00e7a de viver em uni\u00e3o e amor, cuidado m\u00fatuo e respeitoso em sua fam\u00edlia, comunidade, em seu trabalho.<\/p>\n<p style=\"font-weight: 400;\"><strong>\u00c9 Deus quem envia para caminhar:<\/strong> \u201cO Senhor me enviou a Betel, a Jeric\u00f3, ao Jord\u00e3o\u201d diz o profeta Elias. Se Deus envia, se vai.<\/p>\n<p style=\"font-weight: 400;\">Deus envia-nos hoje? Sim, somos enviados e enviadas por Deus a dar testemunho de seu amor e miseric\u00f3rdia. Se escutamos o que Cristo diz, o ouvimos Ele nos chamando pelo nome, nos acolhendo por sua gra\u00e7a e nos dizendo: Anunciem o Evangelho da liberta\u00e7\u00e3o. Somos dEle.<\/p>\n<p style=\"font-weight: 400;\">Para onde Deus nos envia? Deus os envia e caminha junto de n\u00f3s ali onde as pessoas est\u00e3o. Aquelas que est\u00e3o ao nosso lado, est\u00e3o presentes e com as quais convivemos. Mas tamb\u00e9m nos envia a lugares onde existem sofrimentos, para ali viver amor e diaconia; nos envia a lugares onde reina a injusti\u00e7a, para viver a justi\u00e7a e a paz. Deus nos envia a anunciar e convidar pessoas para o conhec\u00ea-lo, viver a f\u00e9 diariamente e participar da caminhada comunit\u00e1ria.<\/p>\n<p style=\"font-weight: 400;\">Toda a vida pode ser entendida sob esta perspectiva, o caminho a ser andado o \u00e9 por envio do Senhor. E nestes caminhos que s\u00e3o percorridos \u00e9 melhor andar juntos, n\u00e3o sozinhos.<\/p>\n<p style=\"font-weight: 400;\">Elias e Eliseu caminhavam e falavam um com o outro. Assim at\u00e9 o final quando Elias \u00e9 elevado ao c\u00e9u. Na caminhar as coisas v\u00e3o sendo reveladas, percebidas, compreendidas, assim como vemos na caminhada de Ema\u00fas quando Jesus \u00e9 reconhecido pelos disc\u00edpulos que estavam tristes.<\/p>\n<p style=\"font-weight: 400;\">O que falamos um com o outro, uma com a outra nos caminhos que percorremos? \u00c9 bom caminhar juntos. Mas quando h\u00e1 pessoas juntas facilmente h\u00e1 desentendimentos por a\u00e7\u00f5es e falas ego\u00edstas, nada am\u00e1veis, ao contr\u00e1rio, cheias de julgamentos e ju\u00edzos. \u00c9 uma boa a\u00e7\u00e3o ouvir e falar, dialogar com respeito e de maneira justa, o caminho fica mais agrad\u00e1vel, as dist\u00e2ncias s\u00e3o encurtadas.<\/p>\n<p style=\"font-weight: 400;\">Os profetas e as profetisas tinham a tarefa de falar aos governadores e ao povo a Palavra do Senhor que haviam recebido. Quase sempre \u00e9 palavra que denuncia o que \u00e9 realizado de maneira desvirtuada, equivocada e discordante da vontade de Deus. Resulta em denunciar o pecado e o mal. E o outro resultado disso \u00e9 que h\u00e1 consequ\u00eancias para o viver destas pessoas. Elias achou-se com vontade de morrer em certa ocasi\u00e3o (1\u00ba Rs 19.4). Noutra foi perseguido e teve de morar fora dos olhos dos que o perseguiam e receber alimento de maneira inusitada, quando os p\u00e1ssaros o alimentaram (1 Rs 17.6). Sim, a den\u00fancia do pecado e do mal que acontecem entre n\u00f3s, no lugar que vivemos, n\u00f3s precisamos ouvir e reconhecer que somos pessoas humanas falhas e pecadoras. Suplicar o perd\u00e3o a Deus e mudar o modo de viver. N\u00e3o podemos firmar parceria com o mal.<\/p>\n<p style=\"font-weight: 400;\"><strong>\u00c9 melhor sair em companhia.<\/strong> \u00c9 essencial conversar pelo caminho. Encontramos pessoas nas cidades e nos diferentes lugares deste caminho. Podemos visit\u00e1-los, assim como Elias e Eliseu fizeram. Faz-se necess\u00e1rio perseverar juntos no caminho. \u00c9 o Senhor quem envia, sempre adiante e a Ele pertence a honra e toda gl\u00f3ria. Esta \u00e9 uma poss\u00edvel estrat\u00e9gia mission\u00e1ria pessoal e comunit\u00e1ria que aprendemos com os profetas Elias e Eliseu neste \u00faltimo domingo ap\u00f3s epifania, o domingo da Transfigura\u00e7\u00e3o do Senhor.<\/p>\n<p style=\"font-weight: 400;\">Os caminhos n\u00e3o s\u00e3o sempre belos e felizes. H\u00e1 separa\u00e7\u00f5es, houve um fim a este caminho percorrido juntos. Eliseu experimentou o luto, rasgou suas vestes, pranteou e no luto testemunhou do seu amor e respeito por Elias: Meu Pai, Meu Pai!\u201d. E testemunhou a partir do que Elias profetizou: S\u00f3 Deus \u00e9 Senhor, acima de qualquer outra for\u00e7a.<\/p>\n<p style=\"font-weight: 400;\">A comunidade, a Igreja, tem por fim e miss\u00e3o \u201cpropagar o Evangelho de Jesus Cristo; estimular a viv\u00eancia evang\u00e9lica pessoal, familiar e comunit\u00e1ria; promover a paz, a justi\u00e7a e o amor na sociedade; participar do testemunho do Evangelho no Pa\u00eds e no mundo\u201d. (Constitui\u00e7\u00e3o da IECLB, 3\u00ba artigo). E assim o faz por saber-se enviada pelo pr\u00f3prio Deus. E, como bem sabemos, Jesus est\u00e1 sempre presente nos caminhos, ele nos diz: Eis que estou com voc\u00eas at\u00e9 o fim dos tempos! Que gra\u00e7a maravilhosa e consoladora temos para caminhar!<\/p>\n<p style=\"font-weight: 400;\">No caminho da vida temos o compromisso de propagar o evangelho. Juntos \u00e9 melhor. N\u00e3o podemos ficar parados, h\u00e1 que seguir. As equipes de trabalho precisam acertar o rumo e o passo. \u00c9 preciso conversar, ouvir e falar, responder as perguntas com clareza. A f\u00e9 une as pessoas e o cuidado de uns para com os outros \u00e9 realidade sempre presente. No caminho h\u00e1 sofrimentos, separa\u00e7\u00f5es, o luto pela partida de Elias. Na miss\u00e3o h\u00e1 tamb\u00e9m isso, sofrimentos porque fi\u00e9is companheiros de jornada falecem. Nos consolamos mutuamente e a miss\u00e3o segue.<\/p>\n<p style=\"font-weight: 400;\">O convite que recebemos hoje \u00e9 para anunciar a Cristo, que ele veio ao mundo e se d\u00e1 a conhecer desde o sul, norte, leste e oeste, onde h\u00e1 vida. Cristo \u00e9 revelado a este mundo. \u00c9 bom estar com Jesus, assim disse Pedro a Jesus. \u00c9 preciso ouvi-lo e descer do monte, descer do lugar confort\u00e1vel e caminhar, porque Deus nos envia. Deus envia a Comunidade, a Igreja a viver e testemunhar o amor de Deus, convidando as pessoas a ouvir o que Cristo diz, a acolher uns aos outros e viver o cuidado para com as pessoas e ao mundo, o ambiente no qual vivemos. Deus envia a voc\u00ea e a mim. Deus envia e chama a sua comunidade a ser mission\u00e1ria e acolhedora. Deus nos diz: \u201cEste \u00e9 o meu filho amado, escutem o que ele diz\u201d. Escutemos e caminhemos juntos e juntas. Assim Deus nos guarda, hoje e sempre. Am\u00e9m.<\/p>\n<p style=\"font-weight: 400;\">&#8212;<\/p>\n<p style=\"font-weight: 400;\">Pastora Vera Lucia Engelhardt<\/p>\n<p style=\"font-weight: 400;\">Cacoal \u2013 Rond\u00f4nia (Brasilien)<\/p>\n<p style=\"font-weight: 400;\"><a href=\"mailto:Vlengelhardt1@gmail.com\">Vlengelhardt1@gmail.com<\/a><\/p>\n","protected":false},"excerpt":{"rendered":"<p>PR\u00c9DICA PARAO \u00daLTIMO DOMINGO AP\u00d3S EPIFANIA | 11.02.2023 | Texto da pr\u00e9dica: : 2\u00ba Reis 2.1-12, Evangelho: Marcos 9.2-9 | Vera L\u00facia Engelhardt | A gra\u00e7a e a paz de Deus estejam com voc\u00ea! \u00c9 bom estarmos aqui! Vamos ficar por aqui mesmo? Quando nos acontecem bons e alegres tempos, quando estamos em lugares belos [&hellip;]<\/p>\n","protected":false},"author":1,"featured_media":7920,"comment_status":"closed","ping_status":"closed","sticky":false,"template":"","format":"standard","meta":{"footnotes":""},"categories":[15,2,157,853,108,674,1500,349,112,109,1499],"tags":[],"beitragende":[],"predigtform":[],"predigtreihe":[],"bibelstelle":[],"class_list":["post-19489","post","type-post","status-publish","format-standard","has-post-thumbnail","hentry","category-2-koenige","category-at","category-beitragende","category-bibel","category-current","category-estomihi","category-kapitel-02-chapter-02-2-koenige","category-kasus","category-port","category-predigten","category-vera-lucia-engelhardt"],"_links":{"self":[{"href":"https:\/\/www.theologie.uzh.ch\/apps\/gpi\/wp-json\/wp\/v2\/posts\/19489","targetHints":{"allow":["GET"]}}],"collection":[{"href":"https:\/\/www.theologie.uzh.ch\/apps\/gpi\/wp-json\/wp\/v2\/posts"}],"about":[{"href":"https:\/\/www.theologie.uzh.ch\/apps\/gpi\/wp-json\/wp\/v2\/types\/post"}],"author":[{"embeddable":true,"href":"https:\/\/www.theologie.uzh.ch\/apps\/gpi\/wp-json\/wp\/v2\/users\/1"}],"replies":[{"embeddable":true,"href":"https:\/\/www.theologie.uzh.ch\/apps\/gpi\/wp-json\/wp\/v2\/comments?post=19489"}],"version-history":[{"count":1,"href":"https:\/\/www.theologie.uzh.ch\/apps\/gpi\/wp-json\/wp\/v2\/posts\/19489\/revisions"}],"predecessor-version":[{"id":19490,"href":"https:\/\/www.theologie.uzh.ch\/apps\/gpi\/wp-json\/wp\/v2\/posts\/19489\/revisions\/19490"}],"wp:featuredmedia":[{"embeddable":true,"href":"https:\/\/www.theologie.uzh.ch\/apps\/gpi\/wp-json\/wp\/v2\/media\/7920"}],"wp:attachment":[{"href":"https:\/\/www.theologie.uzh.ch\/apps\/gpi\/wp-json\/wp\/v2\/media?parent=19489"}],"wp:term":[{"taxonomy":"category","embeddable":true,"href":"https:\/\/www.theologie.uzh.ch\/apps\/gpi\/wp-json\/wp\/v2\/categories?post=19489"},{"taxonomy":"post_tag","embeddable":true,"href":"https:\/\/www.theologie.uzh.ch\/apps\/gpi\/wp-json\/wp\/v2\/tags?post=19489"},{"taxonomy":"beitragende","embeddable":true,"href":"https:\/\/www.theologie.uzh.ch\/apps\/gpi\/wp-json\/wp\/v2\/beitragende?post=19489"},{"taxonomy":"predigtform","embeddable":true,"href":"https:\/\/www.theologie.uzh.ch\/apps\/gpi\/wp-json\/wp\/v2\/predigtform?post=19489"},{"taxonomy":"predigtreihe","embeddable":true,"href":"https:\/\/www.theologie.uzh.ch\/apps\/gpi\/wp-json\/wp\/v2\/predigtreihe?post=19489"},{"taxonomy":"bibelstelle","embeddable":true,"href":"https:\/\/www.theologie.uzh.ch\/apps\/gpi\/wp-json\/wp\/v2\/bibelstelle?post=19489"}],"curies":[{"name":"wp","href":"https:\/\/api.w.org\/{rel}","templated":true}]}}