{"id":19497,"date":"2024-02-07T21:58:32","date_gmt":"2024-02-07T20:58:32","guid":{"rendered":"https:\/\/theologie.whp.uzh.ch\/apps\/gpi\/?p=19497"},"modified":"2024-02-07T21:58:32","modified_gmt":"2024-02-07T20:58:32","slug":"jesaja-16","status":"publish","type":"post","link":"https:\/\/www.theologie.uzh.ch\/apps\/gpi\/jesaja-16\/","title":{"rendered":"Jesaja 1;6"},"content":{"rendered":"<h3 style=\"font-weight: 400;\">Fast durchg\u00e4ngig gereimte Faschingspredigt | Estomihi | 11.02.2024 | Jesaja 1 und 6 in Auswahl | Uland Spahlinger |<\/h3>\n<p style=\"font-weight: 400;\">Gnade vor allem und Frieden und<\/p>\n<p style=\"font-weight: 400;\">Freude sei bei uns &#8211; in dieser Stund\u2018.<\/p>\n<p style=\"font-weight: 400;\">\n<p style=\"font-weight: 400;\">Als ich neulich \u2018nem Freund erz\u00e4hle,<\/p>\n<p style=\"font-weight: 400;\">dass ich f\u00fcr heute die Reimform w\u00e4hle,<\/p>\n<p style=\"font-weight: 400;\">da fragt der: ja meinst du ehrlich?<\/p>\n<p style=\"font-weight: 400;\">Ist Witze machen nicht gef\u00e4hrlich?<\/p>\n<p style=\"font-weight: 400;\">Die Zeiten sind doch furchtbar \u00f6de,<\/p>\n<p style=\"font-weight: 400;\">die Reden fad und ziemlich schn\u00f6de,<\/p>\n<p style=\"font-weight: 400;\">Bei uns gibt\u2019s keinen Feuerlurch,<\/p>\n<p style=\"font-weight: 400;\">der Aiwanger ist auch schon durch\u2026.<\/p>\n<p style=\"font-weight: 400;\">\n<p style=\"font-weight: 400;\">Obwohl, das muss ich rasch erz\u00e4hlen<\/p>\n<p style=\"font-weight: 400;\">und euch mit seiner Logik qu\u00e4len:<\/p>\n<p style=\"font-weight: 400;\">Neulich war der Herr Wirtschaftsminister<\/p>\n<p style=\"font-weight: 400;\">In Regensburg beim Hotelierverband.<\/p>\n<p style=\"font-weight: 400;\">Und da nun zog er alle Register<\/p>\n<p style=\"font-weight: 400;\">Und verk\u00fcndete unter der Hand,<\/p>\n<p style=\"font-weight: 400;\">dass die Ampel, die in Berlin da oben,<\/p>\n<p style=\"font-weight: 400;\">die Mehrwertsteuer hat angezogen,<\/p>\n<p style=\"font-weight: 400;\">um damit, o ja, da kriegst du die Motten,<\/p>\n<p style=\"font-weight: 400;\">in Bayern die Stammtische auszurotten!<\/p>\n<p style=\"font-weight: 400;\">\n<p style=\"font-weight: 400;\">Und ist der Stammtisch ausradiert,<\/p>\n<p style=\"font-weight: 400;\">dann wird ja nicht mehr diskutiert<\/p>\n<p style=\"font-weight: 400;\">und politisiert,<\/p>\n<p style=\"font-weight: 400;\">sich echauffiert.<\/p>\n<p style=\"font-weight: 400;\">Denn wenn das Bier zu teuer wird,<\/p>\n<p style=\"font-weight: 400;\">geht keiner mehr zum Wirt.<\/p>\n<p style=\"font-weight: 400;\">\n<p style=\"font-weight: 400;\">Herrn Aiwanger besorgt das sehr:<\/p>\n<p style=\"font-weight: 400;\">Wo kriegt er dann die Stimmen her?<\/p>\n<p style=\"font-weight: 400;\">\n<p style=\"font-weight: 400;\">Mann, die Behauptung, die ist k\u00fchne,<\/p>\n<p style=\"font-weight: 400;\">Hubert hat Angst um seine B\u00fchne!<\/p>\n<p style=\"font-weight: 400;\">Doch damit nun genug genannt,<\/p>\n<p style=\"font-weight: 400;\">der hat sich wieder mal verrannt<\/p>\n<p style=\"font-weight: 400;\">und zeigt der Welt ganz unverdreht,<\/p>\n<p style=\"font-weight: 400;\">wie er die Politik versteht.<\/p>\n<p style=\"font-weight: 400;\">\n<p style=\"font-weight: 400;\">Der Mann ist damit nicht alleine,<\/p>\n<p style=\"font-weight: 400;\">die Spr\u00fccheklopfer sind Legion,<\/p>\n<p style=\"font-weight: 400;\">und viel zu viele haben keine<\/p>\n<p style=\"font-weight: 400;\">Spur von Respekt in ihrem Ton.<\/p>\n<p style=\"font-weight: 400;\">Sie reden kaum noch zu den Sachen,<\/p>\n<p style=\"font-weight: 400;\">woll\u2019n ihre Gegner runtermachen.<\/p>\n<p style=\"font-weight: 400;\">Da wird gep\u00f6belt, massakriert,<\/p>\n<p style=\"font-weight: 400;\">und ausgeteilt ganz ungeniert.<\/p>\n<p style=\"font-weight: 400;\">Denn ist der Gegner erst blamiert,<\/p>\n<p style=\"font-weight: 400;\">dann sind die Freunde am\u00fcsiert.<\/p>\n<p style=\"font-weight: 400;\">\n<p style=\"font-weight: 400;\">Nein, nein, mit so viel Populisten<\/p>\n<p style=\"font-weight: 400;\">macht\u2019s B\u00fcrgersein nicht soooo viel Spa\u00df.<\/p>\n<p style=\"font-weight: 400;\">Viel schlimmer doch sind die Faschisten,<\/p>\n<p style=\"font-weight: 400;\">denn die verspr\u00fchen Hetz und Hass.<\/p>\n<p style=\"font-weight: 400;\">Und an dieser Stelle muss ich das Reimen unterbrechen, denn die Umtriebe rechtsradikaler, faschistoider Kr\u00e4fte in unserem Land sind kein geeignetes Thema f\u00fcr den Reim. Da ist knochentrockene Prosa angesagt, also entschuldigt den Moment. Wer von \u201eRemigration\u201c schwadroniert, daf\u00fcr Gleichgesinnte zu einer Party nach Potsdam einl\u00e4dt und horrende Summen verlangt \u2013 pro Nase 5000 Euro (\u201eMindestspende!\u201c), &#8211; um die Kriegskasse zu f\u00fcllen, und in Wirklichkeit \u201eDeportation\u201c meint: solche Leute verdienen keinen ordentlichen Reim. Du kannst Dir ja sowieso keinen Reim darauf machen, was die sich eigentlich denken: alle Menschen mit Migrationshintergrund sollen Deutschland verlassen. Wohin, bitte? Und wer bleibt dann noch da? Wer macht die Arbeit? Menschen mit Beeintr\u00e4chtigungen kommen ins Fadenkreuz dieser Leute. Hatten wir schon mal, brauchen wir keinesfalls wieder. Und dann gleich noch die mit anderer Meinung als dieser verschwurbelten Blut-und Boden-Deutschtums-Ideologie: Da wird es finster braun in unserem sch\u00f6nen Land, da gehen dann die Lichter aus und die Vielfalt, die Freiheit der Diskussion, die bunte Kunst und Kultur werden ausgetrocknet. Eine geistige W\u00fcste droht \u2013 auch das hatten wir schon und brauchen wir nie wieder. Nie wieder ist jetzt. Auf solchen v\u00f6lkischen Unfug kann ich mir keinen Reim machen, will ich auch nicht \u2013 und deshalb dieser \u00e4rgerliche Einschub!<\/p>\n<p style=\"font-weight: 400;\">Da lob ich mir die Demo hier (in Dinkelsb\u00fchl am 4.2.).<\/p>\n<p style=\"font-weight: 400;\">Vor einer Woche hatten wir<\/p>\n<p style=\"font-weight: 400;\">ne Kundgebung in Dinkelsb\u00fchl<\/p>\n<p style=\"font-weight: 400;\">gut f\u00fcr\u2018n Verstand und f\u00fcr\u2019s Gef\u00fchl.<\/p>\n<p style=\"font-weight: 400;\">\n<p style=\"font-weight: 400;\">Es kamen viele \u2013 wir waren verwundert,<\/p>\n<p style=\"font-weight: 400;\">die Polizei sch\u00e4tze so 700,<\/p>\n<p style=\"font-weight: 400;\">doch andre Leute wollten nicht sparen,<\/p>\n<p style=\"font-weight: 400;\">die meinten, dass es wohl 1000 waren.<\/p>\n<p style=\"font-weight: 400;\">Egal, ihr Leut, eine stolze Menge,<\/p>\n<p style=\"font-weight: 400;\">wir hatten sogar ein bisschen Gedr\u00e4nge.<\/p>\n<p style=\"font-weight: 400;\">Vor allem, und das ist nicht einerlei,<\/p>\n<p style=\"font-weight: 400;\">es waren so ziemlich alle dabei:<\/p>\n<p style=\"font-weight: 400;\">Parteien, Kirchen und Vereine,<\/p>\n<p style=\"font-weight: 400;\">Kultur und Sport, Gro\u00dfe und Kleine,<\/p>\n<p style=\"font-weight: 400;\">Verb\u00e4nde und Privatpersonen,<\/p>\n<p style=\"font-weight: 400;\">auch solche, die woanders wohnen;<\/p>\n<p style=\"font-weight: 400;\">viele Senioren und auch nicht minder<\/p>\n<p style=\"font-weight: 400;\">und richtig toll: ganz viele Kinder.<\/p>\n<p style=\"font-weight: 400;\">\n<p style=\"font-weight: 400;\">Die hielten uns in das Gesichte<\/p>\n<p style=\"font-weight: 400;\">So richtig kultige Gedichte.<\/p>\n<p style=\"font-weight: 400;\">Die machten froh,<\/p>\n<p style=\"font-weight: 400;\">zum Beispiel so:<\/p>\n<p style=\"font-weight: 400;\">Der Fuchs ist schlau und stellt sich dumm,<\/p>\n<p style=\"font-weight: 400;\">bei der AfD ist\u2019s andersrum.<\/p>\n<p style=\"font-weight: 400;\">\n<p style=\"font-weight: 400;\">Auf einem andren Schild, da stand,<\/p>\n<p style=\"font-weight: 400;\">was ich ja noch viel sch\u00f6ner fand:<\/p>\n<p style=\"font-weight: 400;\">\n<p style=\"font-weight: 400;\">Lilifee<\/p>\n<p style=\"font-weight: 400;\">Statt AfD.<\/p>\n<p style=\"font-weight: 400;\">\n<p style=\"font-weight: 400;\">Und damit, Herr und Knecht und Magd,<\/p>\n<p style=\"font-weight: 400;\">ist eigentlich alles gesagt.<\/p>\n<p style=\"font-weight: 400;\">\n<p style=\"font-weight: 400;\">Ja, vieles scheint doch ziemlich erregt,<\/p>\n<p style=\"font-weight: 400;\">weil uns die Zeit den Atem verschl\u00e4gt.<\/p>\n<p style=\"font-weight: 400;\">Drum lohnt es, Fakten zu ergr\u00fcnden,<\/p>\n<p style=\"font-weight: 400;\">die eigne Mitte auch zu finden<\/p>\n<p style=\"font-weight: 400;\">und dann erst den Diskurs zu suchen,<\/p>\n<p style=\"font-weight: 400;\">argumentieren statt zu fluchen,<\/p>\n<p style=\"font-weight: 400;\">gewiss, das kostet Zeit und Kraft,<\/p>\n<p style=\"font-weight: 400;\">was deshalb auch nicht jeder schafft.<\/p>\n<p style=\"font-weight: 400;\">\n<p style=\"font-weight: 400;\">Jedoch das lohnt, ihr lieben Leut,<\/p>\n<p style=\"font-weight: 400;\">als Mittel gegen Bl\u00f6digkeit.<\/p>\n<p style=\"font-weight: 400;\">Dazu ein Schuss Gelassenheit,<\/p>\n<p style=\"font-weight: 400;\">ich sage euch: so was befreit.<\/p>\n<p style=\"font-weight: 400;\">Wir brauchen Freiheit der Gedanken,<\/p>\n<p style=\"font-weight: 400;\">doch die soll, meinen manche, wanken;<\/p>\n<p style=\"font-weight: 400;\">doch selber denken, immer neu:<\/p>\n<p style=\"font-weight: 400;\">das ist kein Luxus, meiner Treu!<\/p>\n<p style=\"font-weight: 400;\">\n<p style=\"font-weight: 400;\">Die Welt ist komplex, das muss man sagen.<\/p>\n<p style=\"font-weight: 400;\">Die Dinge sind oft ganz sch\u00f6n verdreht.<\/p>\n<p style=\"font-weight: 400;\">Da musst du auch neue Gedanken wagen,<\/p>\n<p style=\"font-weight: 400;\">wenn\u2019s mit den alten so nicht mehr geht.<\/p>\n<p style=\"font-weight: 400;\">Doch wer dann nur mit platten Fragen<\/p>\n<p style=\"font-weight: 400;\">den L\u00f6sungen im Wege steht,<\/p>\n<p style=\"font-weight: 400;\">oder mit Jammern und mit Klagen<\/p>\n<p style=\"font-weight: 400;\">andauernd Tatsachen verdreht,<\/p>\n<p style=\"font-weight: 400;\">und sich dann \u00fcberdies ganz ungeniert<\/p>\n<p style=\"font-weight: 400;\">als Opfer des Establishments geriert,<\/p>\n<p style=\"font-weight: 400;\">dem muss man wohl, anstatt zu fliehen,<\/p>\n<p style=\"font-weight: 400;\">die Maske von der Fratze ziehen.<\/p>\n<p style=\"font-weight: 400;\">\n<p style=\"font-weight: 400;\">Denn noch einmal: der Kindermund<\/p>\n<p style=\"font-weight: 400;\">tut unverstellt die Wahrheit kund:<\/p>\n<p style=\"font-weight: 400;\">Lilifee<\/p>\n<p style=\"font-weight: 400;\">Statt AfD.<\/p>\n<p style=\"font-weight: 400;\">Schee.<\/p>\n<p style=\"font-weight: 400;\">\n<p style=\"font-weight: 400;\">Aber nicht genug<\/p>\n<p style=\"font-weight: 400;\">Gegen Volksbetrug.<\/p>\n<p style=\"font-weight: 400;\">\n<p style=\"font-weight: 400;\">Nun fragt mich mancher: Herr Dekan,<\/p>\n<p style=\"font-weight: 400;\">ja ficht Sie denn nun gar nichts an?<\/p>\n<p style=\"font-weight: 400;\">Dem Aiwanger den Stammtisch spotten,<\/p>\n<p style=\"font-weight: 400;\">und dann selber, ganz hartgesotten,<\/p>\n<p style=\"font-weight: 400;\">die Kanzel instrumentalisieren<\/p>\n<p style=\"font-weight: 400;\">und unverhohlen politisieren?<\/p>\n<p style=\"font-weight: 400;\">\n<p style=\"font-weight: 400;\">Tun Sie das mal unterlassen<\/p>\n<p style=\"font-weight: 400;\">Mit Gottes Wort ist nicht zu spa\u00dfen!<\/p>\n<p style=\"font-weight: 400;\">\n<p style=\"font-weight: 400;\">Die Frage ist nicht unberechtigt,<\/p>\n<p style=\"font-weight: 400;\">denn manchmal ist es schon verd\u00e4chtig,<\/p>\n<p style=\"font-weight: 400;\">dass nicht nur das Dankgebet<\/p>\n<p style=\"font-weight: 400;\">und Lobpreis zur Debatte steht.<\/p>\n<p style=\"font-weight: 400;\">Manchem macht es fast Verdruss,<\/p>\n<p style=\"font-weight: 400;\">dass man so vieles bitten muss.<\/p>\n<p style=\"font-weight: 400;\">\n<p style=\"font-weight: 400;\">Nun gilt f\u00fcr Christen allerort:<\/p>\n<p style=\"font-weight: 400;\">Am Anfang steht das Gotteswort.<\/p>\n<p style=\"font-weight: 400;\">Das Gotteswort hat Sch\u00f6pferkraft,<\/p>\n<p style=\"font-weight: 400;\">die in der Sch\u00f6pfung Leben schafft.<\/p>\n<p style=\"font-weight: 400;\">\n<p style=\"font-weight: 400;\">Doch hat es noch nen andren Zweck:<\/p>\n<p style=\"font-weight: 400;\">Es gibt uns Weisung auf den Weg.<\/p>\n<p style=\"font-weight: 400;\">\n<p style=\"font-weight: 400;\">Nehmen wir mal die zehn Gebot \u2013<\/p>\n<p style=\"font-weight: 400;\">die sind ein Grundstock gegen Not.<\/p>\n<p style=\"font-weight: 400;\">Und dann, in aller Deutlichkeit:<\/p>\n<p style=\"font-weight: 400;\">Barmherzig- und Gerechtigkeit!<\/p>\n<p style=\"font-weight: 400;\">\n<p style=\"font-weight: 400;\">Ich habe mich, mit viel Bedacht<\/p>\n<p style=\"font-weight: 400;\">Aufs Neue dazu schlau gemacht.<\/p>\n<p style=\"font-weight: 400;\">Bedenken tat ich und auch beten<\/p>\n<p style=\"font-weight: 400;\">und schaute dann in die Propheten.<\/p>\n<p style=\"font-weight: 400;\">\n<p style=\"font-weight: 400;\">Und bin in den vielen weisen Worten<\/p>\n<p style=\"font-weight: 400;\">Beim alten Jesaja f\u00fcndig geworden.<\/p>\n<p style=\"font-weight: 400;\">\n<p style=\"font-weight: 400;\">Der hatte einen Auftrag, richtig,<\/p>\n<p style=\"font-weight: 400;\">&#8211; Gott war da etwas unnachsichtig &#8211;<\/p>\n<p style=\"font-weight: 400;\">und dieser Auftrag war auch wichtig,<\/p>\n<p style=\"font-weight: 400;\">doch nicht vergn\u00fcgungssteuerpflichtig.<\/p>\n<p style=\"font-weight: 400;\">\n<p style=\"font-weight: 400;\">Schlagt auf das Buch und schaut doch blo\u00df:<\/p>\n<p style=\"font-weight: 400;\">Es geht gleich ohne Warnung los.<\/p>\n<p style=\"font-weight: 400;\">\n<p style=\"font-weight: 400;\">Nen Gru\u00df von Gott an euch hienieden:<\/p>\n<p style=\"font-weight: 400;\">ich bin mit euch sehr unzufrieden!<\/p>\n<p style=\"font-weight: 400;\">Gar alles hab ich euch gegeben,<\/p>\n<p style=\"font-weight: 400;\">was ihr so braucht zu eurem Leben,<\/p>\n<p style=\"font-weight: 400;\">Und ihr? Ihr dreht euch einfach weg,<\/p>\n<p style=\"font-weight: 400;\">als w\u00e4r mein Wort der letzte Dreck.<\/p>\n<p style=\"font-weight: 400;\">\n<p style=\"font-weight: 400;\">Habgierig, eitel, eigens\u00fcchtig<\/p>\n<p style=\"font-weight: 400;\">Seid ihr nur f\u00fcr euch selber t\u00fcchtig.<\/p>\n<p style=\"font-weight: 400;\">Vergesst die Witwen und die Waisen,<\/p>\n<p style=\"font-weight: 400;\">wollt auch nicht mehr die Armen speisen,<\/p>\n<p style=\"font-weight: 400;\">den Fremden verwehrt ihr das Dach \u00fcberm Kopf,<\/p>\n<p style=\"font-weight: 400;\">fresst \u00fcber das Ma\u00df in den eigenen Kropf.<\/p>\n<p style=\"font-weight: 400;\">\n<p style=\"font-weight: 400;\">Nicht nur im Palast, da lungert das Laster,<\/p>\n<p style=\"font-weight: 400;\">nein: jeder grabscht nach dem Mammon, dem Zaster!<\/p>\n<p style=\"font-weight: 400;\">Ihr meint wohl auch: jeder denkt nur an sich \u2013<\/p>\n<p style=\"font-weight: 400;\">An mich \u2013 an mich \u2013 da denke nur ich!<\/p>\n<p style=\"font-weight: 400;\">Ja, die Heuchelei ist gro\u00df,<\/p>\n<p style=\"font-weight: 400;\">das Problem ist klassenlos.<\/p>\n<p style=\"font-weight: 400;\">\n<p style=\"font-weight: 400;\">H\u00f6rt zu, sagt Gott, mir platzt der Kragen,<\/p>\n<p style=\"font-weight: 400;\">echt: wohin soll ich euch noch schlagen?<\/p>\n<p style=\"font-weight: 400;\">\n<p style=\"font-weight: 400;\">H\u00f6rt auf mit fr\u00f6mmelndem Getue<\/p>\n<p style=\"font-weight: 400;\">Lasst mich mit Opfertier\u2019n in Ruhe,<\/p>\n<p style=\"font-weight: 400;\">die stinken mir, damit ihr\u2019s wisst,<\/p>\n<p style=\"font-weight: 400;\">solang\u2019s so sch\u00e4ndlich bei euch ist.<\/p>\n<p style=\"font-weight: 400;\">Satt hab ich eure Eitelkeit,<\/p>\n<p style=\"font-weight: 400;\">was ich will, ist Gerechtigkeit<\/p>\n<p style=\"font-weight: 400;\">Bescheidenheit<\/p>\n<p style=\"font-weight: 400;\">Barmherzigkeit.<\/p>\n<p style=\"font-weight: 400;\">\n<p style=\"font-weight: 400;\">I c h\u00a0 b i n\u00a0 e s\u00a0 L e i d.<\/p>\n<p style=\"font-weight: 400;\">\n<p style=\"font-weight: 400;\">So muss Jesaja den Leuten sagen,<\/p>\n<p style=\"font-weight: 400;\">die \u2013 wen wundert\u2019s .- zur\u00fcck gleich schlagen<\/p>\n<p style=\"font-weight: 400;\">und den Mann Gottes energisch befragen:<\/p>\n<p style=\"font-weight: 400;\">Wer gibt das Recht dir, sowas zu sagen?<\/p>\n<p style=\"font-weight: 400;\">\n<p style=\"font-weight: 400;\">Wie kommst du dazu sowas zu verk\u00fcnden?<\/p>\n<p style=\"font-weight: 400;\">Wir sollten das schleunigst unterbinden.<\/p>\n<p style=\"font-weight: 400;\">\n<p style=\"font-weight: 400;\">Jesaja geht\u2019s also, ihr Leut,<\/p>\n<p style=\"font-weight: 400;\">wie auch verschied\u2019nen Pfarrern heut,<\/p>\n<p style=\"font-weight: 400;\">die am liebsten predigen sollen,<\/p>\n<p style=\"font-weight: 400;\">was die Leute gern h\u00f6ren wollen.<\/p>\n<p style=\"font-weight: 400;\">\n<p style=\"font-weight: 400;\">Das ist nun leider etwas dumm,<\/p>\n<p style=\"font-weight: 400;\">denn das ganze Drumherum<\/p>\n<p style=\"font-weight: 400;\">mit Ausbildung und Studium<\/p>\n<p style=\"font-weight: 400;\">erbringt Erkenntnis wiederum<\/p>\n<p style=\"font-weight: 400;\">und im n\u00e4chsten Schritt dann schon<\/p>\n<p style=\"font-weight: 400;\">dann, bei der Ordination,<\/p>\n<p style=\"font-weight: 400;\">versprichst du, zu Mahnung und Segen,<\/p>\n<p style=\"font-weight: 400;\">das Gotteswort redlich auszulegen.<\/p>\n<p style=\"font-weight: 400;\">\n<p style=\"font-weight: 400;\">Nichts anderes, so h\u00f6rt und seht,<\/p>\n<p style=\"font-weight: 400;\">tat damals auch unser Prophet.<\/p>\n<p style=\"font-weight: 400;\">Und konnte, ganz ohne zu dichten,<\/p>\n<p style=\"font-weight: 400;\">von einer Vision berichten.<\/p>\n<p style=\"font-weight: 400;\">\n<p style=\"font-weight: 400;\">Und das war nun kein kleines Ding,<\/p>\n<p style=\"font-weight: 400;\">Jesaja, der Prophet, der hing,<\/p>\n<p style=\"font-weight: 400;\">vielleicht kennt ihr das ja schon,<\/p>\n<p style=\"font-weight: 400;\">zwischen Erd und Gottes Thron.<\/p>\n<p style=\"font-weight: 400;\">\n<p style=\"font-weight: 400;\">Wir sind ja, das soll im Glauben wohl gelten,<\/p>\n<p style=\"font-weight: 400;\">in Wirklichkeit Wesen zwischen zwei Welten.<\/p>\n<p style=\"font-weight: 400;\">Auf der Erde, um zu gestalten,<\/p>\n<p style=\"font-weight: 400;\">und bei Gott \u2013 von ihm gehalten.<\/p>\n<p style=\"font-weight: 400;\">\n<p style=\"font-weight: 400;\">Jesaja hat das mit viel Bedacht<\/p>\n<p style=\"font-weight: 400;\">So richtig pr\u00e4chtig aufgemacht.<\/p>\n<p style=\"font-weight: 400;\">Da ist er schon<\/p>\n<p style=\"font-weight: 400;\">Vor Gottes Thron<\/p>\n<p style=\"font-weight: 400;\">Und schaut und stiert<\/p>\n<p style=\"font-weight: 400;\">Etwas geniert<\/p>\n<p style=\"font-weight: 400;\">Auf seine ungeputzten Schuh:<\/p>\n<p style=\"font-weight: 400;\">Ach Gott, das l\u00e4sst mir keine Ruh \u2013<\/p>\n<p style=\"font-weight: 400;\">Ich bin nicht rein, nicht gut genug<\/p>\n<p style=\"font-weight: 400;\">Und jetzt, jetzt bin ich zu Besuch<\/p>\n<p style=\"font-weight: 400;\">bei dir, das kann ich wirklich f\u00fchlen:<\/p>\n<p style=\"font-weight: 400;\">ich muss mir jetzt den Mund mal sp\u00fclen,<\/p>\n<p style=\"font-weight: 400;\">sonst f\u00fchl ich mich so unerbeten,<\/p>\n<p style=\"font-weight: 400;\">in deinen Thronsaal einzutreten.<\/p>\n<p style=\"font-weight: 400;\">\n<p style=\"font-weight: 400;\">Ein Engel kommt mit einem Mal<\/p>\n<p style=\"font-weight: 400;\">Und macht mit ihm ein Ritual.<\/p>\n<p style=\"font-weight: 400;\">Ob du das wolltest, wei\u00df ich nicht,<\/p>\n<p style=\"font-weight: 400;\">mir st\u00e4nd\u2019s wohl nicht gut zu Gesicht.<\/p>\n<p style=\"font-weight: 400;\">\n<p style=\"font-weight: 400;\">Er brachte ein St\u00fcck Kohlenglut<\/p>\n<p style=\"font-weight: 400;\">Mit einer Zange \u2013 sch\u00f6n und gut<\/p>\n<p style=\"font-weight: 400;\">Und hei\u00df \u2013 wohl an der Lippen Rand<\/p>\n<p style=\"font-weight: 400;\">Hat er, was unrein, rausgebrannt.<\/p>\n<p style=\"font-weight: 400;\">\n<p style=\"font-weight: 400;\">Ich denk\u2018 mir, dass das schmerzhaft war,<\/p>\n<p style=\"font-weight: 400;\">doch davon steht kein W\u00f6rtchen da.<\/p>\n<p style=\"font-weight: 400;\">Die Wahrheit Gottes, soll sie siegen,<\/p>\n<p style=\"font-weight: 400;\">ist manchmal nur mit Schmerz zu kriegen.<\/p>\n<p style=\"font-weight: 400;\">\n<p style=\"font-weight: 400;\">So hing er zwischen Erd und Himmel,<\/p>\n<p style=\"font-weight: 400;\">mit Thronsaal dort und hier Get\u00fcmmel,<\/p>\n<p style=\"font-weight: 400;\">und hatte nur die eine Pflicht:<\/p>\n<p style=\"font-weight: 400;\">Gnad zu verk\u00fcnden und Gericht.<\/p>\n<p style=\"font-weight: 400;\">Sollt\u2018 mahnen, tr\u00f6sten, Wege weisen<\/p>\n<p style=\"font-weight: 400;\">In lauten T\u00f6nen und in leisen,<\/p>\n<p style=\"font-weight: 400;\">damit auf der sch\u00f6nen, gef\u00e4hrdeten Welt<\/p>\n<p style=\"font-weight: 400;\">die Menschen so leben, wie\u2019s Gott wohlgef\u00e4llt.<\/p>\n<p style=\"font-weight: 400;\">\n<p style=\"font-weight: 400;\">Und damit, Freunde hab\u2019n wir schon<\/p>\n<p style=\"font-weight: 400;\">Den Auftrag und die Tradition,<\/p>\n<p style=\"font-weight: 400;\">in die auch wir hineingestellt<\/p>\n<p style=\"font-weight: 400;\">in dieser Welt und f\u00fcr die Welt.<\/p>\n<p style=\"font-weight: 400;\">Zweiter ungereimter Einschub:<\/p>\n<p style=\"font-weight: 400;\">Wir sind dabei, als die Institutionen \u201eevangelische Landeskirchen\u201c unsere Glaubw\u00fcrdigkeit in der Wahrnehmung unseres Auftrages zu verspielen.<\/p>\n<p style=\"font-weight: 400;\">Es war in meinen Augen nicht sehr \u00fcberraschend, aber durch und durch entsetzlich, dass das eklatante Versagen evangelischer kirchlicher Institutionen festgestellt wurde im Zuge der Aufdeckung und Verfolgung sexuellen Missbrauchs durch kirchliche Mitarbeitende. Die Untaten sind Verbrechen, die verfolgt und bestraft werden m\u00fcssen. Ich m\u00fcsste viel mehr dazu sagen, kann das aber an dieser Stelle nicht in der gebotenen Gr\u00fcndlichkeit tun \u2013 aber es ist Teil der Wirklichkeit, es ist alles, nur nicht heiter. Unfassbares Leid, besch\u00e4mend. Und muss weiter aufgedeckt, wo m\u00f6glich verfolgt und ges\u00fchnt werden. Und auch hier gilt: Nie wieder ist jetzt \u2013 nie wieder muss jetzt sein und jetzt bleiben. Jeden Tag neu.<\/p>\n<p style=\"font-weight: 400;\">Nur z\u00f6gernd wag ich mich zur\u00fcck<\/p>\n<p style=\"font-weight: 400;\">in den gereimten \u00dcberblick.<\/p>\n<p style=\"font-weight: 400;\">Jesaja zeigt den Weg uns an,<\/p>\n<p style=\"font-weight: 400;\">auf dem ein(e) jede(r) lernen kann,<\/p>\n<p style=\"font-weight: 400;\">wie Gott urspr\u00fcnglich haben wollte,<\/p>\n<p style=\"font-weight: 400;\">dass unser Leben laufen sollte.<\/p>\n<p style=\"font-weight: 400;\">\n<p style=\"font-weight: 400;\">Wir k\u00f6nnten da noch weitersuchen<\/p>\n<p style=\"font-weight: 400;\">und viele Themen noch verbuchen:<\/p>\n<p style=\"font-weight: 400;\">Traktoren auf der Autobahn,<\/p>\n<p style=\"font-weight: 400;\">ein Elon Musk im Gr\u00f6\u00dfenwahn.<\/p>\n<p style=\"font-weight: 400;\">Versp\u00e4tungen beim ICE,<\/p>\n<p style=\"font-weight: 400;\">Lokf\u00fchrerstreik- o Jemineh!<\/p>\n<p style=\"font-weight: 400;\">Fast m\u00f6cht\u2018 man jubeln, in der Tat,<\/p>\n<p style=\"font-weight: 400;\">dass Dinkelsb\u00fchl kein\u2018 Bahnhof hat.<\/p>\n<p style=\"font-weight: 400;\">Gelogen!!! Und so was sag ich nie mehr!<\/p>\n<p style=\"font-weight: 400;\">Wahr ist: ein Bahnhof muss unbedingt her.<\/p>\n<p style=\"font-weight: 400;\">Entscheidungen nehmen oft seltsamen Lauf,<\/p>\n<p style=\"font-weight: 400;\">zehn Jahr in Dinkelsb\u00fchl wart\u2018 ich jetzt drauf!<\/p>\n<p style=\"font-weight: 400;\">\n<p style=\"font-weight: 400;\">Die neu\u2019ste Nachricht noch zum Schluss,<\/p>\n<p style=\"font-weight: 400;\">weil die jetzt auch noch kommen muss:<\/p>\n<p style=\"font-weight: 400;\">In Berlin vor allen Dingen<\/p>\n<p style=\"font-weight: 400;\">F\u00e4ngt man langsam an zu ringen,<\/p>\n<p style=\"font-weight: 400;\">Kandidat:in zu erk\u00fcren,<\/p>\n<p style=\"font-weight: 400;\">die Regierung anzuf\u00fchren.<\/p>\n<p style=\"font-weight: 400;\">Und hierbei fragt sich der fromme Christ,<\/p>\n<p style=\"font-weight: 400;\">ob hinter der Maske nicht Wahrheit ist<\/p>\n<p style=\"font-weight: 400;\">Denn Leute, wartet, schaut und seht:<\/p>\n<p style=\"font-weight: 400;\">der S\u00f6der schon als Kanzler geht<\/p>\n<p style=\"font-weight: 400;\">(fr\u00e4nkische Fasnacht in Veitsh\u00f6chheim)<\/p>\n<p style=\"font-weight: 400;\">\n<p style=\"font-weight: 400;\">Durchatmen, Leute, seid nicht dumm:<\/p>\n<p style=\"font-weight: 400;\">Am Aschermittwoch ist des rum.<\/p>\n<p style=\"font-weight: 400;\">\n<p style=\"font-weight: 400;\">Bleibt wachsam, Leut\u2018, und bleibt gelassen,<\/p>\n<p style=\"font-weight: 400;\">im Tal und droben auf der H\u00f6h,<\/p>\n<p style=\"font-weight: 400;\">Gott f\u00fchre Euch auf Friedensstra\u00dfen.<\/p>\n<p style=\"font-weight: 400;\">Und bitte: W\u00e4hlt nicht AfD.<\/p>\n<p style=\"font-weight: 400;\">\n<p style=\"font-weight: 400;\">Gott hat die Sch\u00f6pfung bunt gemacht.<\/p>\n<p style=\"font-weight: 400;\">Das Blut in jedem Mensch ist rot.<\/p>\n<p style=\"font-weight: 400;\">Vielfalt macht stark \u2013 w\u00e4r doch gelacht &#8211;<\/p>\n<p style=\"font-weight: 400;\">und st\u00e4rkt und hilft aus vieler Not.<\/p>\n<p style=\"font-weight: 400;\">Und fordert Kraft<\/p>\n<p style=\"font-weight: 400;\">und gibt uns Kraft,<\/p>\n<p style=\"font-weight: 400;\">zu suchen, was das Gute schafft.<\/p>\n<p style=\"font-weight: 400;\">Werte Herren, liebe Damen \u2013 Amen.<\/p>\n<p style=\"font-weight: 400;\">&#8212;<\/p>\n<p style=\"font-weight: 400;\">Dekan Uland Spahlinger, Dinkelsb\u00fchl<\/p>\n<p style=\"font-weight: 400;\"><a href=\"mailto:spahlinger.uland@elkb.de\">spahlinger.uland@elkb.de<\/a><\/p>\n<p style=\"font-weight: 400;\">Dinkelsb\u00fchl ist eine allermeist liebenswerte, etwas vertr\u00e4umte mittelalterlich gepr\u00e4gte Kleinstadt mit etwa 12.000 Einwohnern. Die Region um den Hesselberg\/Westmittelfranken hat im III. Reich politisch keine r\u00fchmliche Rolle gespielt, auf dem Hesselberg hielt der Nazidemagoge Streicher seine \u201eFrankentage\u201c ab. Braunes Gedankengut wabert immer noch in manchen K\u00f6pfen.<\/p>\n<p style=\"font-weight: 400;\">Um so wichtiger war, dass unter Mitwirkung von an die 30 Gruppierungen des \u00f6ffentlichen Lebens unserer Kleinstadt und mit organisatorisch sehr kurzem Vorlauf am 4.2. zwischen 700 und 1000 Menschen zu einer Kundgebung f\u00fcr Demokratie und Vielfalt an zentraler Stelle in der Altstadt zusammenkamen \u2013 friedlich, fr\u00f6hlich, entschieden und bunt. Auf diese Versammlung bezieht sich ein gr\u00f6\u00dferer Teil meiner gereimten Predigt. Dass ich das Reimen zweimal unterbrochen habe, ist \u2013 so hoffe ich \u2013 selbsterkl\u00e4rend.<\/p>\n<p style=\"font-weight: 400;\">F\u00fcr die Musik sorgt unser Posaunenchor mit zeitgen\u00f6ssischer, \u201ebeswingter\u201c PC-Literatur.<\/p>\n","protected":false},"excerpt":{"rendered":"<p>Fast durchg\u00e4ngig gereimte Faschingspredigt | Estomihi | 11.02.2024 | Jesaja 1 und 6 in Auswahl | Uland Spahlinger | Gnade vor allem und Frieden und Freude sei bei uns &#8211; in dieser Stund\u2018. Als ich neulich \u2018nem Freund erz\u00e4hle, dass ich f\u00fcr heute die Reimform w\u00e4hle, da fragt der: ja meinst du ehrlich? Ist Witze [&hellip;]<\/p>\n","protected":false},"author":1,"featured_media":19480,"comment_status":"closed","ping_status":"closed","sticky":false,"template":"","format":"standard","meta":{"footnotes":""},"categories":[22,1,2,157,853,114,674,595,937,349,109,163],"tags":[],"beitragende":[],"predigtform":[],"predigtreihe":[],"bibelstelle":[],"class_list":["post-19497","post","type-post","status-publish","format-standard","has-post-thumbnail","hentry","category-jesaja","category-aktuelle","category-at","category-beitragende","category-bibel","category-deut","category-estomihi","category-kapitel-01-chapter-01-jesaja","category-kapitel-06-chapter-06-jesaja","category-kasus","category-predigten","category-uland-spahlinger"],"_links":{"self":[{"href":"https:\/\/www.theologie.uzh.ch\/apps\/gpi\/wp-json\/wp\/v2\/posts\/19497","targetHints":{"allow":["GET"]}}],"collection":[{"href":"https:\/\/www.theologie.uzh.ch\/apps\/gpi\/wp-json\/wp\/v2\/posts"}],"about":[{"href":"https:\/\/www.theologie.uzh.ch\/apps\/gpi\/wp-json\/wp\/v2\/types\/post"}],"author":[{"embeddable":true,"href":"https:\/\/www.theologie.uzh.ch\/apps\/gpi\/wp-json\/wp\/v2\/users\/1"}],"replies":[{"embeddable":true,"href":"https:\/\/www.theologie.uzh.ch\/apps\/gpi\/wp-json\/wp\/v2\/comments?post=19497"}],"version-history":[{"count":1,"href":"https:\/\/www.theologie.uzh.ch\/apps\/gpi\/wp-json\/wp\/v2\/posts\/19497\/revisions"}],"predecessor-version":[{"id":19498,"href":"https:\/\/www.theologie.uzh.ch\/apps\/gpi\/wp-json\/wp\/v2\/posts\/19497\/revisions\/19498"}],"wp:featuredmedia":[{"embeddable":true,"href":"https:\/\/www.theologie.uzh.ch\/apps\/gpi\/wp-json\/wp\/v2\/media\/19480"}],"wp:attachment":[{"href":"https:\/\/www.theologie.uzh.ch\/apps\/gpi\/wp-json\/wp\/v2\/media?parent=19497"}],"wp:term":[{"taxonomy":"category","embeddable":true,"href":"https:\/\/www.theologie.uzh.ch\/apps\/gpi\/wp-json\/wp\/v2\/categories?post=19497"},{"taxonomy":"post_tag","embeddable":true,"href":"https:\/\/www.theologie.uzh.ch\/apps\/gpi\/wp-json\/wp\/v2\/tags?post=19497"},{"taxonomy":"beitragende","embeddable":true,"href":"https:\/\/www.theologie.uzh.ch\/apps\/gpi\/wp-json\/wp\/v2\/beitragende?post=19497"},{"taxonomy":"predigtform","embeddable":true,"href":"https:\/\/www.theologie.uzh.ch\/apps\/gpi\/wp-json\/wp\/v2\/predigtform?post=19497"},{"taxonomy":"predigtreihe","embeddable":true,"href":"https:\/\/www.theologie.uzh.ch\/apps\/gpi\/wp-json\/wp\/v2\/predigtreihe?post=19497"},{"taxonomy":"bibelstelle","embeddable":true,"href":"https:\/\/www.theologie.uzh.ch\/apps\/gpi\/wp-json\/wp\/v2\/bibelstelle?post=19497"}],"curies":[{"name":"wp","href":"https:\/\/api.w.org\/{rel}","templated":true}]}}