{"id":19797,"date":"2024-04-23T12:50:03","date_gmt":"2024-04-23T10:50:03","guid":{"rendered":"https:\/\/theologie.whp.uzh.ch\/apps\/gpi\/?p=19797"},"modified":"2024-04-23T13:02:15","modified_gmt":"2024-04-23T11:02:15","slug":"2-korinther-514-21-johannes-828-26","status":"publish","type":"post","link":"https:\/\/www.theologie.uzh.ch\/apps\/gpi\/2-korinther-514-21-johannes-828-26\/","title":{"rendered":"2.Korinther 5,14-21; Johannes 8,28-26"},"content":{"rendered":"<p style=\"font-weight: 400;\">Kantate | 28.04.24 | 2.Korinther 5,14-21; Johannes 8,28-26 (d\u00e4nische Perikopenordnung) | Christiane Gammeltoft-Hansen |<\/p>\n<p style=\"font-weight: 400;\"><strong>Wir schaffen das \u2013 einigerma\u00dfen<\/strong><\/p>\n<p style=\"font-weight: 400;\">Ihr werdet frei sein, sagt Jesus.<\/p>\n<p style=\"font-weight: 400;\">Das ist nicht n\u00f6tig, denn wir sind schon frei, lautet die Antwort. Die grundlegenden Freiheitsrechte sind hier bei uns l\u00e4ngst gesetzlich garantiert. F\u00fcr den Unfreien ist Freiheit etwas, was noch nicht erreicht ist. Das ist die Hoffnung darauf, dass es anders werden kann. Dass die Zukunft ohne Gitter ist. F\u00fcr den Freien ist Freiheit ein Besitz. Das bedeutet nicht, dass wir nicht von Freiheit reden, das tun wir ja. Aber Freiheit bekommt einen anderen Inhalt. Sie wird mehr zu einem Gut. Sie wird zum einfachen Leben auf dem Lande, dem Erfolg im Beruf, einer Reise, dass man Zeit hat, dass man Potenzial hat. Wir reden von Freiheit meistens als freier Vogel, freie Dressur, freier Prozess, freie Bar. Und dann sind da diese Rechte, die gesetzlich garantiert sind. Das Recht zu meinen, zu denken, zu glauben und frei zu reden. Die Freiheit ist uns in jeder Hinsicht wichtig. Sie ist eine Triebkraft. Knechte sind wir aber nicht. Deshalb die freundliche Zur\u00fcckweisung des evangelischen Satzes: \u201eIhr werdet frei sein\u201c.<\/p>\n<p style=\"font-weight: 400;\">Ihr werdet die Wahrheit erkennen, sagt Jesus.<\/p>\n<p style=\"font-weight: 400;\">Das ist nicht n\u00f6tig, lautet die Antwort. Ja, vielleicht ist vorschnell gesagt, denn ganz kennen wir sie ja nicht, aber nie waren wir besser daf\u00fcr ger\u00fcstet, die Wahrheit zu erkennen, als heute. Wir wissen mehr, als man fr\u00fcher wusste. Wir sehen mehr Zusammenh\u00e4nge und k\u00f6nnen das Meiste ausrechnen. Die Wahrheit ist eine Nuss, die wir knacken. Danke also, wir schaffen das.<\/p>\n<p style=\"font-weight: 400;\">Ihr werdet die Wahrheit erkennen, wird wiederholt.<\/p>\n<p style=\"font-weight: 400;\">Das ist nicht n\u00f6tig, lautet erneut die Antwort. Jedenfalls nicht, wenn es um die Wahrheit mit gro\u00dfem \u201eW\u201c geht. Wenn Machthaber und Agitatoren sich darauf berufen, die Wahrheit mit gro\u00dfem \u201eW\u201c zu besitzen, hat das blutige Spuren hinterlassen. Da sind zu viele Wahrheiten, die mit Macht durchgesetzt worden sind. Das hat Tod gebracht und nicht Leben. Nicht dass wir uns nicht auf die Wahrheit berufen, aber die wird mehr \u00fcberschaubar, nicht absolut und umfassend sein. Sie wird individuell sein. Oder bestimmt als das, wor\u00fcber wir alle einig sein k\u00f6nnen. Als ein Kunstwerk, \u00fcber das wir abstimmen k\u00f6nnen, ehe wir es auf den Markt der Stadt aufstellen.<\/p>\n<p style=\"font-weight: 400;\">Manches ist gelungen, wenn die Freiheit Gesetz wurde. Manches wurde auch zu kleinlich, wenn Freiheit zu einem Gut wurde. Etwas gelang, wenn wir aus der Erfahrung lernten und einander daran erinnerten, dass die Wahrheit, die sich mit Macht durchsetzt, intolerant und problematisch ist. Aber manches ist auch zu kleinlich, wenn die Wahrheit individuell ist oder zu etwas wird, \u00fcber das man verhandeln kann. Wenn wir uns mehr f\u00fcr G\u00fcter interessieren als f\u00fcr das Gute und nicht einsehen wollen, dass es etwas geben soll von absoluter Bedeutung, dann ist es so wie wenn man die Obert\u00f6ne in einem St\u00fcck Musik entfernt. Das wird flach, erhebt sich nicht. Oder es bedeutet, dass das innerste Prinzip entfernt wird und man sich nur zum \u00c4u\u00dferen, der Oberfl\u00e4che verh\u00e4lt.<\/p>\n<p style=\"font-weight: 400;\">Freiheit und Wahrheit standen immer im Mittelpunkt der Ereignisse, wenn es um Ver\u00e4nderungen in der Welt ging. \u201eDas Alte ist vergangen, siehe, Neues ist geworden\u201c, schreibt Paulus. Er schreibt von einer Ver\u00e4nderung, die daf\u00fcr von Bedeutung ist, wer wir als Menschen sind, wie wir unsere Welt verstehen und wie wir unser Leben leben. Was das f\u00fcr eine Freiheit und Wahrheit ist, die zu dieser grundlegenden Ver\u00e4nderung f\u00fchrt, entfaltet Paulus, indem er von der Liebe spricht. Wir schw\u00e4chen die Freiheit, wenn wir sie zu unserem Eigentum machen, zu einem Recht und einem pers\u00f6nlichen Projekt. Die Freiheit haben wir nicht f\u00fcr uns selbst. Wir haben sie nur zusammen. Wirkliche Freiheit ist es, wenn die Liebe uns zwingt, sagt Paulus. Das ist eine Freiheit mit Grenzen \u2013 Grenzen, die durch die Liebe definiert sind. Unser Leben ist von Gott gewollt. Dien Forderung der Liebe an den Menschen ist, dass dies auch den anderen wollen soll. Dazu ist der Mensch befreit. Frei dazu, dem anderen zugewandt zu sein, gezwungen von der Liebe.<\/p>\n<p style=\"font-weight: 400;\">Es mag gut sein, dass da nicht viel freier Vogel ist \u00fcber eine gebundene Freiheit, aber das kann doch auch eine Befreiung sein, aus seinem eigenen Gef\u00e4ngnis befreit zu werden. Die Freiheit liegt im Mitmenschen. Sie liegt darin, sich selbst in der Gemeinschaft zu finden, die eigene Identit\u00e4t darin zu finden, nicht allein zu sein, sondern Vater, Mutter, Kind Schwester, Bruder, Partner. Das ist das Gute.<\/p>\n<p style=\"font-weight: 400;\">Und die Wahrheit. Auch sie existiert in der Beziehung. Wenn Jesus von der Wahrheit \u00fcber sich selbst spricht, wer er ist, tut er dies, indem er vom Vater spricht. Er ist der, der er ist, auf Grund seiner Beziehung zum Vater.<\/p>\n<p style=\"font-weight: 400;\">\u201eNeues ist geworden\u201c, das ist es, denn wir sind hier versammelt. Das ist etwas, was gilt und was absolute Bedeutung hat. Der Vater hat uns gezeigt, dass der Mensch gilt, indem er seinen Sohn Mensch werden lie\u00df. Der Sohn hat uns gezeigt, dass der Mitmensch gilt, durch sein Leben, seinen Tod und seine Auferstehung. Die Freiheit und die Wahrheit existieren und setzen sich durch. Rufen uns in ein Leben der Gemeinschaft, wenden uns zu einander. Hier beginnt es im Sinne des Evangeliums. In einer Freiheit und einer Wahrheit, die der Liebe entspringen und sich nicht von unserem begrenzten Verstehen hemmen lassen. Amen.<\/p>\n<p>&#8212;<\/p>\n<p style=\"font-weight: 400;\">Pastorin Christiane Gammeltoft-Hansen<\/p>\n<p style=\"font-weight: 400;\">DK-2000 Frederiksberg<\/p>\n<p style=\"font-weight: 400;\">E-mail: cgh(at)km.dk<\/p>\n","protected":false},"excerpt":{"rendered":"<p>Kantate | 28.04.24 | 2.Korinther 5,14-21; Johannes 8,28-26 (d\u00e4nische Perikopenordnung) | Christiane Gammeltoft-Hansen | Wir schaffen das \u2013 einigerma\u00dfen Ihr werdet frei sein, sagt Jesus. Das ist nicht n\u00f6tig, denn wir sind schon frei, lautet die Antwort. Die grundlegenden Freiheitsrechte sind hier bei uns l\u00e4ngst gesetzlich garantiert. F\u00fcr den Unfreien ist Freiheit etwas, was noch [&hellip;]<\/p>\n","protected":false},"author":1,"featured_media":19796,"comment_status":"closed","ping_status":"closed","sticky":false,"template":"","format":"standard","meta":{"footnotes":""},"categories":[39,43,1,157,853,283,114,357,293,233,349,3,109],"tags":[],"beitragende":[],"predigtform":[],"predigtreihe":[],"bibelstelle":[],"class_list":["post-19797","post","type-post","status-publish","format-standard","has-post-thumbnail","hentry","category-johannes","category-2-korinther","category-aktuelle","category-beitragende","category-bibel","category-christiane-gammeltoft-hansen","category-deut","category-kantate","category-kapitel-5-chapter-5-2-korinther","category-kapitel-08-chapter-08","category-kasus","category-nt","category-predigten"],"_links":{"self":[{"href":"https:\/\/www.theologie.uzh.ch\/apps\/gpi\/wp-json\/wp\/v2\/posts\/19797","targetHints":{"allow":["GET"]}}],"collection":[{"href":"https:\/\/www.theologie.uzh.ch\/apps\/gpi\/wp-json\/wp\/v2\/posts"}],"about":[{"href":"https:\/\/www.theologie.uzh.ch\/apps\/gpi\/wp-json\/wp\/v2\/types\/post"}],"author":[{"embeddable":true,"href":"https:\/\/www.theologie.uzh.ch\/apps\/gpi\/wp-json\/wp\/v2\/users\/1"}],"replies":[{"embeddable":true,"href":"https:\/\/www.theologie.uzh.ch\/apps\/gpi\/wp-json\/wp\/v2\/comments?post=19797"}],"version-history":[{"count":1,"href":"https:\/\/www.theologie.uzh.ch\/apps\/gpi\/wp-json\/wp\/v2\/posts\/19797\/revisions"}],"predecessor-version":[{"id":19798,"href":"https:\/\/www.theologie.uzh.ch\/apps\/gpi\/wp-json\/wp\/v2\/posts\/19797\/revisions\/19798"}],"wp:featuredmedia":[{"embeddable":true,"href":"https:\/\/www.theologie.uzh.ch\/apps\/gpi\/wp-json\/wp\/v2\/media\/19796"}],"wp:attachment":[{"href":"https:\/\/www.theologie.uzh.ch\/apps\/gpi\/wp-json\/wp\/v2\/media?parent=19797"}],"wp:term":[{"taxonomy":"category","embeddable":true,"href":"https:\/\/www.theologie.uzh.ch\/apps\/gpi\/wp-json\/wp\/v2\/categories?post=19797"},{"taxonomy":"post_tag","embeddable":true,"href":"https:\/\/www.theologie.uzh.ch\/apps\/gpi\/wp-json\/wp\/v2\/tags?post=19797"},{"taxonomy":"beitragende","embeddable":true,"href":"https:\/\/www.theologie.uzh.ch\/apps\/gpi\/wp-json\/wp\/v2\/beitragende?post=19797"},{"taxonomy":"predigtform","embeddable":true,"href":"https:\/\/www.theologie.uzh.ch\/apps\/gpi\/wp-json\/wp\/v2\/predigtform?post=19797"},{"taxonomy":"predigtreihe","embeddable":true,"href":"https:\/\/www.theologie.uzh.ch\/apps\/gpi\/wp-json\/wp\/v2\/predigtreihe?post=19797"},{"taxonomy":"bibelstelle","embeddable":true,"href":"https:\/\/www.theologie.uzh.ch\/apps\/gpi\/wp-json\/wp\/v2\/bibelstelle?post=19797"}],"curies":[{"name":"wp","href":"https:\/\/api.w.org\/{rel}","templated":true}]}}