{"id":19947,"date":"2024-05-21T16:55:09","date_gmt":"2024-05-21T14:55:09","guid":{"rendered":"https:\/\/theologie.whp.uzh.ch\/apps\/gpi\/?p=19947"},"modified":"2024-05-21T16:55:09","modified_gmt":"2024-05-21T14:55:09","slug":"epheser-13-14","status":"publish","type":"post","link":"https:\/\/www.theologie.uzh.ch\/apps\/gpi\/epheser-13-14\/","title":{"rendered":"Epheser 1,3\u201314"},"content":{"rendered":"<h3 style=\"font-weight: 400;\">Trinitatis | 26.05.2024 | Eph 1,3\u201314 | Hansj\u00f6rg Biener |<\/h3>\n<p style=\"font-weight: 400;\"><strong>[Trinitatis \u2013 ein Fest ohne Brauchtum]<\/strong><\/p>\n<p style=\"font-weight: 400;\">Seit 1000 Jahren feiert man das Fest des dreieinigen Gottes. [Aber: Anders als Weihnachten, Ostern oder Pfingsten hat Trinitatis kein Brauchtum an sich gezogen. Wohl deshalb nicht, weil nicht so leicht zu verstehen ist, was am Dreieinigkeitsfest gefeiert wird.<\/p>\n<p style=\"font-weight: 400;\">Bleiben wir kurz bei den anderen Festen, denn es ist wichtig, den Unterschied zu verstehen.<\/p>\n<p style=\"font-weight: 400;\">Bei Weihnachten kann jede Mutter, jeder Vater nachempfinden, was da geschieht: Die Geburt eines Kindes ver\u00e4ndert die Welt. Wer das erlebt hat, kann vielleicht auch besser an die weltbewegende Mission des Christkinds glauben.<\/p>\n<p style=\"font-weight: 400;\">Karfreitag und Ostern beschreiben das Ende aller Lebenshoffnungen und die wunderbare Erfahrung, dass es doch weitergeht. Meine Lebens- und Berufserfahrung l\u00e4sst mich sagen: Wir alle kennen Tage, an denen uns Lebensmut und Gottvertrauen abhandenkommen. Verlassen werden. Eine scheiternde Bewerbung. Den Arbeitsplatz verlieren, die Wohnung. Eine gesundheitliche Katastrophe. Und doch gibt es auch die andere Erfahrung: Wieder lieben. Sich neu orientieren k\u00f6nnen. Dankbar werden f\u00fcr einen neuen Weg. Solche Weltuntergangs- und Neuanfangserfahrungen k\u00f6nnen helfen, zu verstehen, was an Jesu Karfreitag und mit Jesu Auferstehung noch geschehen ist.<\/p>\n<p style=\"font-weight: 400;\">Auch f\u00fcr Pfingsten gibt es Verst\u00e4ndnishilfen im Alltag. Wer Begeisterung kennt, kann vielleicht auch verstehen, wenn Menschen sich f\u00fcr den Glauben und f\u00fcr Gott begeistern lassen.<\/p>\n<p style=\"font-weight: 400;\">Trinitatis ist anders, weil es <u>keine<\/u> allgemein-menschliche Erfahrung als Verst\u00e4ndnishilfe gibt. An Trinitatis geht es um Gott und nur um Gott, \u2013 allerdings so, wie ihn die Christenheit in Jesus kennengelernt hat.]<\/p>\n<p style=\"font-weight: 400;\"><strong>Trinitatis \u2013 Fest der reinen Theologie<\/strong><strong>\u00a0<\/strong><\/p>\n<p style=\"font-weight: 400;\">Die Lehre von der Dreieinigkeit will im Denken zusammenbringen, was man glaubt, wenn man an Gott glaubt \u2013 und an Jesus Christus \u2013 und an den Heiligen Geist. Und Denken ist n\u00f6tig,<\/p>\n<p style=\"font-weight: 400;\">\u2013 wenn man in Jesus mehr findet als ein Menschenkind,<\/p>\n<p style=\"font-weight: 400;\">\u2013 wenn man in christlicher Gemeinschaft mehr findet als die gute Atmosph\u00e4re unter denen, die sich m\u00f6gen,<\/p>\n<p style=\"font-weight: 400;\">\u2013 oder in der Hoffnung auf Gottes Gegenwart in der Ewigkeit mehr sieht als Vertr\u00f6stung.<\/p>\n<p style=\"font-weight: 400;\">Jahrhundertelang wurde an dieser Herausforderung herumgedacht. Es gab Irrungen und Wirrungen \u2013 und auch unsch\u00f6nes Ringen. Am Ende stand die Idee \u201eGott-Vater, Gott-Sohn, Gott-Heiliger Geist, ein Gott \u2013 drei Personen\u201c. Und weil das au\u00dferhalb von Raum und Zeit gedacht wird, geht der Vorwurf des Polytheismus ins Leere. Au\u00dferhalb von Zeit und Raum kann man bekanntlich nicht z\u00e4hlen. Auf der anderen Seite muss man sich Gott auch im Jenseits differenziert denken, wenn er sich im Wort und Weg Jesu offenbart hat. In einer Person und nicht in einer Schrift.<\/p>\n<p style=\"font-weight: 400;\">Die Lehre von der Dreieinigkeit ist vielen, die sich als aufgekl\u00e4rte Protestanten oder kritische Katholiken empfinden, der Gipfel theologischer Abgehobenheit. Manche wollen sie auch beiseitelegen, weil sie uns von den anderen monotheistischen Religionen trennt. Ich sehe das anders. Die Trinit\u00e4tslehre ist das Ergebnis jahrhundertelanger Arbeit. Da m\u00fcsste man sich schon ein bisschen einarbeiten, um beurteilen zu k\u00f6nnen, ob sie ihre Aufgabe gel\u00f6st hat. Und man m\u00fcsste sich auch in Judentum und Islam einarbeiten. W\u00e4ren die Unterschiede zwischen den Religionen aus j\u00fcdischer und islamischer Sicht auch so unbedeutend, wie manche Christen glauben? Nur als ein Beispiel: Der Koran lehnt die Trinit\u00e4tslehre ausdr\u00fccklich ab. Und Gott etwas beizugesellen, ist im Islam die h\u00f6chste S\u00fcnde.<\/p>\n<p style=\"font-weight: 400;\"><strong>Predigttext<\/strong><\/p>\n<p style=\"font-weight: 400;\">Wenn man die urchristliche Botschaft ernst nehmen will, kann man an vielen Herausforderungen zu \u201etrinitarischem Denken\u201c nicht vorbeigehen. Ein Beispiel ist das Gotteslob, das heute als Predigttext vorgesehen ist. Am Anfang des Briefes an die Epheser hei\u00dft es:<\/p>\n<p style=\"font-weight: 400;\">\u201e3\u00a0Gelobt sei Gott, der Vater unseres Herrn Jesus Christus, der uns gesegnet hat mit allem geistlichen Segen im Himmel durch Christus.<\/p>\n<p style=\"font-weight: 400;\">4\u00a0Denn in ihm hat er uns erw\u00e4hlt, ehe der Welt Grund gelegt war, dass wir heilig und untadelig vor ihm sein sollten in der Liebe;\u20025\u00a0er hat uns dazu vorherbestimmt, seine Kinder zu sein durch Jesus Christus nach dem Wohlgefallen seines Willens,\u20026\u00a0zum Lob seiner herrlichen Gnade, mit der er uns begnadet hat in dem Geliebten.<\/p>\n<p style=\"font-weight: 400;\">7\u00a0In ihm haben wir die Erl\u00f6sung durch sein Blut, die Vergebung der S\u00fcnden, nach dem Reichtum seiner Gnade,\u20028\u00a0die er uns reichlich hat widerfahren lassen in aller Weisheit und Klugheit.\u20029\u00a0Gott hat uns wissen lassen das Geheimnis seines Willens nach seinem Ratschluss, den er zuvor in Christus gefasst hatte,\u200210 um die F\u00fclle der Zeiten heraufzuf\u00fchren, auf dass alles zusammengefasst w\u00fcrde in Christus, was im Himmel und auf Erden ist, durch ihn.<\/p>\n<p style=\"font-weight: 400;\">11\u00a0In ihm sind wir auch zu Erben eingesetzt worden, die wir dazu vorherbestimmt sind nach dem Vorsatz dessen, der alles wirkt, nach dem Ratschluss seines Willens,\u200212\u00a0damit wir zum Lob seiner Herrlichkeit leben, die wir zuvor auf Christus gehofft haben.<\/p>\n<p style=\"font-weight: 400;\">13\u00a0In ihm seid auch ihr, die ihr das Wort der Wahrheit geh\u00f6rt habt, n\u00e4mlich das Evangelium von eurer Rettung \u2013 in ihm seid auch ihr, als ihr gl\u00e4ubig wurdet, versiegelt worden mit dem Heiligen Geist, der verhei\u00dfen ist,\u200214\u00a0welcher ist das Unterpfand unsres Erbes, zu unsrer Erl\u00f6sung, dass wir sein Eigentum w\u00fcrden zum Lob seiner Herrlichkeit.\u201c (Epheser 1,3-14)<\/p>\n<p style=\"font-weight: 400;\">Da muss man erst einmal durchatmen! Hier ist ein Herz \u00fcbervoll von Gotteslob und Glaubensfreude. Man kann aber auch n\u00fcchtern sein und sagen: Das ist kein Predigttext zum H\u00f6ren! Jedenfalls nicht, wenn man jeden Gedanken auch verstehen will. Auch beim Lesen gibt es viel, was man mitwissen muss, um das Gesagte zu verstehen. F\u00fcr jetzt geht es nur darum, den \u201eWumms\u201c zu sp\u00fcren, wie Kanzler Scholz sagen w\u00fcrde.<\/p>\n<p style=\"font-weight: 400;\"><strong>Die gro\u00dfe Erz\u00e4hlung der Heilsgeschichte&#8230;<\/strong><\/p>\n<p style=\"font-weight: 400;\">Auf der einen Seite die Ewigkeit Gottes \u2013 und auf der anderen auch,<\/p>\n<p style=\"font-weight: 400;\">und dazwischen die Heilsgeschichte in Jesus.<\/p>\n<p style=\"font-weight: 400;\">Das sind die Zeiten, die im Predigttext durchschritten werden. Und mittendrin bist Du:<\/p>\n<p style=\"font-weight: 400;\">Ich, Du, wir: erw\u00e4hlt, \u201eehe der Welt Grund gelegt\u201c.<\/p>\n<p style=\"font-weight: 400;\">Ich, Du, wir: durch Jesus heute Kind Gottes und Erbe seiner gro\u00dfen Liebe.<\/p>\n<p style=\"font-weight: 400;\">Ich, Du, wir: durch den Heiligen Geist versiegelt und gesch\u00fctzt zum ewigen Leben.<\/p>\n<p style=\"font-weight: 400;\">Sollte das kein Anlass zum Jubeln sein?<\/p>\n<p style=\"font-weight: 400;\">Vergangenes, Gegenw\u00e4rtiges, Zuk\u00fcnftiges: Alles flie\u00dft im Predigttext zusammen in Dankbarkeit und Freude. Wenn wir das nun theologisch ordnen wollten, dann h\u00e4tten wir folgende Herausforderungen, auf die die Trinit\u00e4tslehre antwortet:<\/p>\n<p style=\"font-weight: 400;\">\u2013 Ein Gott \u201evor Anbeginn der Welt\u201c, der aber schon Ratschl\u00fcsse \u201ein Christus\u201c fasst.<\/p>\n<p style=\"font-weight: 400;\">\u2013 Dann w\u00e4re da das irdische Geschehen um Jesus Christus.<\/p>\n<p style=\"font-weight: 400;\">\u2013 Und schlie\u00dflich ist da der Heilige Geist, der in den Gl\u00e4ubigen wirksam ist und sie bis in den Himmel bringt.<\/p>\n<p style=\"font-weight: 400;\">Das zusammenzudenken f\u00fchrt an die Grenzen menschlichen Verstehens. Ewiges k\u00f6nnen wir nicht denken, und deshalb k\u00f6nnen wir auch Zeitliches und Au\u00dferzeitliches nur mit M\u00fche einander ann\u00e4hern. Ich \u00fcberlasse das jetzt den theologischen B\u00fcchern.<\/p>\n<p style=\"font-weight: 400;\">Aber eines bleibt: Zu Deinem Wohl und Segen hat Gott einen Plan gefasst und durchgef\u00fchrt. Und er wird seinen Heilsplan mit Dir auch vollenden. Davon ist der Schreiber des Epheser-Briefes \u00fcberzeugt. Noch einmal, denn doppelt gewummst wirkt besser: \u201eErw\u00e4hlt. Zum Heil vorherbestimmt. Begnadet. Erl\u00f6st. Geheiligt. Versiegelt. Lob seiner Herrlichkeit.\u201c Das alles sind die Gl\u00e4ubigen. Der Epheser-Brief ist kein Missionsbrief. Er spricht intern f\u00fcr die Gemeinde, die sich mit dem Glauben schon etwas auskennt. Doch sei hier angemerkt: Alles, worum es hier geht, kann auch f\u00fcr Menschen \u201ewahr\u201c werden, die sich noch nicht als Christen verstehen.<\/p>\n<p style=\"font-weight: 400;\"><strong>Die gro\u00dfe Erz\u00e4hlung der Heilsgeschichte und die alternativen Unheilserz\u00e4hlungen<\/strong><\/p>\n<p style=\"font-weight: 400;\">\u201eDu bist von Gott gewollt und geliebt. Vom Anfang deines Lebens bis zu seinem Ende und dar\u00fcber hinaus.\u201c Wie wertvoll diese Aussage ist, wird sofort deutlich, wenn ich das Stichwort \u201eVerschw\u00f6rungstheorie\u201c nenne. Auch Verschw\u00f6rungstheorien finden einen Plan hinter der Geschichte. Es ist aber nicht Gottes Zuwendungsgeschichte mit den Menschen! Verschw\u00f6rungstheoretiker sehen finstere M\u00e4chte verborgen am Werk. Sie jedoch haben den Durchblick, der alles entlarvt.<\/p>\n<p style=\"font-weight: 400;\">Es gibt ein gesundes Misstrauen, das zur Vorsicht f\u00fchrt. Ja! Die Kosmetikindustrie will an dein Geld. Also: Achte auf deine Haut. Ja! Die Apps im Smartphone beobachten dich. Also: Achte auf die Einstellungen. Ja! Schlagzeilen im Internet wollen deine Klicks. Also: Schalte den Verstand ein und l\u00f6sche gelegentlich auch die Cookies. Und ja! Auch Pfarrer wollen was von dir. Pr\u00fcfe also, was sie sagen, und behalte das Gute. Und wenn dir die Mittel zum Urteil fehlen, mach dich kundiger. Gesundes Misstrauen ist gut. Es kann aber auch erkranken. Es wird \u00fcberwuchert von immer merkw\u00fcrdigeren Ideen. Man muss aber nicht mit Themen wie Chemtrails, the Great Reset oder Reptiloiden vertraut sein&#8230;<\/p>\n<p style=\"font-weight: 400;\">Eine Verschw\u00f6rungstheorie kennen wahrscheinlich auch Sie, wenn Sie Nachrichten schauen: In diesen Tagen m\u00f6chte Donald Trump noch einmal Pr\u00e4sident der USA werden und hat ausreichend Follower daf\u00fcr. Donald Trump hat schon zweimal die Erz\u00e4hlung von einer gestohlenen Wahl in die Welt gesetzt, noch bevor die Wahl stattgefunden hatte. 2015\/16 warnte er vor Wahlf\u00e4lschungen durch seine Gegenkandidatin Hillary Clinton. Trump gewann. 2020 redete er wieder weit vor der Wahl von Wahlbetrug. Nur eine Wahlf\u00e4lschung k\u00f6nne ihm die Wiederwahl nehmen. 2020 verlor Trump gegen Joe Biden. 2021 st\u00fcrmten Trump-Anh\u00e4nger das Kapitol in Washington, um sich die Demokratie wiederzuholen. Aber was wir dort sahen, war nicht Demokratie, sondern Ochlokratie, zu Deutsch P\u00f6belherrschaft. Sogar Trumps Vizepr\u00e4sident war in Gefahr, weil der pl\u00f6tzlich Haltung zeigte und den Wahlsieg Bidens best\u00e4tigen wollte. Inzwischen sind umstrittene Wahlergebnisse l\u00e4ngst erneut ausgez\u00e4hlt. Die Anfechtungen von Wahlergebnissen sind durchgeklagt. Die Trump\u2019sche Verschw\u00f6rungstheorie hat Leben gekostet oder zerst\u00f6rt und unglaublich viel Geld verbrannt. Ein Wahlmaschinenhersteller, dem Betrug unterstellt wurde, hat vor Gericht 787,5 Millionen Dollar Wiedergutmachung erstritten. Das ist fast so viel, wie die USA f\u00fcr Verteidigung ausgeben. Oder noch krasser: Man h\u00e4tte damit jedem US-Amerikaner mehr als 2 Mio. Dollar in die Hand dr\u00fccken k\u00f6nnen. Trotzdem: Immer noch reden Republikaner bis in die h\u00f6chsten Kreise von einer gestohlenen Wahl.<\/p>\n<p style=\"font-weight: 400;\">Verschw\u00f6rungstheorien sind nicht nur f\u00fcr Gesellschaften gef\u00e4hrlich, sondern auch f\u00fcr ihre Anh\u00e4nger. Zun\u00e4chst gibt es nur einen Verdacht gegen alle, die die Verschw\u00f6rungstheorie nicht teilen. Sind die nur naiv? Oder gehirngewaschen? Oder gar von Au\u00dferirdischen umprogrammiert? Das Problem: Wo soll ein Verschw\u00f6rungstheoretiker mit dem Verd\u00e4chtigen aufh\u00f6ren? Kann er \u00fcberhaupt wieder \u201evertrauen\u201c? Am Ende macht der Verdacht gegen jeden, der meinen Verschw\u00f6rungsglauben nicht teilt, einsam. Es kann noch schlimmer kommen: Vorsicht wird Verfolgungswahn. Die anderen sind b\u00f6se, und ich bin der Widerstand.<\/p>\n<p style=\"font-weight: 400;\">Um es deutlich zu sagen. Kein Mensch kommt ohne sinnstiftende Erz\u00e4hlungen aus. Sie sagen uns, wie die Welt ist und wo unser Platz ist. Aber: Vor die Wahl gestellt, sollten Christen nicht einer Negativerz\u00e4hlung folgen, sondern der Positiverz\u00e4hlung Gottes. Gott ist es, der mit dir seinen Weg geht, bis in alle Ewigkeit.<\/p>\n<p style=\"font-weight: 400;\"><strong>Der Gottesdienst: wo die eine gro\u00dfe und unsere kleinen Erz\u00e4hlungen zusammenkommen<\/strong><\/p>\n<p style=\"font-weight: 400;\">Der Gottesdienst ist ein Ort, wo die Zuwendung Gottes zu Dir erz\u00e4hlt wird. Eine wichtige Gegenerz\u00e4hlung zu den gro\u00dfen und kleinen Verschw\u00f6rungserz\u00e4hlungen, zu den idiotischen und zu unseren alltagsplausiblen Behauptungen. Diese Durchbrechung des Alltags ist wichtig. Ich sage es mal in Beispielen:<\/p>\n<p style=\"font-weight: 400;\">Der Gottesdienst ist kein Klassenzimmer, wo man die n\u00e4chste Abfrage f\u00fcrchtet, \u201eweil der Lehrer mich auf dem Kieker hat\u201c. \u201eDu bist von Gott gewollt und geliebt. Vom Anfang deines Lebens bis zu seinem Ende und dar\u00fcber hinaus.\u201c<\/p>\n<p style=\"font-weight: 400;\">Der Gottesdienst ist keine Kantine, wo man \u00fcber die Chefetage schimpft, \u201eweil die nicht das Wohl der Firma, wohl aber die Bonuszahlungen im Kopf hat\u201c. \u201eDu bist von Gott gewollt und geliebt. Vom Anfang deines Lebens bis zu seinem Ende und dar\u00fcber hinaus.\u201c<\/p>\n<p style=\"font-weight: 400;\">Der Gottesdienst ist kein Internetforum, wo man \u00fcber die da oben die Sau rausl\u00e4sst, \u201eweil denen der kleine Mann doch egal ist\u201c. \u201eDu bist von Gott gewollt und geliebt. Vom Anfang deines Lebens bis zu seinem Ende und dar\u00fcber hinaus.\u201c<\/p>\n<p style=\"font-weight: 400;\">An dieser Stelle wird es manchen Menschen schwierig. Sie haben Anlass zum Fragen. Wenn stimmen soll, dass Gott \u201emich\u201c in den Mittelpunkt seines Interesses stellt, warum dann dieses oder jenes&#8230; Darauf gibt es keine Antwort von au\u00dfen. Es gibt Menschen, die ein schweres Schicksal aus dem Glauben heraus bew\u00e4ltigen. Anderen gelingt das nicht. Da m\u00fcssten dann andere in der Umgebung f\u00fcr sie den Glauben festhalten. Im Gottesdienst kommt hoffentlich beides zur Sprache. Wenn der Gottesdienst liturgisch gefasst ist, haben wir da das Kyrie f\u00fcr die Klage und das Gloria f\u00fcr den Dank. Beides wird aktualisiert in Dank und F\u00fcrbitte. In der Predigt wird hoffentlich festgehalten, dass Gott unser Leben gewollt hat, begleitet und tr\u00e4gt. Durch alle guten und schlechten Zeiten hindurch soll es von Gott her mit unserem Leben gut werden.<\/p>\n<p style=\"font-weight: 400;\">Manchmal ist der Gottesdienst ein Ort, an dem ich mich hineinfallen lassen kann in die Zusagen Gottes. An dem ich Fragen hinten anstellen und einstimmen kann in die gro\u00dfen Worte des Epheser-Briefes: Gelobt sei Gott, der Vater unseres Herrn Jesus Christus, der uns gesegnet hat mit allem geistlichem Segen im Himmel durch Christus.<\/p>\n<p style=\"font-weight: 400;\">&#8212;<\/p>\n<p style=\"font-weight: 400;\">Dr. Hansj\u00f6rg Biener (*1961) ist Pfarrer der Evangelisch-Lutherischen Kirche in Bayern und als Religionslehrer an der Wilhelm-L\u00f6he-Schule in N\u00fcrnberg t\u00e4tig. Au\u00dferdem ist er au\u00dferplanm\u00e4\u00dfiger Professor f\u00fcr Religionsp\u00e4dagogik und Didaktik des evangelischen Religionsunterrichts an der Friedrich-Alexander-Universit\u00e4t Erlangen-N\u00fcrnberg. (Hansjoerg.Biener (at) fau.de)<\/p>\n<p style=\"font-weight: 400;\"><strong>Umschau zum Thema Verschw\u00f6rungstheorien<\/strong><\/p>\n<p style=\"font-weight: 400;\">Bundeszentrale f\u00fcr politische Bildung<\/p>\n<p style=\"font-weight: 400;\">https:\/\/www.bpb.de\/shop\/zeitschriften\/apuz\/verschwoerungstheorien-2021\/<\/p>\n<p style=\"font-weight: 400;\">Verschw\u00f6rungstheorien werden nicht geglaubt, weil sie \u00fcberzeugend w\u00e4ren. Sie werden von Menschen geglaubt, die an sie glauben wollen. Denn sie bieten eine Erkl\u00e4rung der Welt an, die Ereignisse und Prozesse auf eine einfache Ursache zur\u00fcckf\u00fchrt \u2013 die Machenschaften dunkler M\u00e4chte. Anlass zur Sorge bietet die Verbindung von Verschw\u00f6rungstheorien mit Rechtsextremismus und Antisemitismus, aber auch die Entkopplung eines Teils der Bev\u00f6lkerung von der Realit\u00e4t.<\/p>\n<p style=\"font-weight: 400;\">Evangelische Zentralstelle f\u00fcr Weltanschauungsfragen<\/p>\n<p style=\"font-weight: 400;\">https:\/\/www.ezw-berlin.de\/aktuelles\/aktuelle-schwerpunkte-in-der-weltanschauungsarbeit\/verschwoerungstheorien\/<\/p>\n<p style=\"font-weight: 400;\">Verschw\u00f6rungstheorien. Welterkl\u00e4rung als Geheimwissen<\/p>\n<p style=\"font-weight: 400;\">Besonders in Krisenzeiten werden Verschw\u00f6rungstheorien attraktiv. Sie dienen zur Erkl\u00e4rung der gesellschaftlichen Un\u00fcbersichtlichkeit und zur Bew\u00e4ltigung pers\u00f6nlicher Kr\u00e4nkungen. Sie k\u00f6nnen Sogwirkung entfalten und schlimmstenfalls zu einem lebensbestimmenden Konspirationismus f\u00fchren, in dem das gesamte Weltgeschehen als ein Netz von Verschw\u00f6rungen verborgener Eliten erscheint. Andererseits kann der Vorwurf \u201eVerschw\u00f6rungstheorie\u201c auch zum Kampf gegen unerw\u00fcnschte Meinungen instrumentalisiert werden.<\/p>\n<p style=\"font-weight: 400;\">WDR<\/p>\n<p style=\"font-weight: 400;\">https:\/\/www.quarks.de\/umwelt\/klimawandel\/kondensstreifen-oder-chemtrails-werden-wir-manipuliert\/<\/p>\n<p style=\"font-weight: 400;\">Um Kondensstreifen am Himmel ranken sich wilde Verschw\u00f6rungs-Theorien. Was ist dran an den Chemtrail-Theorien? Und k\u00f6nnte man das Klima wirklich beeinflussen?<\/p>\n<p style=\"font-weight: 400;\">ZDF<\/p>\n<p style=\"font-weight: 400;\">https:\/\/www.zdf.de\/dokumentation\/zdfinfo-doku\/verschwoerungswelten-100.html<\/p>\n<p style=\"font-weight: 400;\">Seit Beginn der Pandemie sind Verschw\u00f6rungsmythen in der \u00f6ffentlichen Debatte so pr\u00e4sent wie nie zuvor. Die Doku-Reihe besch\u00e4ftigt sich mit drei von ihnen: Plandemie, The Great Reset und QAnon.<\/p>\n<p style=\"font-weight: 400;\">POLITICS<\/p>\n<p style=\"font-weight: 400;\">UTAH<\/p>\n<p style=\"font-weight: 400;\">U.S. &amp; WORLD<\/p>\n<p style=\"font-weight: 400;\">Mike Pence tries out comedy with lighthearted jokes about his old boss, devout faith and Mitt Romney<\/p>\n<p style=\"font-weight: 400;\">In a more serious tone, Pence said history will hold Trump \u2018accountable\u2019 for the Jan. 6 Capitol riot<\/p>\n<p style=\"font-weight: 400;\">Published: March 17, 2023, 10:24 a.m. MDT<\/p>\n<p style=\"font-weight: 400;\">VIEW COMMENTS<\/p>\n<p style=\"font-weight: 400;\">SHARE<\/p>\n<p style=\"font-weight: 400;\">Former Vice President Mike Pence gives a lecture at Christ Chapel on the campus of Hillsdale College, in Hillsdale, Mich., on Wednesday, March 1, 2023. | David Guralnick, Detroit News via Associated Press<\/p>\n<p style=\"font-weight: 400;\">By Joshua Lee<\/p>\n<p style=\"font-weight: 400;\">Former Vice President Mike Pence joked about his own religious devotion and that of former President Donald Trump\u2019s in a speech at a Washington press dinner.<\/p>\n<p style=\"font-weight: 400;\">Pence said he invited Trump to Bible study. \u201cHe really liked the passages about the smiting and perishing of thine enemies. As he put it, \u2018Ya know, Mike, there\u2019s some really good stuff in here,\u2019\u201d he said.<\/p>\n<p style=\"font-weight: 400;\">The potential GOP presidential candidate then poked fun at his former boss\u2019 legal troubles. \u201cHonestly, I learned a lot working beside Donald Trump, like about subpoenas for instance,\u201d he said.<\/p>\n<p style=\"font-weight: 400;\">\u201cI read that some of those classified documents they found in Mar-a-Lago were actually stuck in the president\u2019s Bible,\u201d Pence said, referring to the FBI\u2019s August 2022 search of Trump\u2019s home. \u201cWhich proves he had absolutely no idea they were there.\u201d<\/p>\n<p style=\"font-weight: 400;\">https:\/\/www.deseret.com\/2023\/3\/17\/23643631\/mike-pence-donald-trump-capitol-riot-gridiron-speech\/<\/p>\n<p style=\"font-weight: 400;\">Redaktion (2017, 3. Oktober). \u201cWo der Glaube schwindet, w\u00e4chst der Hass\u201d \u2013 \u00dcber das Alibi der Religion(en) in einer funktional differenzierten Gesellschaft. |Marginalien. Abgerufen am 31. M\u00e4rz 2024, von https:\/\/doi.org\/10.58079\/r8q8<\/p>\n<p style=\"font-weight: 400;\">Der katholische Priester Olivier Ndjimbi-Tshiende sah sich 2016 gezwungen, seine Gemeinde im bayrischen Zorneding aufgrund rassistischer Verunglimpfungen und Morddrohungen gegen ihn zu verlassen. Nun erkl\u00e4rt Ndjimbi-Tshiende Fremdenfeindlichkeit und damit den Hass, den er erfahren habe, mit einer Abnahme des Glaubens: Wo der Glaube schwinde, w\u00fcrde der Hass wachsen.<\/p>\n<p style=\"font-weight: 400;\">Man kann es auch n\u00fcchterner sehen: \u201eEin wahres Unget\u00fcm von Satz, das im Neuen Testament und dar\u00fcber hinaus in der gesamten griechischen Literatur nicht seinesgleichen hat.\u201c So hat der Bibelwissenschaftler Hans Conzelmann \u00fcber den Predigttext geschrieben. (Becker, J\u00fcrgen\/Conzelmann, Hans\/Friedrich, Gerhard: Die Briefe an die Galater, Epheser, Philipper, Kolosser, Thessalonicher und Philemon, 15., durchgesehene und erg\u00e4nzte Auflage\/2. Auflage dieser Bearbeitung, G\u00f6ttingen: Vandenhoeck &amp; Ruprecht, 1981, S. 90) Und jeder von uns kann das beim H\u00f6ren des Predigttextes nachvollziehen.<\/p>\n<p style=\"font-weight: 400;\">Von j\u00fcdischen Verschw\u00f6rungen zur Vernichtung der germanischen Rasse<\/p>\n<p style=\"font-weight: 400;\">Rassistische Wissenschaft hat im 19. Jahrhundert aus Sprachverwandtschaften Blutsverwandtschaften gemacht.<\/p>\n<p style=\"font-weight: 400;\">Leider hilft auch die linke Rede von der w\u00fcnschenswerten Diversit\u00e4t nichts. Denn es gibt ja invasive Arten, eingeschleppte Pflanzen und Tiere, die unsere einheimischen \u00d6kosysteme bedrohen. Es ist h\u00f6chste Zeit biologische Redeweisen auf naturwissenschaftliche Bereiche zu beschr\u00e4nken. Weltanschauliche Fragen sind nicht naturwissenschaftlich zu besprechen, sondern nur mithilfe von Theologie und Philosophie zu besprechen.<\/p>\n","protected":false},"excerpt":{"rendered":"<p>Trinitatis | 26.05.2024 | Eph 1,3\u201314 | Hansj\u00f6rg Biener | [Trinitatis \u2013 ein Fest ohne Brauchtum] Seit 1000 Jahren feiert man das Fest des dreieinigen Gottes. [Aber: Anders als Weihnachten, Ostern oder Pfingsten hat Trinitatis kein Brauchtum an sich gezogen. Wohl deshalb nicht, weil nicht so leicht zu verstehen ist, was am Dreieinigkeitsfest gefeiert wird. [&hellip;]<\/p>\n","protected":false},"author":1,"featured_media":19945,"comment_status":"closed","ping_status":"closed","sticky":false,"template":"","format":"standard","meta":{"footnotes":""},"categories":[45,1,157,853,114,271,374,349,3,109,395],"tags":[],"beitragende":[],"predigtform":[],"predigtreihe":[],"bibelstelle":[],"class_list":["post-19947","post","type-post","status-publish","format-standard","has-post-thumbnail","hentry","category-epheser","category-aktuelle","category-beitragende","category-bibel","category-deut","category-hansjoerg-biener","category-kapitel-01-chapter-01-epheser","category-kasus","category-nt","category-predigten","category-trinitatis"],"_links":{"self":[{"href":"https:\/\/www.theologie.uzh.ch\/apps\/gpi\/wp-json\/wp\/v2\/posts\/19947","targetHints":{"allow":["GET"]}}],"collection":[{"href":"https:\/\/www.theologie.uzh.ch\/apps\/gpi\/wp-json\/wp\/v2\/posts"}],"about":[{"href":"https:\/\/www.theologie.uzh.ch\/apps\/gpi\/wp-json\/wp\/v2\/types\/post"}],"author":[{"embeddable":true,"href":"https:\/\/www.theologie.uzh.ch\/apps\/gpi\/wp-json\/wp\/v2\/users\/1"}],"replies":[{"embeddable":true,"href":"https:\/\/www.theologie.uzh.ch\/apps\/gpi\/wp-json\/wp\/v2\/comments?post=19947"}],"version-history":[{"count":1,"href":"https:\/\/www.theologie.uzh.ch\/apps\/gpi\/wp-json\/wp\/v2\/posts\/19947\/revisions"}],"predecessor-version":[{"id":19948,"href":"https:\/\/www.theologie.uzh.ch\/apps\/gpi\/wp-json\/wp\/v2\/posts\/19947\/revisions\/19948"}],"wp:featuredmedia":[{"embeddable":true,"href":"https:\/\/www.theologie.uzh.ch\/apps\/gpi\/wp-json\/wp\/v2\/media\/19945"}],"wp:attachment":[{"href":"https:\/\/www.theologie.uzh.ch\/apps\/gpi\/wp-json\/wp\/v2\/media?parent=19947"}],"wp:term":[{"taxonomy":"category","embeddable":true,"href":"https:\/\/www.theologie.uzh.ch\/apps\/gpi\/wp-json\/wp\/v2\/categories?post=19947"},{"taxonomy":"post_tag","embeddable":true,"href":"https:\/\/www.theologie.uzh.ch\/apps\/gpi\/wp-json\/wp\/v2\/tags?post=19947"},{"taxonomy":"beitragende","embeddable":true,"href":"https:\/\/www.theologie.uzh.ch\/apps\/gpi\/wp-json\/wp\/v2\/beitragende?post=19947"},{"taxonomy":"predigtform","embeddable":true,"href":"https:\/\/www.theologie.uzh.ch\/apps\/gpi\/wp-json\/wp\/v2\/predigtform?post=19947"},{"taxonomy":"predigtreihe","embeddable":true,"href":"https:\/\/www.theologie.uzh.ch\/apps\/gpi\/wp-json\/wp\/v2\/predigtreihe?post=19947"},{"taxonomy":"bibelstelle","embeddable":true,"href":"https:\/\/www.theologie.uzh.ch\/apps\/gpi\/wp-json\/wp\/v2\/bibelstelle?post=19947"}],"curies":[{"name":"wp","href":"https:\/\/api.w.org\/{rel}","templated":true}]}}