{"id":19993,"date":"2024-06-05T08:36:53","date_gmt":"2024-06-05T06:36:53","guid":{"rendered":"https:\/\/theologie.whp.uzh.ch\/apps\/gpi\/?p=19993"},"modified":"2024-06-05T08:36:53","modified_gmt":"2024-06-05T06:36:53","slug":"marcos-3-20-35-2","status":"publish","type":"post","link":"https:\/\/www.theologie.uzh.ch\/apps\/gpi\/marcos-3-20-35-2\/","title":{"rendered":"Marcos 3.20-35"},"content":{"rendered":"<h3 style=\"font-weight: 400;\">PR\u00c9DICA PARA O 3\u00b0 DOMINGO AP\u00d3S PENTECOSTES | 09.06.2024 | Marcos 3.20-35 | Ad\u00e9lcio Kronbauer |<\/h3>\n<p style=\"font-weight: 400;\">As pessoas vivem em comunidades; em muitas formas de vida comunit\u00e1ria. Mesmo que algu\u00e9m viva totalmente isolado, as raz\u00f5es ou origem de tal isolamento est\u00e1 na sociedade onde esta pessoa foi concebida, onde ela nasceu. Em qualquer tipo de comunidade, tamb\u00e9m na comunidade denominada fam\u00edlia s\u00e3o constru\u00eddas rela\u00e7\u00f5es de lideran\u00e7a ou de autoridade e poder. Onde h\u00e1 comunidades, sociedades faz-se necess\u00e1rio uma organiza\u00e7\u00e3o, uma coordena\u00e7\u00e3o da conviv\u00eancia. \u00c9 essencial lembrarmos que toda comunidade humana vive em um contexto de rela\u00e7\u00e3o com outros elementos naturais, que denominamos\u00a0 a Cria\u00e7\u00e3o. Assim como s\u00e3o diferentes as formas de comunidades, s\u00e3o tamb\u00e9m distintas as formas relacionais com a Cria\u00e7\u00e3o, onde as comunidades humanas ora buscam respeitar os limites naturais\u00a0 impostos ora domina-los e sujeita-los, adaptando-os atrav\u00e9s das mais diferentes t\u00e9cnicas, estabelecendo uma rela\u00e7\u00e3o de poder entre sociedades humanas e demais elementos da Cria\u00e7\u00e3o.<\/p>\n<p style=\"font-weight: 400;\">Em nome de quem? \u00a0Esta \u00e9 , de fato, a pergunta que o Evangelista Marcos no Cap\u00edtulo 3.20-30 responde.\u00a0 A pergunta pelo poder, pela autoridade. Est\u00e1 em jogo o tipo de autoridade. No texto est\u00e1 estabelecida uma controv\u00e9rsia sobre a autoridade. Em nome de quem a autoridade \u00e9 exercida? Qual a inten\u00e7\u00e3o do exerc\u00edcio da autoridade? O texto reafirma que a origem da autoridade de Jesus est\u00e1 no Reino de Deus. Uma autoridade libertadora, que liberta do mal. Pode ser que tenhamos aqui uma dificuldade; a dificuldade de estabelecer o que \u00e9 o mal, pois muitas vezes no seio da comunidade temos dificuldade de estabelecer\u00a0 com precis\u00e3o o que \u00e9 o Bem e o Mal.<\/p>\n<p style=\"font-weight: 400;\">Para termos um par\u00e2metro, uma premissa a fim de sabermos um caminho a seguir, uma luz fixemos a nossa aten\u00e7\u00e3o para a origem da autoridade de Jesus. N\u00f3s somos pessoas da comunidade crist\u00e3 e cremos que toda a autoridade de Jesus vem de Deus, o Pai. Cremos tamb\u00e9m que Ele anunciou o Reino de Deus. Ent\u00e3o o Reino de Deus \u00e9 o fundamento. O Reino de Deus \u00e9 uma condi\u00e7\u00e3o de vida onde o mal n\u00e3o tem a menor chance de existir.\u00a0 A miss\u00e3o de Jesus \u00e9 anunciar a proximidade deste Reino e que podemos viver por antecipa\u00e7\u00e3o muitos dos seus aspectos, trabalhando j\u00e1 na supera\u00e7\u00e3o do mal. Como \u00e9 exercer autoridade, ou melhor, lideran\u00e7a a partir da f\u00e9 nos fundamentos do Reino de Deus? \u00a0Uma pergunta que \u00e9 importante nos fazermos todos os dias.<\/p>\n<p style=\"font-weight: 400;\"><strong>Quem \u00e9 Fam\u00edlia de Jesus.<\/strong>\u00a0 Jesus surpreende seus familiares, Jesus surpreende a todos n\u00f3s. Ele estabelece que a pr\u00e1tica da vontade de Deus nos torna irm\u00e3os e irm\u00e3s, uma fam\u00edlia, uma comunidade familiar. A busca pelos fundamentos do Reino de Deus, que s\u00e3o justi\u00e7a e amor constr\u00f3i a comunidade, a fam\u00edlia, a sociedade, n\u00e3o outras coisas. A lei do Reino de Deus \u00e9 o Amor. Aprender a viver o amor \u00a0de Deus, do Seu Reino \u00e9 o maior desafio, \u00e9 o desafio cotidiano. \u00a0Amor nas rela\u00e7\u00f5es humanas e amor nas rela\u00e7\u00f5es com a Cria\u00e7\u00e3o.<\/p>\n<p style=\"font-weight: 400;\"><strong>Perd\u00e3o. <\/strong>De fato, temos pecados a confessar. Reconhec\u00ea-los faz parte da reden\u00e7\u00e3o, da salva\u00e7\u00e3o, da transforma\u00e7\u00e3o\u00a0 e da Liberta\u00e7\u00e3o. \u00a0As consequ\u00eancias de nossos pecados s\u00e3o o sofrimento, ang\u00fastia, todo tipo de dor e a destrui\u00e7\u00e3o da vida. S\u00e3o muitos os nossos pecados. Por\u00e9m, em Cristo h\u00e1 a reden\u00e7\u00e3o. N\u00e3o crer no poder de Cristo de perdoar \u00e9 uma blasf\u00eamia imperdo\u00e1vel, \u00e9 rejeitar o perd\u00e3o e qualquer possibilidade de profundas mudan\u00e7as. O perd\u00e3o \u00e9 a forma de Deus ensinar o Amor do seu Reino, \u00e9 a pedagogia da transforma\u00e7\u00e3o. Aceitar o perd\u00e3o \u00e9 aceitar vida nova.<\/p>\n<p style=\"font-weight: 400;\">&#8212;<\/p>\n<p>P. Ad\u00e9lcio Kronbauer<\/p>\n<p style=\"font-weight: 400;\">Passo Fundo \u2013 Rio Grande do Sul (Brasilien)<\/p>\n<p style=\"font-weight: 400;\"><a href=\"mailto:adelciokron@gmail.com\">adelciokron@gmail.com<\/a><\/p>\n","protected":false},"excerpt":{"rendered":"<p>PR\u00c9DICA PARA O 3\u00b0 DOMINGO AP\u00d3S PENTECOSTES | 09.06.2024 | Marcos 3.20-35 | Ad\u00e9lcio Kronbauer | As pessoas vivem em comunidades; em muitas formas de vida comunit\u00e1ria. Mesmo que algu\u00e9m viva totalmente isolado, as raz\u00f5es ou origem de tal isolamento est\u00e1 na sociedade onde esta pessoa foi concebida, onde ela nasceu. Em qualquer tipo de [&hellip;]<\/p>\n","protected":false},"author":1,"featured_media":19977,"comment_status":"closed","ping_status":"closed","sticky":false,"template":"","format":"standard","meta":{"footnotes":""},"categories":[37,409,1515,157,853,108,749,349,3,112,109],"tags":[],"beitragende":[],"predigtform":[],"predigtreihe":[],"bibelstelle":[],"class_list":["post-19993","post","type-post","status-publish","format-standard","has-post-thumbnail","hentry","category-markus","category-2-so-n-trinitatis","category-adelcio-kronbauer","category-beitragende","category-bibel","category-current","category-kapitel-03-chapter-03-markus","category-kasus","category-nt","category-port","category-predigten"],"_links":{"self":[{"href":"https:\/\/www.theologie.uzh.ch\/apps\/gpi\/wp-json\/wp\/v2\/posts\/19993","targetHints":{"allow":["GET"]}}],"collection":[{"href":"https:\/\/www.theologie.uzh.ch\/apps\/gpi\/wp-json\/wp\/v2\/posts"}],"about":[{"href":"https:\/\/www.theologie.uzh.ch\/apps\/gpi\/wp-json\/wp\/v2\/types\/post"}],"author":[{"embeddable":true,"href":"https:\/\/www.theologie.uzh.ch\/apps\/gpi\/wp-json\/wp\/v2\/users\/1"}],"replies":[{"embeddable":true,"href":"https:\/\/www.theologie.uzh.ch\/apps\/gpi\/wp-json\/wp\/v2\/comments?post=19993"}],"version-history":[{"count":1,"href":"https:\/\/www.theologie.uzh.ch\/apps\/gpi\/wp-json\/wp\/v2\/posts\/19993\/revisions"}],"predecessor-version":[{"id":19994,"href":"https:\/\/www.theologie.uzh.ch\/apps\/gpi\/wp-json\/wp\/v2\/posts\/19993\/revisions\/19994"}],"wp:featuredmedia":[{"embeddable":true,"href":"https:\/\/www.theologie.uzh.ch\/apps\/gpi\/wp-json\/wp\/v2\/media\/19977"}],"wp:attachment":[{"href":"https:\/\/www.theologie.uzh.ch\/apps\/gpi\/wp-json\/wp\/v2\/media?parent=19993"}],"wp:term":[{"taxonomy":"category","embeddable":true,"href":"https:\/\/www.theologie.uzh.ch\/apps\/gpi\/wp-json\/wp\/v2\/categories?post=19993"},{"taxonomy":"post_tag","embeddable":true,"href":"https:\/\/www.theologie.uzh.ch\/apps\/gpi\/wp-json\/wp\/v2\/tags?post=19993"},{"taxonomy":"beitragende","embeddable":true,"href":"https:\/\/www.theologie.uzh.ch\/apps\/gpi\/wp-json\/wp\/v2\/beitragende?post=19993"},{"taxonomy":"predigtform","embeddable":true,"href":"https:\/\/www.theologie.uzh.ch\/apps\/gpi\/wp-json\/wp\/v2\/predigtform?post=19993"},{"taxonomy":"predigtreihe","embeddable":true,"href":"https:\/\/www.theologie.uzh.ch\/apps\/gpi\/wp-json\/wp\/v2\/predigtreihe?post=19993"},{"taxonomy":"bibelstelle","embeddable":true,"href":"https:\/\/www.theologie.uzh.ch\/apps\/gpi\/wp-json\/wp\/v2\/bibelstelle?post=19993"}],"curies":[{"name":"wp","href":"https:\/\/api.w.org\/{rel}","templated":true}]}}