{"id":20163,"date":"2024-08-05T08:58:24","date_gmt":"2024-08-05T06:58:24","guid":{"rendered":"https:\/\/theologie.whp.uzh.ch\/apps\/gpi\/?p=20163"},"modified":"2024-08-05T08:58:24","modified_gmt":"2024-08-05T06:58:24","slug":"efesios-4-25-5-2","status":"publish","type":"post","link":"https:\/\/www.theologie.uzh.ch\/apps\/gpi\/efesios-4-25-5-2\/","title":{"rendered":"Ef\u00e9sios 4.25-5.2"},"content":{"rendered":"<h3 style=\"font-weight: 400;\">PR\u00c9DICA PARA O 12\u00b0 DOMINGO AP\u00d3S PENTECOSTES | 11.08.2024 | Ef\u00e9sios 4.25-5.2 | Werner Kiefer |<\/h3>\n<p style=\"font-weight: 400;\">Prezada comunidade de Jesus Cristo!<\/p>\n<p style=\"font-weight: 400;\">Leitura do texto: Ef\u00e9sios 4.25\u20135.2<\/p>\n<p style=\"font-weight: 400;\">Expectativas, quem n\u00e3o as tem? Est\u00e3o presentes naquilo que almejamos ser e ter, inclusive na rela\u00e7\u00e3o com os nossos filhos(as).<\/p>\n<p style=\"font-weight: 400;\">Viver com expectativas pode ser interessante tal qual o agricultor que semeia e espera colher muitos gr\u00e3os. Ao mesmo tempo, viver focado nas expectativas pode ser algo bem decepcionante. <em>N\u00e3o era isto o que esperava.<\/em> N\u00e3o temos controle das situa\u00e7\u00f5es.<\/p>\n<p style=\"font-weight: 400;\">Paulo, autor da nossa carta que escreve a sua comunidade, mesmo estando na pris\u00e3o, algumas recomenda\u00e7\u00f5es do que espera da comunidade. Ela est\u00e1 em forma\u00e7\u00e3o. Membros est\u00e3o se integrando, vindos do mundo com as suas v\u00e1rias cren\u00e7as e compreens\u00f5es religiosas. H\u00e1 expectativas que estes sigam aquilo que a f\u00e9 crist\u00e3 vem despertar em nossos cora\u00e7\u00f5es. Sejamos coerentes com a f\u00e9 em Cristo, que nos coloca num novo patamar: Somos novas criaturas, resgatados pela morte e ressurrei\u00e7\u00e3o de Jesus Cristo. Novas criaturas somos. Isto parece ser \u00f3bvio, que assim seja; tenha-se doravante uma \u00e9tica pautada nos ensinamentos de nosso Senhor Jesus Cristo.<\/p>\n<p style=\"font-weight: 400;\">Eis a quest\u00e3o, o \u00f3bvio ser\u00e1 sempre t\u00e3o \u00f3bvio assim e que n\u00e3o precisa ser mais dito, pregado?\u00a0 Esta n\u00e3o foi atitude assumida pelo pastor desta comunidade. H\u00e1 quest\u00f5es decorrentes da f\u00e9 crist\u00e3, condutas que se espera dos membros da\u00a0Igreja. Paulo escreve para tanto, algumas recomenda\u00e7\u00f5es esperadas na vida dos filhos e filhas de Deus. Faz isto num jeito bem carinhoso.<\/p>\n<p style=\"font-weight: 400;\">Veja: Nos tempos idos, l\u00e1 e c\u00e1 mentiram, tiveram momentos de raiva; tamb\u00e9m sei que houve at\u00e9 situa\u00e7\u00f5es de roubo, insultos, disseram\u00a0 palavras que fizeram mal aos outros. Certamente Paulo acrescentaria, pensando em nossos dias: n\u00e3o espalhem inverdades pelas m\u00eddias digitais.<\/p>\n<p style=\"font-weight: 400;\">Paulo lida com uma quest\u00e3o bem \u00f3bvia, expectativas esperadas quanto aos efeitos da f\u00e9 crist\u00e3 na comunidade. Nem por isso, deixa de pregar aquilo que deveria estar j\u00e1 presente em nossas vidas: vida pautada no amor ao pr\u00f3ximo e a si mesmo. Isto faz lembrar qu como pais, devemos dizer o \u00f3bvio que nem sempre \u00e9 t\u00e3o \u00f3bvio assim: N\u00e3o mintam, n\u00e3o roubem, n\u00e3o insultem os seus colegas\u2026 A maioria dos trope\u00e7os em nossas vidas inicia em quest\u00f5es bem \u00f3bvias e, que parecem n\u00e3o serem t\u00e3o \u00f3bvias.<\/p>\n<p style=\"font-weight: 400;\">H\u00e1 uma expectativa transformadora, terap\u00eautica da f\u00e9. Esta nos liberta, reconstr\u00f3i, ressignifica a nossa exist\u00eancia. O amor de Deus por n\u00f3s \u00e9 impactante, envolvente. Onde h\u00e1 f\u00e9 existe amor, novas atitudes em rela\u00e7\u00e3o a vida, a toda cria\u00e7\u00e3o. Esta \u00e9 a\u00a0 nossa expectativa. Acontece que vivemos no mundo. Estamos sujeitos ao pecado. Ainda h\u00e1 necessidade da lei, mesmo a conhecendo, precisa ser dita, relembrada: N\u00e3o mintam, n\u00e3o roubem &#8230;.\u00a0 Ora, se isto n\u00e3o for observado, dito, o corpo de Cristo vai sendo minado, divis\u00f5es acontecer\u00e3o, brigas.<\/p>\n<p style=\"font-weight: 400;\">Perseverar num bom relacionamento, seja na fam\u00edlia, na comunidade faz enorme diferen\u00e7a. Isto d\u00e1 visibilidade e cria admira\u00e7\u00e3o de que verdadeiramente somos luz no mundo, sal da terra.\u00a0 Nem por isso, estamos livres de cometer bobagens, cair na ignor\u00e2ncia de nos afastar de tal forma que venhamos criar murros, divis\u00f5es em nosso meio.<\/p>\n<p style=\"font-weight: 400;\">Conto-lhes a seguinte hist\u00f3ria:<\/p>\n<p style=\"font-weight: 400;\"><em>\u201cDois irm\u00e3os, que moravam em fazendas vizinhas, separadas apenas por um riacho, entraram em conflito. Foi a primeira grande desaven\u00e7a em toda uma vida de trabalho lado a lado. De repente, tudo havia mudado. Na verdade, a discuss\u00e3o entre os dois come\u00e7ou com um pequeno mal-entendido, e, finalmente, explodiu numa troca de palavras r\u00edspidas, seguidas por semanas de total sil\u00eancio. Numa manh\u00e3, o irm\u00e3o mais velho ouviu algu\u00e9m bater \u00e0 sua porta.<\/em><\/p>\n<p style=\"font-weight: 400;\"><em>&#8211; Estou procurando trabalho, disse a pessoa do lado de fora. Talvez voc\u00ea tenha algum servi\u00e7o para mim, sou carpinteiro.<\/em><\/p>\n<p style=\"font-weight: 400;\"><em>&#8211; Sim, disse o fazendeiro. Claro! V\u00ea aquela fazenda ali, do outro lado do riacho? \u00c9 do meu vizinho. Na realidade, do meu irm\u00e3o mais novo. N\u00f3s brigamos e n\u00e3o posso mais suport\u00e1-lo. V\u00ea aquela pilha de madeira ali no celeiro? Pois, use-a para construir uma cerca bem alta. N\u00e3o quero mais nem v\u00ea-lo!<\/em><\/p>\n<p style=\"font-weight: 400;\"><em>&#8211; Acho que entendo a situa\u00e7\u00e3o, disse o carpinteiro. Mostre-me onde est\u00e3o a p\u00e1 e os pregos. O irm\u00e3o mais velho entregou o material e foi para a cidade. O homem ficou ali medindo, cortando, pregando, trabalhando o dia inteiro. Quando o fazendeiro voltou, n\u00e3o acreditou no que viu: em vez de uma cerca, uma ponte tinha sido constru\u00edda, ligando as duas margens do riacho. Era um belo trabalho. Mas, o fazendeiro ficou enfurecido e falou:<\/em><\/p>\n<p style=\"font-weight: 400;\"><em>&#8211; Voc\u00ea foi atrevido construindo esta ponte, depois de tudo o que lhe contei sobre o meu desentendimento com meu irm\u00e3o. Mas, as surpresas n\u00e3o pararam a\u00ed. Ao olhar para a ponte, viu seu irm\u00e3o aproximando-se sorridente e de bra\u00e7os abertos. Por um instante, permaneceu im\u00f3vel do seu lado do rio. O irm\u00e3o mais novo, de longe, falou:<\/em><\/p>\n<p style=\"font-weight: 400;\"><em>&#8211; Voc\u00ea realmente foi muito amigo mandando construir esta ponte, mesmo depois de tudo o que eu lhe disse. De repente, num impulso, o irm\u00e3o mais velho correu na dire\u00e7\u00e3o do outro e abra\u00e7aram-se, emocionados, no meio da ponte. E o carpinteiro, que fez o trabalho, partiu com sua caixa de ferramentas\u201d.<\/em><\/p>\n<p style=\"font-weight: 400;\">O texto que ouvimos no in\u00edcio n\u00e3o fala de construir pontes, mas da praticidade ao abra\u00e7ar a f\u00e9 crista.\u00a0 A quest\u00e3o \u00e9 usar da liberdade dado por Cristo. Fazer diferente, redirecione o tempo para construir pontes, reconcilia\u00e7\u00e3o de tal forma que n\u00e3o venhamos entristecer o esp\u00edrito de Deus que mora conosco. Todos(as) pecam, o diferente que nem todos(as) se arrependem e buscam e desejam o perd\u00e3o.<\/p>\n<p style=\"font-weight: 400;\">Assim diz no cap\u00edtulo 5 da nossa carta:<\/p>\n<p style=\"font-weight: 400;\"><strong><em>Voc\u00eas s\u00e3o filhos queridos de Deus e por isso devem ser como ele. Que a vida de voc\u00eas seja dominada pelo amor, assim como Cristo nos amou e deu a sua vida por n\u00f3s, como uma oferta de perfume agrad\u00e1vel e como um sacrif\u00edcio que agrada a Deus. <\/em><\/strong><\/p>\n<p style=\"font-weight: 400;\">Deus toma a iniciativa de nos unir como comunidade. Somos irm\u00e3os e irm\u00e3s pela f\u00e9 em Cristo. Somos diferentes uns dos outros, divergimos, nem por isso deixamos de acolher, amar, respeitar.<\/p>\n<p style=\"font-weight: 400;\">H\u00e1 momentos onde as pessoas fazem enormes cr\u00edticas a comunidade. &#8211;Veja, v\u00e3o todos os domingos aos cultos. Mas no dia a dia, nem sempre vejo a pr\u00e1tica do amor nas suas vidas.<\/p>\n<p style=\"font-weight: 400;\">-Compreendo, tens raz\u00e3o. Agora se estas pessoas sempre voltam ao culto, apesar de, \u00e9 porque buscam perd\u00e3o, a reconcilia\u00e7\u00e3o. A igreja n\u00e3o \u00e9 um museu para santos, mas hospital para pecadores(as). Estes(as) sabem que pecam, mesmo n\u00e3o querendo.<\/p>\n<p style=\"font-weight: 400;\">A reconcilia\u00e7\u00e3o, o abra\u00e7o selando o perd\u00e3o, sempre ser\u00e1 mais saboroso do que alimentar o \u00f3dio. Como \u00e9 bom para os pais verem os seus filhos se reconciliarem, novamente. Bem como estes entre si e com os pais.<\/p>\n<p style=\"font-weight: 400;\">Vida em comunidade, em fam\u00edlia \u00e9 um exerc\u00edcio de cuidado, de perd\u00e3o, reconcilia\u00e7\u00e3o. Para tanto, o obvio tamb\u00e9m precisa ser dito Sem estas condutas a fam\u00edlia desmorona, a comunidade asfixia a a\u00e7\u00e3o do Esp\u00edrito Santo, entristecendo a Deus.<\/p>\n<p style=\"font-weight: 400;\">\u00a0\u201cA sa\u00edda para a maior parte dos problemas passa pela capacidade de nos deixar amar e de amarmos, cooperando na constru\u00e7\u00e3o de pontes que possibilitem que nos olhemos nos olhos, nos digamos a verdade com amor e troquemos um abra\u00e7o\u201d (Osmar Witt)<\/p>\n<p style=\"font-weight: 400;\">Voltando \u00e0 pergunta inicial: Qual \u00e9 a expectativa que esperamos de nossos filhos(as)? Diria, n\u00e3o espere. Ter expectativas, pode ser tremendamente frustrante. Antes de tudo, semeie muito amor, tenha cuidado para exercitar uma rela\u00e7\u00e3o de acolhimento, independente de fracassos e decep\u00e7\u00f5es. Exercite o di\u00e1logo constante, re\u00fana-os para\u00a0 momento de comunh\u00e3o em torno da mesa, v\u00e1 com eles ao culto, ore com eles e por eles. N\u00e3o pense em fazer algo para eles, fa\u00e7a com eles. Saiba dizer n\u00e3o. N\u00e3o esque\u00e7a, voc\u00ea \u00e9 pai. Amigos, ter\u00e3o muitos, pai e m\u00e3e somente um, uma. Caso esta autoridade se perca, outros de forma estranha assumir\u00e3o este papel. Por isso antes de ter expectativas, cultive o amor. Deus em Cristo n\u00e3o alimentou expectativas, mas nos amou incondicionalmente. Amar tamb\u00e9m \u00e9 dizer, repetir o \u00f3bvio.<\/p>\n<p style=\"font-weight: 400;\">Fam\u00edlia, comunidade, lindo jardim que precisa ser cultivado de forma constante. Caso contr\u00e1rio n\u00e3o reconheceremos mais as flores semeadas, plantadas. Semear, cultivar de forma consciente, eis a quest\u00e3o.<\/p>\n<p style=\"font-weight: 400;\">E a paz de Deus que \u00e9 maior do que a nossa capacidade de compreens\u00e3o, guarde nossas mentes e cora\u00e7\u00f5es em Cristo Jesus. Am\u00e9m.<\/p>\n<p style=\"font-weight: 400;\">&#8212;<\/p>\n<p>P. Werner Kiefer<\/p>\n<p style=\"font-weight: 400;\">Ivoti \u2013 Rio Grande do Sul (Brasilien)<\/p>\n<p style=\"font-weight: 400;\"><a href=\"mailto:pwkiefer@hotmail.com\">pwkiefer@hotmail.com<\/a><\/p>\n","protected":false},"excerpt":{"rendered":"<p>PR\u00c9DICA PARA O 12\u00b0 DOMINGO AP\u00d3S PENTECOSTES | 11.08.2024 | Ef\u00e9sios 4.25-5.2 | Werner Kiefer | Prezada comunidade de Jesus Cristo! Leitura do texto: Ef\u00e9sios 4.25\u20135.2 Expectativas, quem n\u00e3o as tem? Est\u00e3o presentes naquilo que almejamos ser e ter, inclusive na rela\u00e7\u00e3o com os nossos filhos(as). Viver com expectativas pode ser interessante tal qual o [&hellip;]<\/p>\n","protected":false},"author":1,"featured_media":7836,"comment_status":"closed","ping_status":"closed","sticky":false,"template":"","format":"standard","meta":{"footnotes":""},"categories":[45,499,157,853,108,571,349,3,112,109,401],"tags":[],"beitragende":[],"predigtform":[],"predigtreihe":[],"bibelstelle":[],"class_list":["post-20163","post","type-post","status-publish","format-standard","has-post-thumbnail","hentry","category-epheser","category-12-so-n-trinitatis","category-beitragende","category-bibel","category-current","category-kapitel-04-chapter-04-epheser","category-kasus","category-nt","category-port","category-predigten","category-werner-kiefer"],"_links":{"self":[{"href":"https:\/\/www.theologie.uzh.ch\/apps\/gpi\/wp-json\/wp\/v2\/posts\/20163","targetHints":{"allow":["GET"]}}],"collection":[{"href":"https:\/\/www.theologie.uzh.ch\/apps\/gpi\/wp-json\/wp\/v2\/posts"}],"about":[{"href":"https:\/\/www.theologie.uzh.ch\/apps\/gpi\/wp-json\/wp\/v2\/types\/post"}],"author":[{"embeddable":true,"href":"https:\/\/www.theologie.uzh.ch\/apps\/gpi\/wp-json\/wp\/v2\/users\/1"}],"replies":[{"embeddable":true,"href":"https:\/\/www.theologie.uzh.ch\/apps\/gpi\/wp-json\/wp\/v2\/comments?post=20163"}],"version-history":[{"count":1,"href":"https:\/\/www.theologie.uzh.ch\/apps\/gpi\/wp-json\/wp\/v2\/posts\/20163\/revisions"}],"predecessor-version":[{"id":20164,"href":"https:\/\/www.theologie.uzh.ch\/apps\/gpi\/wp-json\/wp\/v2\/posts\/20163\/revisions\/20164"}],"wp:featuredmedia":[{"embeddable":true,"href":"https:\/\/www.theologie.uzh.ch\/apps\/gpi\/wp-json\/wp\/v2\/media\/7836"}],"wp:attachment":[{"href":"https:\/\/www.theologie.uzh.ch\/apps\/gpi\/wp-json\/wp\/v2\/media?parent=20163"}],"wp:term":[{"taxonomy":"category","embeddable":true,"href":"https:\/\/www.theologie.uzh.ch\/apps\/gpi\/wp-json\/wp\/v2\/categories?post=20163"},{"taxonomy":"post_tag","embeddable":true,"href":"https:\/\/www.theologie.uzh.ch\/apps\/gpi\/wp-json\/wp\/v2\/tags?post=20163"},{"taxonomy":"beitragende","embeddable":true,"href":"https:\/\/www.theologie.uzh.ch\/apps\/gpi\/wp-json\/wp\/v2\/beitragende?post=20163"},{"taxonomy":"predigtform","embeddable":true,"href":"https:\/\/www.theologie.uzh.ch\/apps\/gpi\/wp-json\/wp\/v2\/predigtform?post=20163"},{"taxonomy":"predigtreihe","embeddable":true,"href":"https:\/\/www.theologie.uzh.ch\/apps\/gpi\/wp-json\/wp\/v2\/predigtreihe?post=20163"},{"taxonomy":"bibelstelle","embeddable":true,"href":"https:\/\/www.theologie.uzh.ch\/apps\/gpi\/wp-json\/wp\/v2\/bibelstelle?post=20163"}],"curies":[{"name":"wp","href":"https:\/\/api.w.org\/{rel}","templated":true}]}}