{"id":20287,"date":"2024-11-04T14:55:24","date_gmt":"2024-11-04T13:55:24","guid":{"rendered":"https:\/\/theologie.whp.uzh.ch\/apps\/gpi\/?p=20287"},"modified":"2024-11-04T14:55:24","modified_gmt":"2024-11-04T13:55:24","slug":"johannes-517-29-ezekiel-371-14","status":"publish","type":"post","link":"https:\/\/www.theologie.uzh.ch\/apps\/gpi\/johannes-517-29-ezekiel-371-14\/","title":{"rendered":"Johannes 5,17\u201329; Ezekiel 37,1\u201314"},"content":{"rendered":"<h3>24. s\u00f8ndag efter trinitatis | 10.11.2024 | Johannes 5,17\u201329; Ezekiel 37,1\u201314 | Thomas Reinholdt Rasmussen |<\/h3>\n<p><strong>De d\u00f8de skal h\u00f8re Guds r\u00f8st<\/strong><\/p>\n<p>N\u00e5r \u00e5ret g\u00e5r p\u00e5 h\u00e6ld, kryber efter\u00e5ret ind p\u00e5 os. Efter\u00e5ret med dens faldende blade, og kulde om morgenen. Det bliver mere h\u00e5rdt og koldt. Sommerens liv er mere og mere p\u00e5 afstand, og \u00e5ret h\u00e6lder ind i afskeden.<\/p>\n<p>S\u00e5dan er det ogs\u00e5 med evangeliet. N\u00e5r vi g\u00e5r ind i efter\u00e5ret, bliver tonen i evangeliet mere og mere groft og ligefremt. Evangeliet lyder p\u00e5 baggrund af afsked og det liv, der er blevet levet.<\/p>\n<p>S\u00e5ledes ogs\u00e5 med det stykke, vi har fra Johannes evangeliet i dag. Efter et klart udsagn om, at Faderen og S\u00f8nnen h\u00e6nger sammen og at s\u00f8nnens magt er et udtryk for faderens magt, og det derfor er den alm\u00e6gtige, der taler gennem Jesu\u2019 ord om tilgivelse og fornyelse, taler evangeliet om de d\u00f8de, der skal h\u00f8re Guds r\u00f8st.<\/p>\n<p>Det er det afg\u00f8rende ord: De d\u00f8de skal h\u00f8re Guds r\u00f8st.<\/p>\n<p><strong>Evangeliets kerne<\/strong><\/p>\n<p>M\u00e5ske er denne s\u00e6tning i virkeligheden kernen i evangeliet. Nu skal de d\u00f8de h\u00f8re Guds ord. Det sker nu. De d\u00f8de, er dem, der ikke kan v\u00e6re i evangeliet ved egen kraft. Det er som kvinderne, der g\u00e5r til graven p\u00e5skemorgen med salver og krukker for at afl\u00e6gge bes\u00f8g hos den k\u00e6re afd\u00f8de.<\/p>\n<p>De var som d\u00f8de, for de havde ingen tro p\u00e5 at Kristus var opstanden. Tv\u00e6rtimod. De troede p\u00e5 at d\u00f8den havde sejret, og at han nu l\u00e5 kold og d\u00f8de i graven. At der var blevet efter\u00e5r for alt det de havde erfaret i livet sammen med ham.<\/p>\n<p>Men de d\u00f8de h\u00f8rte Guds ord.<\/p>\n<p>Deres erfaringer af d\u00f8dens endegyldige magt blev modsagt ved den tomme grav. Det var nu, det skete; at de d\u00f8de h\u00f8rte Guds ord. Han er ikke her. Han er opstanden. Der h\u00f8rte de allerede d\u00f8de Guds ord.<\/p>\n<p>Beretningen fra p\u00e5skemorgen, hvor kvinderne uden tro p\u00e5 Guds fornyelse kommer til graven, er en kerneberetning. Det er en beretning, der fort\u00e6ller os, at det ikke kommer an p\u00e5 deres tro, for den har de ikke. Det kommer ikke an p\u00e5 deres indstilling, for den gik kun mod d\u00f8den. Det kommer an p\u00e5 Guds ord. Det ord, der opst\u00e5r af de d\u00f8de, og taler til os, der allerede er p\u00e5 vej derhen.<\/p>\n<p>S\u00e5ledes er det et grundl\u00e6ggende h\u00e5b, at Gud kan kalde de d\u00f8de ind i livet. At Gud kan g\u00f8re nyt, hvor vi kun kan se gammelt og d\u00f8dt. At Gud kan v\u00e6kke \u00e5rets afsked til fornyelse. At vi tror p\u00e5 en Gud, der g\u00f8r alting nyt.<\/p>\n<p>Hvis det h\u00e5b ikke er der, s\u00e5 har vi grundl\u00e6ggende ikke h\u00f8rt fort\u00e6llingen fra den tomme grav p\u00e5skemorgen. S\u00e5 er vi som kvinderne, der bev\u00e6ger sig ud uden h\u00e5b, Men nu er Kristus opstanden. Nu er det forkyndt. Nu er der et levende h\u00e5b.<\/p>\n<p><strong>Profeten Ezekiel<\/strong><\/p>\n<p>Til tider kan vi vel have det som profeten Ezekiel, der af Herre blev f\u00f8rt ud til en dal fyldt med d\u00f8de knogler. Knoglerne er helt indt\u00f8rrede og spredt ud over hele dalen. Dette er som vores liv, eller m\u00e5ske som en fornemmelse af vores kultur, der er som t\u00f8rre ben, der ikke kan leve. M\u00e5ske endog som den kirke, vi lever i. Ser vi kun de d\u00f8de ben, og h\u00f8rer vi ikke Guds ord?<\/p>\n<p>Men Herre sp\u00f8rger Ezekiel om han tror, at disse ben kan blive levende igen. Tror han det? Og Ezekiel m\u00e5 svare: \u201dGud Herre, det ved kun du!\u201d. Det er tvivlens og mismodets svar, for det er grundl\u00e6ggende intet svar, men n\u00e6rmest et stille r\u00e5b om hj\u00e6lp.<\/p>\n<p>Og hvad er da Herrens svar til Ezekiel?\u00a0 At han skal profetere, at de indt\u00f8rrede ben skal h\u00f8re Guds ord!<\/p>\n<p>Han skal pr\u00e6dike Guds ord. Pr\u00e6dike Guds ord mod den helt h\u00e5ndgribelige h\u00e5bl\u00f8shed og d\u00f8de. Det er hvad der skal g\u00f8res.<\/p>\n<p>Hvordan mon Ezekiel har haft det, da dette var svaret? At han skulle forkynde og profetere? Mod den h\u00e5rde d\u00f8d?<\/p>\n<p><strong>Guds ord, der g\u00f8r levende<\/strong><\/p>\n<p>Der stod Ezekiel og der st\u00e5r vi. Vi kan intet andet end at tale det ord, der er givet og om, at Kristus er opstanden, og at det ord skal vi leve p\u00e5 ogs\u00e5 i d\u00f8den. Det kan ikke v\u00e6re anderledes.<\/p>\n<p>De d\u00f8de skal h\u00f8re Guds r\u00f8st.<\/p>\n<p>Og dem, der h\u00f8rer, skal leve. For S\u00f8nnen, der taler ordet, har den magt Faderen har givet ham, og Faderens liv er givet til s\u00f8nnen og han giver det til os.<\/p>\n<p>Det er den alm\u00e6gtige Herre over liv og d\u00f8d, der siger til os de d\u00f8de: du er min! Der er magt bag ordene for det er ikke bare en hensigtserkl\u00e6ring. Det er en vilje. Den Guds vilje, der r\u00e5der for alt, hvad der sker. Den Gud, der lader livet leve og livet d\u00f8, kalder gennem sin egen s\u00f8n os for sit barn.<\/p>\n<p>Der skal vi de d\u00f8de leve, n\u00e5r ordet rammer, som ordet ramte de t\u00f8rre knogler i dalen. Da skal de d\u00f8de h\u00f8re Guds r\u00f8st, og vi skal leve.<\/p>\n<p>S\u00e5ledes kan vi midt i efter\u00e5rets faldende blade og i fornemmelse af at \u00e5rets h\u00e6lder ind i afskeden, h\u00f8rer Guds r\u00f8st til os gennem d\u00e5bens vand og nadverens vin og br\u00f8d og du er min. Du tilh\u00f8rer mig, siger Herre. Du tilh\u00f8rer mig i liv og i d\u00f8d. Amen.<\/p>\n<p>&#8212;<\/p>\n<p>Bischof Thomas Reinholdt Rasmussen<\/p>\n<p>Aalborg Stift, Thulebakken 1, DK-9000 Aalborg<\/p>\n<p>Tlf. +45 98188088, E-mail: <a href=\"mailto:kmaal@km.dk\">kmaal(at)km.dk<\/a><\/p>\n","protected":false},"excerpt":{"rendered":"<p>24. s\u00f8ndag efter trinitatis | 10.11.2024 | Johannes 5,17\u201329; Ezekiel 37,1\u201314 | Thomas Reinholdt Rasmussen | De d\u00f8de skal h\u00f8re Guds r\u00f8st N\u00e5r \u00e5ret g\u00e5r p\u00e5 h\u00e6ld, kryber efter\u00e5ret ind p\u00e5 os. Efter\u00e5ret med dens faldende blade, og kulde om morgenen. Det bliver mere h\u00e5rdt og koldt. Sommerens liv er mere og mere p\u00e5 afstand, [&hellip;]<\/p>\n","protected":false},"author":1,"featured_media":4758,"comment_status":"closed","ping_status":"closed","sticky":false,"template":"","format":"standard","meta":{"footnotes":""},"categories":[39,25,2,157,853,108,111,587,526,263,349,3,109,307],"tags":[],"beitragende":[],"predigtform":[],"predigtreihe":[],"bibelstelle":[],"class_list":["post-20287","post","type-post","status-publish","format-standard","has-post-thumbnail","hentry","category-johannes","category-ezechiel","category-at","category-beitragende","category-bibel","category-current","category-dansk","category-drittl-s-d-kj","category-kapitel-05-chapter-05-johannes","category-kapitel-37-chapter-37","category-kasus","category-nt","category-predigten","category-thomas-reinholdt-rasmussen"],"_links":{"self":[{"href":"https:\/\/www.theologie.uzh.ch\/apps\/gpi\/wp-json\/wp\/v2\/posts\/20287","targetHints":{"allow":["GET"]}}],"collection":[{"href":"https:\/\/www.theologie.uzh.ch\/apps\/gpi\/wp-json\/wp\/v2\/posts"}],"about":[{"href":"https:\/\/www.theologie.uzh.ch\/apps\/gpi\/wp-json\/wp\/v2\/types\/post"}],"author":[{"embeddable":true,"href":"https:\/\/www.theologie.uzh.ch\/apps\/gpi\/wp-json\/wp\/v2\/users\/1"}],"replies":[{"embeddable":true,"href":"https:\/\/www.theologie.uzh.ch\/apps\/gpi\/wp-json\/wp\/v2\/comments?post=20287"}],"version-history":[{"count":1,"href":"https:\/\/www.theologie.uzh.ch\/apps\/gpi\/wp-json\/wp\/v2\/posts\/20287\/revisions"}],"predecessor-version":[{"id":20288,"href":"https:\/\/www.theologie.uzh.ch\/apps\/gpi\/wp-json\/wp\/v2\/posts\/20287\/revisions\/20288"}],"wp:featuredmedia":[{"embeddable":true,"href":"https:\/\/www.theologie.uzh.ch\/apps\/gpi\/wp-json\/wp\/v2\/media\/4758"}],"wp:attachment":[{"href":"https:\/\/www.theologie.uzh.ch\/apps\/gpi\/wp-json\/wp\/v2\/media?parent=20287"}],"wp:term":[{"taxonomy":"category","embeddable":true,"href":"https:\/\/www.theologie.uzh.ch\/apps\/gpi\/wp-json\/wp\/v2\/categories?post=20287"},{"taxonomy":"post_tag","embeddable":true,"href":"https:\/\/www.theologie.uzh.ch\/apps\/gpi\/wp-json\/wp\/v2\/tags?post=20287"},{"taxonomy":"beitragende","embeddable":true,"href":"https:\/\/www.theologie.uzh.ch\/apps\/gpi\/wp-json\/wp\/v2\/beitragende?post=20287"},{"taxonomy":"predigtform","embeddable":true,"href":"https:\/\/www.theologie.uzh.ch\/apps\/gpi\/wp-json\/wp\/v2\/predigtform?post=20287"},{"taxonomy":"predigtreihe","embeddable":true,"href":"https:\/\/www.theologie.uzh.ch\/apps\/gpi\/wp-json\/wp\/v2\/predigtreihe?post=20287"},{"taxonomy":"bibelstelle","embeddable":true,"href":"https:\/\/www.theologie.uzh.ch\/apps\/gpi\/wp-json\/wp\/v2\/bibelstelle?post=20287"}],"curies":[{"name":"wp","href":"https:\/\/api.w.org\/{rel}","templated":true}]}}