{"id":20867,"date":"1998-09-13T12:13:02","date_gmt":"1998-09-13T10:13:02","guid":{"rendered":"https:\/\/www.theologie.uzh.ch\/apps\/gpi\/?p=20867"},"modified":"2025-03-10T12:16:50","modified_gmt":"2025-03-10T11:16:50","slug":"tag-der-brautpaare","status":"publish","type":"post","link":"https:\/\/www.theologie.uzh.ch\/apps\/gpi\/tag-der-brautpaare\/","title":{"rendered":"Tag der Brautpaare"},"content":{"rendered":"<h3>14. Sonntag nach Trinitatis\/&#8220;Tag der Brautpaare&#8220; | 13. September 1998 | Armin Kraft und Joachim Hempel |<\/h3>\n<p>Vorbemerkung: Zum &#8222;Tag der Brautpaare&#8220; wurden alle Paare, die in den letzten f\u00fcnf Jahren getraut wurden, zum Gottesdienst eingeladen.<\/p>\n<p>Predigt<\/p>\n<p>Liebe &#8222;Brautpaare&#8220; \u2013 darf ich Sie noch so anreden?<\/p>\n<p>Sie blicken zur\u00fcck und wissen es: Die Ehe ist nicht mehr der Ehehafen von einst, sondern eher eine Fahrt hinaus auf\u2019s offene Meer! Sie als Partner verlassen den Hafen des bisherigen gesicherten Lebens \u2013 Ihre Familie, Ihre Nachbarschaft, Ihr Dorf oder Ihren Stadtteil, oft genug auch Ihren bisherigen Freundeskreis \u2013 und wagen die risikoreiche Fahrt mit allen m\u00f6glichen Unsicherheiten und Unw\u00e4gbarkeiten.<\/p>\n<p>Das war zwar auch fr\u00fcher nicht leicht \u2013 aber heute wird das Heiraten sogar schon h\u00f6hnisch bel\u00e4chelt, vor allem wenn es in der Kirche stattfindet.<\/p>\n<p>Das Wort &#8222;Trauung&#8220; meint: &#8222;Ich traue mich mit dir! Ich gehe mit dir ein Wagnis, ein Risiko ein. Aber ich habe Zutrauen und Vertrauen&#8220;!<\/p>\n<p>So leben viele junge Leute in einer spannungsvollen Lage: Sie hoffen, genauso wie Sie, auf das Gl\u00fcck und Gelingen ihrer Ehe und blicken zugleich auf die Scheidungszahlen. Zuversicht und Sorge, Vertrauen und Zweifel werden bewu\u00dft! Die Ehe ist anspruchsvoll und herausfordernd, anf\u00e4llig und verletzlich. Ihre Tragf\u00fchigekit wird heute leider von vielen angezweifelt. Auch der Hinweis des Justizministers, da\u00df doch in Zukunft auf dem Standesamt nicht nur Ehen geschlossen, sondern auch geschieden werden k\u00f6nnten, \u00e4rgert mich. So leicht darf es denen, die sich noch &#8222;trauen&#8220; nun wirklich nicht gemacht werden!<\/p>\n<p>Die Ehe ist ein tragf\u00e4higes Fundament in unserer Gesellschaft. Ich habe die Hoffnung, da\u00df die Bindung zweier Menschen ohne &#8222;wenn und aber&#8220; ihre Bedeutung beh\u00e4lt.<\/p>\n<p>An den entscheidenden Wegstationen brauchen die Menschen Wegweiser und Wegbeschreibungen, Wegdeutungen und Ermutigungen. In der &#8222;hohen Zeit&#8220;, der Hochzeit, ist ein Fest hilfreich und wichtig. Deswegen nimmt auch die Zahl der kirchlichen Trauungen wieder zu, weil die jungen Leute merken: Dieses Versprechen vor Gott und einer Gemeinde bringt uns noch fester zusammen. Gottes Segen bedeutet &#8222;gut sagen, gut meinen&#8220;. Deshalb m\u00f6chte ich allen Mut machen, die heiraten wollen, auch Ihnen: &#8222;Traut euch!&#8220;.<\/p>\n<p>Das Vertrauen ist ein Geschenk Gottes, ebenso wie die Liebe und die Hoffnung. Dieser Bereich wird auch bei Ihrer Hochzeit in der Kirche mit Liedern, Texten und Bildern sehr deutlich angesprochen. Wir sind nicht allein, sondern leben in einer Gemeinschaft &#8211; wir sind keine Pessimisten, sondern hoffnungsvolle Partner \u2013 wir k\u00f6nnen geben und vergeben &#8230; Traut euch!<\/p>\n<hr \/>\n<p>Armin Kraft, Propst und Joachim Henkel, Domprediger Domplatz 5, 38100 Braunschweig Tel.: 0531-46473, Fax: 125065<\/p>\n","protected":false},"excerpt":{"rendered":"<p>14. Sonntag nach Trinitatis\/&#8220;Tag der Brautpaare&#8220; | 13. September 1998 | Armin Kraft und Joachim Hempel | Vorbemerkung: Zum &#8222;Tag der Brautpaare&#8220; wurden alle Paare, die in den letzten f\u00fcnf Jahren getraut wurden, zum Gottesdienst eingeladen. Predigt Liebe &#8222;Brautpaare&#8220; \u2013 darf ich Sie noch so anreden? Sie blicken zur\u00fcck und wissen es: Die Ehe ist [&hellip;]<\/p>\n","protected":false},"author":1,"featured_media":15038,"comment_status":"closed","ping_status":"closed","sticky":false,"template":"","format":"standard","meta":{"footnotes":""},"categories":[512,727,1318,157,114,1393,349],"tags":[],"beitragende":[],"predigtform":[],"predigtreihe":[],"bibelstelle":[],"class_list":["post-20867","post","type-post","status-publish","format-standard","has-post-thumbnail","hentry","category-14-so-n-trinitatis","category-archiv","category-armin-kraft","category-beitragende","category-deut","category-joachim-hempel","category-kasus"],"_links":{"self":[{"href":"https:\/\/www.theologie.uzh.ch\/apps\/gpi\/wp-json\/wp\/v2\/posts\/20867","targetHints":{"allow":["GET"]}}],"collection":[{"href":"https:\/\/www.theologie.uzh.ch\/apps\/gpi\/wp-json\/wp\/v2\/posts"}],"about":[{"href":"https:\/\/www.theologie.uzh.ch\/apps\/gpi\/wp-json\/wp\/v2\/types\/post"}],"author":[{"embeddable":true,"href":"https:\/\/www.theologie.uzh.ch\/apps\/gpi\/wp-json\/wp\/v2\/users\/1"}],"replies":[{"embeddable":true,"href":"https:\/\/www.theologie.uzh.ch\/apps\/gpi\/wp-json\/wp\/v2\/comments?post=20867"}],"version-history":[{"count":1,"href":"https:\/\/www.theologie.uzh.ch\/apps\/gpi\/wp-json\/wp\/v2\/posts\/20867\/revisions"}],"predecessor-version":[{"id":20868,"href":"https:\/\/www.theologie.uzh.ch\/apps\/gpi\/wp-json\/wp\/v2\/posts\/20867\/revisions\/20868"}],"wp:featuredmedia":[{"embeddable":true,"href":"https:\/\/www.theologie.uzh.ch\/apps\/gpi\/wp-json\/wp\/v2\/media\/15038"}],"wp:attachment":[{"href":"https:\/\/www.theologie.uzh.ch\/apps\/gpi\/wp-json\/wp\/v2\/media?parent=20867"}],"wp:term":[{"taxonomy":"category","embeddable":true,"href":"https:\/\/www.theologie.uzh.ch\/apps\/gpi\/wp-json\/wp\/v2\/categories?post=20867"},{"taxonomy":"post_tag","embeddable":true,"href":"https:\/\/www.theologie.uzh.ch\/apps\/gpi\/wp-json\/wp\/v2\/tags?post=20867"},{"taxonomy":"beitragende","embeddable":true,"href":"https:\/\/www.theologie.uzh.ch\/apps\/gpi\/wp-json\/wp\/v2\/beitragende?post=20867"},{"taxonomy":"predigtform","embeddable":true,"href":"https:\/\/www.theologie.uzh.ch\/apps\/gpi\/wp-json\/wp\/v2\/predigtform?post=20867"},{"taxonomy":"predigtreihe","embeddable":true,"href":"https:\/\/www.theologie.uzh.ch\/apps\/gpi\/wp-json\/wp\/v2\/predigtreihe?post=20867"},{"taxonomy":"bibelstelle","embeddable":true,"href":"https:\/\/www.theologie.uzh.ch\/apps\/gpi\/wp-json\/wp\/v2\/bibelstelle?post=20867"}],"curies":[{"name":"wp","href":"https:\/\/api.w.org\/{rel}","templated":true}]}}