{"id":2242,"date":"2020-03-20T08:34:46","date_gmt":"2020-03-20T07:34:46","guid":{"rendered":"https:\/\/www.theologie.uzh.ch\/static\/wp\/?p=2242"},"modified":"2020-03-20T08:34:46","modified_gmt":"2020-03-20T07:34:46","slug":"alguien-tiene-que-tener","status":"publish","type":"post","link":"https:\/\/www.theologie.uzh.ch\/apps\/gpi\/alguien-tiene-que-tener\/","title":{"rendered":"Alguien tiene que tener&#8230;"},"content":{"rendered":"<h3>Alguien tiene que tener la culpa la culpa | <span lang=\"ES-AR\">Juan 9:1-41 |\u00a0<\/span>Estela Andersen |<\/h3>\n<p>Reciban ustedes bendiciones y paz de parte de Dios, El que era, es y ha de venir. Am\u00e9n.<\/p>\n<p>&nbsp;<\/p>\n<p>La culpa siempre ha sido un tema para nosotros, los seres humanos: nadie la quiere tener, nadie la quiere asumir y todos se la echamos a los dem\u00e1s. \u00a0Muchas cosas se han escrito acerca de la culpa o responsabilidad (que suena un poco menos fuerte, pero es lo mismo), incluso hay muchas frases o dichos populares que corren entre la gente, justamente por la profundidad que tiene este tema.<\/p>\n<p>Apenas comenzamos a leer la Biblia, en el tercer cap\u00edtulo del G\u00e9nesis aparece: \u00bfQui\u00e9n tuvo la culpa de que Ad\u00e1n y Eva comieran la fruta del \u00e1rbol prohibido que se encontraba en el medio del jard\u00edn del Ed\u00e9n? Si le preguntamos a \u00e9l, va a decir que fue ella, si le preguntamos a ella, va a decir que fue la serpiente que la enga\u00f1\u00f3, si le preguntamos a la serpiente\u2026 seguramente algo nos dir\u00eda, pero no asumir\u00eda su responsabilidad. La realidad es que ninguno quiso asumir la parte de culpa que le correspond\u00eda. La responsabilidad, la culpa, fue compartida, porque ni Ad\u00e1n ni Eva, sabiendo de la prohibici\u00f3n de Dios, obedecieron.<\/p>\n<p>Pero no siempre la carga es compartida de manera equitativa. Hay situaciones o espacios en donde algunas personas tienen una mayor responsabilidad que el resto del grupo, ya sea por la jerarqu\u00eda o el conocimiento. Lamentablemente muchas veces, ante una situaci\u00f3n extrema, se busca culpar a la parte m\u00e1s d\u00e9bil del sistema o empresa. Es lo mismo que pasa cuando en una casa la mam\u00e1 pregunta a sus hijos: \u201c\u00bfqui\u00e9n rompi\u00f3 el jarr\u00f3n?\u201d en esas situaciones, lo m\u00e1s f\u00e1cil es echarle la culpa al beb\u00e9 o al m\u00e1s peque\u00f1o, que no se puede defender y que se le perdona m\u00e1s f\u00e1cil tambi\u00e9n. En el caso de una empresa, no es lo mismo que la falla sea de un obrero que del jefe, y eso es lo que se hace: decir que la falla fue operaria, se culpa a alguien, que pierde su trabajo, y se sigue adelante, sin buscar la verdad.<\/p>\n<p>&nbsp;<\/p>\n<p>Este a\u00f1o, en Argentina, vivimos la triste realidad que, apenas comenzado el 2020, ya han muerto 65 mujeres en manos de sus parejas o exparejas, esto es: cada 22.5 hs. una mujer es asesinada por el solo hecho de ser mujer, como una propiedad del hombre, del que puede disponer a su capricho. A esto se le ha dado el nombre de femicidio. El femicidio es la expresi\u00f3n m\u00e1s aguda y extrema de la violencia de g\u00e9nero, un tema nuevo, pero que en realidad lleva milenios de existencia. La excusa del violento es que la mujer lo lleva a eso, es por el amor que le tiene y su temor de perderla\u2026 Ella tiene la culpa de su violencia\u2026 Ella es responsable de su propia muerte. Y es que alguien la tiene que tener\u2026 y se corta por la parte d\u00e9bil del hilo: la v\u00edctima. Entonces surgen los comentarios: ella siempre sal\u00eda y se divert\u00eda, ella beb\u00eda, ella se vest\u00eda provocativamente\u2026 ella es la culpable\u2026 razones sin raz\u00f3n.<\/p>\n<p>&nbsp;<\/p>\n<p>En el texto que hoy estamos compartiendo surge justamente esta pregunta a Jes\u00fas de parte de los disc\u00edpulos: \u00bfqui\u00e9n tiene la culpa de que este hombre sea ciego? Y, si\u2026 alguien tiene que tener la culpa\u2026<\/p>\n<p>Jes\u00fas lo sana, pero eso no alegra a nadie ni soluciona el tema: surgen las acusaciones: \u00bfser\u00e1 que era realmente ciego? \u00bfNo nos habr\u00e1 enga\u00f1ado? Los poderosos del templo lo llaman, tambi\u00e9n llaman a sus padres\u2026 \u201cpreg\u00fantenle a \u00e9l\u2026 ya es grande\u201d, dicen ellos. Los padres tampoco quieren tener la culpa, se desentienden del problema\u2026 porque tienen miedo de \u201cquedar con la culpa\u201d de un hijo que naci\u00f3 ciego y ahora ve. Nadie quiere tener la culpa, porque siempre junto con ella est\u00e1 la condena.<\/p>\n<p>Y se cruzan las acusaciones, las teor\u00edas acerca de lo que es y no es de Dios, pero nadie logra ver el milagro, el cambio de vida de ese ciego, que viv\u00eda sentado mendigando no pod\u00eda hacer otra cosa, y que ahora ve. Jes\u00fas le san\u00f3 la vista y junto con ello, descubri\u00f3 la fe, el reconocer a Jes\u00fas como el Cristo, el esperado Mes\u00edas.<\/p>\n<p>Jes\u00fas no s\u00f3lo lo liber\u00f3 de su ceguera sino tambi\u00e9n de ser un dep\u00f3sito del pecado, porque al verlo todos se preguntaban el por qu\u00e9 estaba ciego, qui\u00e9n hab\u00eda pecado. Muy a pesar de las autoridades del templo, de sus padres y de la gente que lo cruzaba cada d\u00eda, el ciego hab\u00eda sido tocado por la gracia de Dios, y ya era como las dem\u00e1s personas. Nadie se alegr\u00f3 de ello, porque les resultaba c\u00f3modo que siguiera ciego, mendigando, sentado en alguna calle del pueblo. Era m\u00e1s c\u00f3modo que llevara la culpa de qui\u00e9n sabe qu\u00e9 antes de verlo liberado y feliz\u2026 porque alguien tiene que tener la culpa\u2026 y si el ciego no la tiene \u00bfqui\u00e9n ser\u00eda el culpable?<\/p>\n<p>&nbsp;<\/p>\n<p>Nosotros tambi\u00e9n vivimos echando culpas, no asumiendo nuestras responsabilidades, no haci\u00e9ndonos cargo de lo que nos compete por el simple hecho de ser cristianos. Preferimos la ceguera a poner en evidencia las injusticias, poner nuestras manos a disposici\u00f3n para cambiar las cosas y hacer de este mundo un lugar mejor para todos y todas.<\/p>\n<p>A veces somos como el ciego, mendigando en la puerta, no anim\u00e1ndonos a ver que Jes\u00fas nos puede sacar de esa situaci\u00f3n, a veces somos como los padres del ciego, con temor de terminar nosotros tambi\u00e9n condenados, a veces somos como las autoridades del templo, que preferimos desconfiar a ver los milagros de Jes\u00fas, que a\u00fan hoy ocurren, a veces somos como el pueblo que solo se\u00f1ala y condena, sin tener en cuenta de que en un momento pueden ser ellos quienes se encuentren en ese lugar.<\/p>\n<p>Muchas veces enfatizamos en la culpa y buscamos mil artilugios para sac\u00e1rnosla de encima, sin ver que \u00e9se no es el mensaje principal de Jes\u00fas, sino la fe, creer en \u00e9l, seguirlo a \u00e9l. Vivir misericordiosamente sin apuntar a los dem\u00e1s con el dedo, sin ocuparnos en juzgar a las personas sino de ayudarlas.<\/p>\n<p>&nbsp;<\/p>\n<p><em>Querido Jes\u00fas, ayudanos a salir de nuestra ceguera, de nuestra, de nuestra inmovilidad, para que nos animemos a proclamar tu mensaje de perd\u00f3n y sanaci\u00f3n. No permitas que nos quedemos con este mensaje liberador para nosotros mismos ni que busquemos los culpables de nuestra falta de compromiso. Gracias, por tu gran regalo que es la fe, bend\u00edcenos siempre con ella, en el nombre del Padre y del Hijo y del Esp\u00edritu Santo. Am\u00e9n.<\/em><\/p>\n<p>&nbsp;<\/p>\n<p>Estela Andersen<\/p>\n<p>Pastora de la Iglesia Evang\u00e9lica del R\u00edo de la Plata<\/p>\n<p>al servicio de la Congregaci\u00f3n Evang\u00e9lica Alemana General Alvear \u2013 Distrito Entre R\u00edos \u2013 Argentina<\/p>\n<p>dannevirke63@gmail.com<\/p>\n","protected":false},"excerpt":{"rendered":"<p>Alguien tiene que tener la culpa la culpa | Juan 9:1-41 |\u00a0Estela Andersen | Reciban ustedes bendiciones y paz de parte de Dios, El que era, es y ha de venir. Am\u00e9n. &nbsp; La culpa siempre ha sido un tema para nosotros, los seres humanos: nadie la quiere tener, nadie la quiere asumir y todos [&hellip;]<\/p>\n","protected":false},"author":1,"featured_media":1391,"comment_status":"closed","ping_status":"closed","sticky":false,"template":"","format":"standard","meta":{"footnotes":""},"categories":[39,157,108,113,159,248,3,109],"tags":[],"beitragende":[],"predigtform":[],"predigtreihe":[],"bibelstelle":[],"class_list":["post-2242","post","type-post","status-publish","format-standard","has-post-thumbnail","hentry","category-johannes","category-beitragende","category-current","category-espa","category-estela-andersen","category-kapitel-09-chapter-09-johannes","category-nt","category-predigten"],"_links":{"self":[{"href":"https:\/\/www.theologie.uzh.ch\/apps\/gpi\/wp-json\/wp\/v2\/posts\/2242","targetHints":{"allow":["GET"]}}],"collection":[{"href":"https:\/\/www.theologie.uzh.ch\/apps\/gpi\/wp-json\/wp\/v2\/posts"}],"about":[{"href":"https:\/\/www.theologie.uzh.ch\/apps\/gpi\/wp-json\/wp\/v2\/types\/post"}],"author":[{"embeddable":true,"href":"https:\/\/www.theologie.uzh.ch\/apps\/gpi\/wp-json\/wp\/v2\/users\/1"}],"replies":[{"embeddable":true,"href":"https:\/\/www.theologie.uzh.ch\/apps\/gpi\/wp-json\/wp\/v2\/comments?post=2242"}],"version-history":[{"count":1,"href":"https:\/\/www.theologie.uzh.ch\/apps\/gpi\/wp-json\/wp\/v2\/posts\/2242\/revisions"}],"predecessor-version":[{"id":2243,"href":"https:\/\/www.theologie.uzh.ch\/apps\/gpi\/wp-json\/wp\/v2\/posts\/2242\/revisions\/2243"}],"wp:featuredmedia":[{"embeddable":true,"href":"https:\/\/www.theologie.uzh.ch\/apps\/gpi\/wp-json\/wp\/v2\/media\/1391"}],"wp:attachment":[{"href":"https:\/\/www.theologie.uzh.ch\/apps\/gpi\/wp-json\/wp\/v2\/media?parent=2242"}],"wp:term":[{"taxonomy":"category","embeddable":true,"href":"https:\/\/www.theologie.uzh.ch\/apps\/gpi\/wp-json\/wp\/v2\/categories?post=2242"},{"taxonomy":"post_tag","embeddable":true,"href":"https:\/\/www.theologie.uzh.ch\/apps\/gpi\/wp-json\/wp\/v2\/tags?post=2242"},{"taxonomy":"beitragende","embeddable":true,"href":"https:\/\/www.theologie.uzh.ch\/apps\/gpi\/wp-json\/wp\/v2\/beitragende?post=2242"},{"taxonomy":"predigtform","embeddable":true,"href":"https:\/\/www.theologie.uzh.ch\/apps\/gpi\/wp-json\/wp\/v2\/predigtform?post=2242"},{"taxonomy":"predigtreihe","embeddable":true,"href":"https:\/\/www.theologie.uzh.ch\/apps\/gpi\/wp-json\/wp\/v2\/predigtreihe?post=2242"},{"taxonomy":"bibelstelle","embeddable":true,"href":"https:\/\/www.theologie.uzh.ch\/apps\/gpi\/wp-json\/wp\/v2\/bibelstelle?post=2242"}],"curies":[{"name":"wp","href":"https:\/\/api.w.org\/{rel}","templated":true}]}}