{"id":2252,"date":"2020-03-21T11:32:35","date_gmt":"2020-03-21T10:32:35","guid":{"rendered":"https:\/\/www.theologie.uzh.ch\/static\/wp\/?p=2252"},"modified":"2020-03-21T14:05:38","modified_gmt":"2020-03-21T13:05:38","slug":"2-folge-mir-nach-von-tiziana-kaufman","status":"publish","type":"post","link":"https:\/\/www.theologie.uzh.ch\/apps\/gpi\/2-folge-mir-nach-von-tiziana-kaufman\/","title":{"rendered":"2 Folge mir nach von Tiziana Kaufman"},"content":{"rendered":"<p>Eine Slampredigt zu Matth\u00e4us 8, 18-22 \u00fcber Nachfolge und die Schuhgr\u00f6sse von Jesus von Tiziana Kaufman. Gehalten von Tobias Adam.<\/p>\n<p><\/p>\n\n\n<figure><iframe src=\"https:\/\/www.podcaster.de\/simpleplayer\/?id=show~brb4jr~gpipodcast~pod-5e6d4faaa1442013323089&amp;v=1584786291\"><\/iframe><\/figure>\n","protected":false},"excerpt":{"rendered":"<p>Eine Slampredigt zu Matth\u00e4us 8, 18-22 \u00fcber Nachfolge und die Schuhgr\u00f6sse von Jesus von Tiziana Kaufman. Gehalten von Tobias Adam.<\/p>\n","protected":false},"author":1,"featured_media":2139,"comment_status":"closed","ping_status":"closed","sticky":false,"template":"","format":"standard","meta":{"footnotes":""},"categories":[36,260,3,258],"tags":[],"beitragende":[],"predigtform":[],"predigtreihe":[],"bibelstelle":[],"class_list":["post-2252","post","type-post","status-publish","format-standard","has-post-thumbnail","hentry","category-matthaeus","category-kapitel-08-chapter-08-matthaeus","category-nt","category-podcast"],"_links":{"self":[{"href":"https:\/\/www.theologie.uzh.ch\/apps\/gpi\/wp-json\/wp\/v2\/posts\/2252","targetHints":{"allow":["GET"]}}],"collection":[{"href":"https:\/\/www.theologie.uzh.ch\/apps\/gpi\/wp-json\/wp\/v2\/posts"}],"about":[{"href":"https:\/\/www.theologie.uzh.ch\/apps\/gpi\/wp-json\/wp\/v2\/types\/post"}],"author":[{"embeddable":true,"href":"https:\/\/www.theologie.uzh.ch\/apps\/gpi\/wp-json\/wp\/v2\/users\/1"}],"replies":[{"embeddable":true,"href":"https:\/\/www.theologie.uzh.ch\/apps\/gpi\/wp-json\/wp\/v2\/comments?post=2252"}],"version-history":[{"count":4,"href":"https:\/\/www.theologie.uzh.ch\/apps\/gpi\/wp-json\/wp\/v2\/posts\/2252\/revisions"}],"predecessor-version":[{"id":2280,"href":"https:\/\/www.theologie.uzh.ch\/apps\/gpi\/wp-json\/wp\/v2\/posts\/2252\/revisions\/2280"}],"wp:featuredmedia":[{"embeddable":true,"href":"https:\/\/www.theologie.uzh.ch\/apps\/gpi\/wp-json\/wp\/v2\/media\/2139"}],"wp:attachment":[{"href":"https:\/\/www.theologie.uzh.ch\/apps\/gpi\/wp-json\/wp\/v2\/media?parent=2252"}],"wp:term":[{"taxonomy":"category","embeddable":true,"href":"https:\/\/www.theologie.uzh.ch\/apps\/gpi\/wp-json\/wp\/v2\/categories?post=2252"},{"taxonomy":"post_tag","embeddable":true,"href":"https:\/\/www.theologie.uzh.ch\/apps\/gpi\/wp-json\/wp\/v2\/tags?post=2252"},{"taxonomy":"beitragende","embeddable":true,"href":"https:\/\/www.theologie.uzh.ch\/apps\/gpi\/wp-json\/wp\/v2\/beitragende?post=2252"},{"taxonomy":"predigtform","embeddable":true,"href":"https:\/\/www.theologie.uzh.ch\/apps\/gpi\/wp-json\/wp\/v2\/predigtform?post=2252"},{"taxonomy":"predigtreihe","embeddable":true,"href":"https:\/\/www.theologie.uzh.ch\/apps\/gpi\/wp-json\/wp\/v2\/predigtreihe?post=2252"},{"taxonomy":"bibelstelle","embeddable":true,"href":"https:\/\/www.theologie.uzh.ch\/apps\/gpi\/wp-json\/wp\/v2\/bibelstelle?post=2252"}],"curies":[{"name":"wp","href":"https:\/\/api.w.org\/{rel}","templated":true}]}}