{"id":25341,"date":"2025-08-06T08:01:14","date_gmt":"2025-08-06T06:01:14","guid":{"rendered":"https:\/\/www.theologie.uzh.ch\/apps\/gpi\/?p=25341"},"modified":"2025-08-05T14:43:34","modified_gmt":"2025-08-05T12:43:34","slug":"matthaeus-715-21-jeremias-2316-24-romer-814-17","status":"publish","type":"post","link":"https:\/\/www.theologie.uzh.ch\/apps\/gpi\/matthaeus-715-21-jeremias-2316-24-romer-814-17\/","title":{"rendered":"Matth\u00e6us 7,15-21; Jeremias 23,16-24; Romer 8,14-17"},"content":{"rendered":"<h3>8. s\u00f8ndag efter trinitatis | 10.08.2025 |Matth\u00e6us 7,15-21; Jeremias 23,16-24; Romer 8,14-17 | Elof Westergaard |<\/h3>\n<p>&nbsp;<\/p>\n<p><strong>Hvad der kommer af hjertet \u2013 og hvad der kommer fra Gud<\/strong><\/p>\n<p>Hvorn\u00e5r taler man ud af sit eget hjerte og hvorn\u00e5r er der noget st\u00f8rre p\u00e5 spil? Og de to: ens eget hjerte og det, som er stort og sandt, som kommer fra Gud, er vel ikke n\u00f8dvendigvis kun at betragte som mods\u00e6tninger?<\/p>\n<p>Indimellem bliver kontrasten sat h\u00e5rdt op i det bibelske univers mellem Gud og verden, mellem lys og m\u00f8rke, men virkeligheden er ofte mere brydningsfyldt og mods\u00e6tningsfyldt, mere kompliceret end som s\u00e5.<\/p>\n<p>Tag nu f.eks. profeten Jeremias, som i den gammeltestamentlige l\u00e6sning til denne s\u00f8ndag, siger, at vi ikke skal lytte til profeternes mund, samtidig med, at det er ham, en Guds profet, som siger det. Kan vi s\u00e5 stole p\u00e5 det, profeten Jeremias siger?<\/p>\n<p>Vi skal lytte til de stemmer, der lyder. Men der vil ogs\u00e5 altid v\u00e6re brug for kritisk sans i den menneskelige verden. Stemmerne skal pr\u00f8ves.<\/p>\n<p>&nbsp;<\/p>\n<p style=\"text-align: center;\">\u00a4<\/p>\n<p>Profeten Jeremias er en sand profet, og han har meget p\u00e5 hjertet.<\/p>\n<p>Jeremias s\u00e6tter netop en skelnen op mellem det, som kommer fra menneskets hjerte og det, der kommer fra Guds mund.<\/p>\n<p>Det, som kommer fra menneskets eget hjerte virker oftest autentisk p\u00e5 os, og er noget vi t\u00e6nker positivt om; men profeten Jeremias, siger, at det ikke er nok, at det kommer fra hjertet. Og det har han ret i.<\/p>\n<p>I den p\u00e5 en og samme gang meget f\u00f8lsomme og meget h\u00e5rde tid, vi lever i, er det ikke nok at v\u00e6re i sine f\u00f8lelsers vold, bygge p\u00e5 det, som bor i menneskets eget hjerte. Der er brug for et blik st\u00f8rre og rigere end mit eget, og ikke mindst en selvforst\u00e5else, hvor jeg ikke selv er udgangspunktet og verdens centrum.<\/p>\n<p>&nbsp;<\/p>\n<p style=\"text-align: center;\">\u00a4<\/p>\n<p>Det er netop ogs\u00e5, hvad apostlen Paulus s\u00e5 fint, st\u00e6rkt og vedkommende formulerer i sit brev til romerne p\u00e5 denne s\u00f8ndag:<\/p>\n<p>Paulus taler for, at vi skal lade os drive af Guds \u00e5nd. Drevet af Guds \u00e5nd forst\u00e5r vi os som Guds b\u00f8rn; og er vi Guds b\u00f8rn, er vi ogs\u00e5 arvinger.<\/p>\n<p>Det er uhyre vigtigt, at vi forst\u00e5r os som arvinger. En arving er en, som har f\u00e5et noget givet, f\u00e5et noget at passe p\u00e5 og v\u00e6rne om, bygge videre p\u00e5 og udvikle.<\/p>\n<p>Et barn er desuden et menneske, som lever i en relation med andre. Og er arven givet os af Gud (da Gud er vores far) \u00e5bner der sig en stor og rig verden af denne gave. Her l\u00e6rer vi, at der findes andet og mere end det, som vokser ud af mit eget hjerte.<\/p>\n<p>Drevet af Guds \u00e5nd, som et Guds barn og arving bliver livet her mellem os mennesker pludselig til et m\u00f8dested. Her m\u00f8des hjerterne, Guds hjerte og menneskets hjerte; her \u00e5bnes vores blik for, at der ogs\u00e5 er andre hjerter, som banker, andre sind og tanker, andre perspektiver og forst\u00e5elser i verden. Her l\u00e6rer vi:\u00a0 Se op! Se til siden! Se ned! Du er del af et levende univers.<\/p>\n<p>Evangeliet er s\u00e5ledes h\u00e5befuldt, kaster lys ind over nuet og dagene, som kommer, samtidigt med, at advarslen, som Jesus kommer med i dag, ogs\u00e5 stadig g\u00e6lder: Tag jer i agt for de falske profeter.<\/p>\n<p>&nbsp;<\/p>\n<p>Gl\u00e6delig s\u00f8ndag!<\/p>\n<hr \/>\n<p>Biskop Elof Westergaard<br \/>\nKorsbr\u00f8dregade 7, DK-6760 Ribe<br \/>\nEmail: eve(at)km.dk<\/p>\n","protected":false},"excerpt":{"rendered":"<p>8. s\u00f8ndag efter trinitatis | 10.08.2025 |Matth\u00e6us 7,15-21; Jeremias 23,16-24; Romer 8,14-17 | Elof Westergaard | &nbsp; Hvad der kommer af hjertet \u2013 og hvad der kommer fra Gud Hvorn\u00e5r taler man ud af sit eget hjerte og hvorn\u00e5r er der noget st\u00f8rre p\u00e5 spil? Og de to: ens eget hjerte og det, som er [&hellip;]<\/p>\n","protected":false},"author":1,"featured_media":25338,"comment_status":"closed","ping_status":"closed","sticky":false,"template":"","format":"standard","meta":{"footnotes":""},"categories":[36,41,23,462,2,727,157,853,108,111,175,153,447,819,349,3,109],"tags":[],"beitragende":[],"predigtform":[],"predigtreihe":[],"bibelstelle":[],"class_list":["post-25341","post","type-post","status-publish","format-standard","has-post-thumbnail","hentry","category-matthaeus","category-roemer","category-jeremia","category-8-so-n-trinitatis","category-at","category-archiv","category-beitragende","category-bibel","category-current","category-dansk","category-elof-westergaard","category-kapitel-7-chapter-7","category-kapitel-08-chapter-08-roemer","category-kapitel-23-chapter-23-jeremia","category-kasus","category-nt","category-predigten"],"_links":{"self":[{"href":"https:\/\/www.theologie.uzh.ch\/apps\/gpi\/wp-json\/wp\/v2\/posts\/25341","targetHints":{"allow":["GET"]}}],"collection":[{"href":"https:\/\/www.theologie.uzh.ch\/apps\/gpi\/wp-json\/wp\/v2\/posts"}],"about":[{"href":"https:\/\/www.theologie.uzh.ch\/apps\/gpi\/wp-json\/wp\/v2\/types\/post"}],"author":[{"embeddable":true,"href":"https:\/\/www.theologie.uzh.ch\/apps\/gpi\/wp-json\/wp\/v2\/users\/1"}],"replies":[{"embeddable":true,"href":"https:\/\/www.theologie.uzh.ch\/apps\/gpi\/wp-json\/wp\/v2\/comments?post=25341"}],"version-history":[{"count":1,"href":"https:\/\/www.theologie.uzh.ch\/apps\/gpi\/wp-json\/wp\/v2\/posts\/25341\/revisions"}],"predecessor-version":[{"id":25342,"href":"https:\/\/www.theologie.uzh.ch\/apps\/gpi\/wp-json\/wp\/v2\/posts\/25341\/revisions\/25342"}],"wp:featuredmedia":[{"embeddable":true,"href":"https:\/\/www.theologie.uzh.ch\/apps\/gpi\/wp-json\/wp\/v2\/media\/25338"}],"wp:attachment":[{"href":"https:\/\/www.theologie.uzh.ch\/apps\/gpi\/wp-json\/wp\/v2\/media?parent=25341"}],"wp:term":[{"taxonomy":"category","embeddable":true,"href":"https:\/\/www.theologie.uzh.ch\/apps\/gpi\/wp-json\/wp\/v2\/categories?post=25341"},{"taxonomy":"post_tag","embeddable":true,"href":"https:\/\/www.theologie.uzh.ch\/apps\/gpi\/wp-json\/wp\/v2\/tags?post=25341"},{"taxonomy":"beitragende","embeddable":true,"href":"https:\/\/www.theologie.uzh.ch\/apps\/gpi\/wp-json\/wp\/v2\/beitragende?post=25341"},{"taxonomy":"predigtform","embeddable":true,"href":"https:\/\/www.theologie.uzh.ch\/apps\/gpi\/wp-json\/wp\/v2\/predigtform?post=25341"},{"taxonomy":"predigtreihe","embeddable":true,"href":"https:\/\/www.theologie.uzh.ch\/apps\/gpi\/wp-json\/wp\/v2\/predigtreihe?post=25341"},{"taxonomy":"bibelstelle","embeddable":true,"href":"https:\/\/www.theologie.uzh.ch\/apps\/gpi\/wp-json\/wp\/v2\/bibelstelle?post=25341"}],"curies":[{"name":"wp","href":"https:\/\/api.w.org\/{rel}","templated":true}]}}